{"id":99299,"date":"2013-09-28T14:10:24","date_gmt":"2013-09-28T14:10:24","guid":{"rendered":"http:\/\/diariodominicano.ddns.net\/?p=99299"},"modified":"2013-09-28T14:10:24","modified_gmt":"2013-09-28T14:10:24","slug":"con-entrada-en-servicio-de-ii-y-iii-etapa-de-redes-electricas-la-uers-completa-electrificacion-de-la-cuchilla","status":"publish","type":"post","link":"https:\/\/diariodominicano.com\/?p=99299","title":{"rendered":"Con entrada en servicio de II y III etapa de Redes El\u00e9ctricas, la UERS completa electrificaci\u00f3n de La Cuchilla"},"content":{"rendered":"<p><body><\/p>\n<p><img decoding=\"async\" src=\"img3\/cinta.jpg\" \/>  <\/p>\n<p><span class=\"text1noticias\">La Cuchilla Arroyo Tabaco, El Seibo, RD, 28 de Septiembre.-Tal y como se le prometi\u00f3 a los residentes de esta comunidad, la Unidad de Electrificaci\u00f3n Rural y Suburbana (UERS), apenas dos meses  despu\u00e9s de haber entregado la primera, inaugur\u00f3 la segunda y tercera etapa de las Redes El\u00e9ctricas que benefician a trescientos dominicanos de esta demarcaci\u00f3n. <\/span><\/p>\n<\/p>\n<p><span class=\"text1noticias\">Construida con una inversi\u00f3n superior a los cuatro millones de pesos, La Cuchilla de Arroyo Tabaco es una laboriosa comunidad, productora de c\u00edtricos, cacao, aguacate y mangos y con la puesta en servicio de las dos etapas concluye su electrificaci\u00f3n total, lo que llena de regocijo a sus moradores. <\/span><\/p>\n<\/p>\n<p><span class=\"text1noticias\">Seg\u00fan la titular de la UERS, licenciada Thelma Eusebio de L\u00f3pez, la aspiraci\u00f3n del gobierno es que al a\u00f1o 2016, sean iluminados 142 mil hogares a nivel nacional que a\u00fan permanecen a oscuras.<\/span><\/p>\n<\/p>\n<p><span class=\"text1noticias\">\u00abCuando esa meta sea cumplida, el gobierno que preside el licenciado Danilo Medina, tendr\u00e1 la satisfacci\u00f3n de haber logrado la cobertura el\u00e9ctrica total del pa\u00eds y consecuentemente, la oportunidad de mejorar calidad de vida de m\u00e1s de setecientos mil dominicanos\u00bb, resalt\u00f3 Eusebio de L\u00f3pez. <\/span><\/p>\n<p><span class=\"text1noticias\">    <\/span><\/p>\n<p><span class=\"text1noticias\">Indic\u00f3 que en ese sentido, la UERS no descansa en su af\u00e1n de electrificar todas las comunidades y ?detall\u00f3- que la zona Este es centro focal de ese inter\u00e9s en estos momentos con el desmonte territorial total de \u00abun vecino de ustedes, la provincia Hato Mayor\u00bb, apunt\u00f3 la incumbente. <\/span><\/p>\n<\/p>\n<p><span class=\"text1noticias\">Con seis kil\u00f3metros de l\u00edneas de media y baja tensi\u00f3n, el sistema consta de 20 l\u00e1mparas que est\u00e1n distribuidas a lo largo de 40 postes con cuatro transformadores para una potencia instalada de 82.5 Kva.<\/span><\/p>\n<\/p>\n<p><span class=\"text1noticias\">En el acto qued\u00f3 juramentado el Comit\u00e9 de Vigilancia, compuesto por los se\u00f1ores Marino Mercedes, Gregorio Solano, Te\u00f3filo Castro y Ram\u00f3n Mej\u00eda, enlaces comunitarios, mientras que las palabras de gracias estuvieron a cargo del se\u00f1or  Mario Mercedes quien ponder\u00f3 los esfuerzos de la UERS para cumplir el compromiso asumido con los comunitarios.(HG)<\/span>.<\/p>\n<h6> 2013-09-28 14:10:24 <\/h6>\n<p><!--\n<link rel=\"stylesheet\" href=\"css\/bootstrap.min.css\">\n\n\n<ul class=\"pagination\">\n\t    \n\t\n\n<li >\n\t<a href='?page_no=14770'>Previous<\/a>\n\t<\/li>\n\n\n       \n    \n\n<li><a href='?page_no=1'>1<\/a><\/li>\n\n\n\n<li><a href='?page_no=2'>2<\/a><\/li>\n\n\n\n<li><a>...<\/a><\/li>\n\n\n\n<li><a href='?page_no=14769'>14769<\/a><\/li>\n\n\n\n<li><a href='?page_no=14770'>14770<\/a><\/li>\n\n\n\n<li class='active'><a>14771<\/a><\/li>\n\n\n\n<li><a href='?page_no=14772'>14772<\/a><\/li>\n\n\n\n<li><a href='?page_no=14773'>14773<\/a><\/li>\n\n\n\n<li><a>...<\/a><\/li>\n\n\n\n<li><a href='?page_no=30472'>30472<\/a><\/li>\n\n\n\n<li><a href='?page_no=30473'>30473<\/a><\/li>\n\n    \n\t\n\n<li >\n\t<a href='?page_no=14772'>Next<\/a>\n\t<\/li>\n\n\n    \n\n<li><a href='?page_no=30473'>Last &rsaquo;&rsaquo;<\/a><\/li>\n\n<\/ul>\n\n\n--><br \/>\n<\/body><\/p>\n","protected":false},"excerpt":{"rendered":"<p>La Cuchilla Arroyo Tabaco, El Seibo, RD, 28 de Septiembre.-Tal y como se le prometi\u00f3 a los residentes de esta comunidad, la Unidad de Electrificaci\u00f3n Rural y Suburbana (UERS), apenas dos meses despu\u00e9s de haber entregado la primera, inaugur\u00f3 la segunda y tercera etapa de las Redes El\u00e9ctricas que benefician a trescientos dominicanos de esta [&hellip;]<\/p>\n","protected":false},"author":3,"featured_media":0,"comment_status":"open","ping_status":"open","sticky":false,"template":"","format":"standard","meta":{"footnotes":""},"categories":[18],"tags":[],"class_list":["post-99299","post","type-post","status-publish","format-standard","hentry","category-economia"],"_links":{"self":[{"href":"https:\/\/diariodominicano.com\/index.php?rest_route=\/wp\/v2\/posts\/99299","targetHints":{"allow":["GET"]}}],"collection":[{"href":"https:\/\/diariodominicano.com\/index.php?rest_route=\/wp\/v2\/posts"}],"about":[{"href":"https:\/\/diariodominicano.com\/index.php?rest_route=\/wp\/v2\/types\/post"}],"author":[{"embeddable":true,"href":"https:\/\/diariodominicano.com\/index.php?rest_route=\/wp\/v2\/users\/3"}],"replies":[{"embeddable":true,"href":"https:\/\/diariodominicano.com\/index.php?rest_route=%2Fwp%2Fv2%2Fcomments&post=99299"}],"version-history":[{"count":0,"href":"https:\/\/diariodominicano.com\/index.php?rest_route=\/wp\/v2\/posts\/99299\/revisions"}],"wp:attachment":[{"href":"https:\/\/diariodominicano.com\/index.php?rest_route=%2Fwp%2Fv2%2Fmedia&parent=99299"}],"wp:term":[{"taxonomy":"category","embeddable":true,"href":"https:\/\/diariodominicano.com\/index.php?rest_route=%2Fwp%2Fv2%2Fcategories&post=99299"},{"taxonomy":"post_tag","embeddable":true,"href":"https:\/\/diariodominicano.com\/index.php?rest_route=%2Fwp%2Fv2%2Ftags&post=99299"}],"curies":[{"name":"wp","href":"https:\/\/api.w.org\/{rel}","templated":true}]}}