{"id":99298,"date":"2013-09-28T23:38:44","date_gmt":"2013-09-28T23:38:44","guid":{"rendered":"http:\/\/diariodominicano.ddns.net\/?p=99298"},"modified":"2013-09-28T23:38:44","modified_gmt":"2013-09-28T23:38:44","slug":"montas-plantea-necesidad-de-reformar-ley-de-seguridad-social","status":"publish","type":"post","link":"https:\/\/diariodominicano.com\/?p=99298","title":{"rendered":"Mont\u00e1s plantea necesidad de reformar Ley de Seguridad Social"},"content":{"rendered":"<p><body><\/p>\n<p><img decoding=\"async\" src=\"img3\/Temo00001.jpg\" \/><br \/><img decoding=\"async\" src=\"img3\/temo00033.jpg\" \/>  <\/p>\n<\/p>\n<p><span class=\"text1noticias\">SAN FRANCISCO DE MACOR\u00cdS, RD, 28 de Septiembre.-El ministro de Econom\u00eda, Planificaci\u00f3n y Desarrollo,  Tem\u00edstocles Mont\u00e1s, afirm\u00f3 que en breve plazo es necesario reformar la Ley 87-01  que cre\u00f3 el Sistema Dominicano de Seguridad Social para dotarlo de herramientas de efectiva prevenci\u00f3n, asistencia facultativa y jubilaci\u00f3n a todos los asalariados de Rep\u00fablica Dominicana.<\/span><\/p>\n<\/p>\n<p><span class=\"text1noticias\">   Para Mont\u00e1s \u00abser\u00e1 necesario fortalecer las capacidades de investigaci\u00f3n en salud, desarrollar e implementar un sistema integral de prevenci\u00f3n de los riesgos laborales, desarrollar mecanismos que faciliten la \u00e1gil prestaci\u00f3n de servicios a las poblaciones desplazadas por desastres y asegurar la provisi\u00f3n de servicios de salud mental de calidad a la poblaci\u00f3n que lo requiera\u00bb.<\/span><\/p>\n<\/p>\n<p><span class=\"text1noticias\">   Al pronunciar un discurso en la inauguraci\u00f3n del \u00abV Congreso M\u00e9dico de la Provincia Duarte\u00bb, al cual fue invitado de honor, Mont\u00e1s expres\u00f3 que es necesario superar las deficiencias que se han evidenciado a lo largo de 10 a\u00f1os de aplicaci\u00f3n de la Ley de Seguridad Social para poder completar el proceso de universalizaci\u00f3n de la protecci\u00f3n para toda la poblaci\u00f3n.<\/span><\/p>\n<\/p>\n<p><span class=\"text1noticias\">   El ministro indic\u00f3 que ahora que el Congreso Nacional ha abierto una discusi\u00f3n para promover una reforma de la Ley de Seguridad Social, es una oportunidad para \u00abasegurar la provisi\u00f3n efectiva de informaci\u00f3n a la poblaci\u00f3n en torno a su derecho a la salud y a la seguridad social en salud\u00bb.<\/span><\/p>\n<p><span class=\"text1noticias\">   Mont\u00e1s se\u00f1al\u00f3 que es necesario superar el modelo  actual de atenci\u00f3n a los asegurados, aumentando la capacidad profesional para el primer nivel y disponer de un sistema de supervisi\u00f3n para el cumplimiento de los protocolos de actuaci\u00f3n por parte del personal cl\u00ednico.<\/span><\/p>\n<\/p>\n<p><span class=\"text1noticias\">   \u00abPara los nuevos cambios ser\u00e1 necesario desarrollar  unidades de atenci\u00f3n a la violencia basada en el g\u00e9nero, violencia intrafamiliar y sexual, donde que se reporte a las autoridades competentes, para garantizar una soluci\u00f3n a cada caso particular\u00bb, precis\u00f3 Mont\u00e1s, seg\u00fan una nota de la Unidad de Comunicaciones del Ministerio de Econom\u00eda. <\/span><\/p>\n<\/p>\n<p><span class=\"text1noticias\">   Recomend\u00f3 reforzar las funciones de rector\u00eda, regulaci\u00f3n y supervisi\u00f3n de las instancias del Sistema Dominicano de Seguridad Social para asegurar la sostenibilidad financiera, calidad, equidad, oportunidad, pertinencia, eficiencia de costos y expansi\u00f3n de la canasta de prestaciones del Plan B\u00e1sico de Salud. <\/span><\/p>\n<\/p>\n<p><span class=\"text1noticias\">   Mont\u00e1s comparti\u00f3 opiniones junto a destacados m\u00e9dicos de la regi\u00f3n y adem\u00e1s recibi\u00f3 una resoluci\u00f3n  donde  declaro \u00abvisitante distinguido\u00bb en su calidad de ministro de Econom\u00eda, Planificaci\u00f3n y Desarrollo.<\/span><\/p>\n<p><span class=\"text1noticias\">   La resoluci\u00f3n fue le\u00edda por el vicepresidente del Concejo de Regidores, Juan de la  Cruz, quien  inform\u00f3 que fue una decisi\u00f3n adoptada por unanimidad \u00abpor la buena labor que ha desempe\u00f1ado Mont\u00e1s en beneficio de esta localidad\u00bb.<\/span><\/p>\n<\/p>\n<p><span class=\"text1noticias\">   Mont\u00e1s expres\u00f3 su agradecimiento al cabildo de San Francisco de Macor\u00eds por declararlo \u00abvisitante distinguido\u00bb y prometi\u00f3 continuar aportando ideas, planes y recursos para el desarrollo de esa pujante comunidad.<\/span><\/p>\n<\/p>\n<\/p>\n<h6> 2013-09-28 23:38:44 <\/h6>\n<p><!--\n<link rel=\"stylesheet\" href=\"css\/bootstrap.min.css\">\n\n\n<ul class=\"pagination\">\n\t    \n\t\n\n<li >\n\t<a href='?page_no=14769'>Previous<\/a>\n\t<\/li>\n\n\n       \n    \n\n<li><a href='?page_no=1'>1<\/a><\/li>\n\n\n\n<li><a href='?page_no=2'>2<\/a><\/li>\n\n\n\n<li><a>...<\/a><\/li>\n\n\n\n<li><a href='?page_no=14768'>14768<\/a><\/li>\n\n\n\n<li><a href='?page_no=14769'>14769<\/a><\/li>\n\n\n\n<li class='active'><a>14770<\/a><\/li>\n\n\n\n<li><a href='?page_no=14771'>14771<\/a><\/li>\n\n\n\n<li><a href='?page_no=14772'>14772<\/a><\/li>\n\n\n\n<li><a>...<\/a><\/li>\n\n\n\n<li><a href='?page_no=30472'>30472<\/a><\/li>\n\n\n\n<li><a href='?page_no=30473'>30473<\/a><\/li>\n\n    \n\t\n\n<li >\n\t<a href='?page_no=14771'>Next<\/a>\n\t<\/li>\n\n\n    \n\n<li><a href='?page_no=30473'>Last &rsaquo;&rsaquo;<\/a><\/li>\n\n<\/ul>\n\n\n--><br \/>\n<\/body><\/p>\n","protected":false},"excerpt":{"rendered":"<p>SAN FRANCISCO DE MACOR\u00cdS, RD, 28 de Septiembre.-El ministro de Econom\u00eda, Planificaci\u00f3n y Desarrollo, Tem\u00edstocles Mont\u00e1s, afirm\u00f3 que en breve plazo es necesario reformar la Ley 87-01 que cre\u00f3 el Sistema Dominicano de Seguridad Social para dotarlo de herramientas de efectiva prevenci\u00f3n, asistencia facultativa y jubilaci\u00f3n a todos los asalariados de Rep\u00fablica Dominicana. Para Mont\u00e1s [&hellip;]<\/p>\n","protected":false},"author":3,"featured_media":0,"comment_status":"open","ping_status":"open","sticky":false,"template":"","format":"standard","meta":{"footnotes":""},"categories":[18],"tags":[],"class_list":["post-99298","post","type-post","status-publish","format-standard","hentry","category-economia"],"_links":{"self":[{"href":"https:\/\/diariodominicano.com\/index.php?rest_route=\/wp\/v2\/posts\/99298","targetHints":{"allow":["GET"]}}],"collection":[{"href":"https:\/\/diariodominicano.com\/index.php?rest_route=\/wp\/v2\/posts"}],"about":[{"href":"https:\/\/diariodominicano.com\/index.php?rest_route=\/wp\/v2\/types\/post"}],"author":[{"embeddable":true,"href":"https:\/\/diariodominicano.com\/index.php?rest_route=\/wp\/v2\/users\/3"}],"replies":[{"embeddable":true,"href":"https:\/\/diariodominicano.com\/index.php?rest_route=%2Fwp%2Fv2%2Fcomments&post=99298"}],"version-history":[{"count":0,"href":"https:\/\/diariodominicano.com\/index.php?rest_route=\/wp\/v2\/posts\/99298\/revisions"}],"wp:attachment":[{"href":"https:\/\/diariodominicano.com\/index.php?rest_route=%2Fwp%2Fv2%2Fmedia&parent=99298"}],"wp:term":[{"taxonomy":"category","embeddable":true,"href":"https:\/\/diariodominicano.com\/index.php?rest_route=%2Fwp%2Fv2%2Fcategories&post=99298"},{"taxonomy":"post_tag","embeddable":true,"href":"https:\/\/diariodominicano.com\/index.php?rest_route=%2Fwp%2Fv2%2Ftags&post=99298"}],"curies":[{"name":"wp","href":"https:\/\/api.w.org\/{rel}","templated":true}]}}