{"id":99296,"date":"2013-09-29T12:38:41","date_gmt":"2013-09-29T12:38:41","guid":{"rendered":"http:\/\/diariodominicano.ddns.net\/?p=99296"},"modified":"2013-09-29T12:38:41","modified_gmt":"2013-09-29T12:38:41","slug":"industriales-latinoamericanos-se-reunen-para-debatir-como-apoyar-la-cohesion-social","status":"publish","type":"post","link":"https:\/\/diariodominicano.com\/?p=99296","title":{"rendered":"Industriales Latinoamericanos se re\u00fanen para debatir c\u00f3mo apoyar la cohesi\u00f3n social"},"content":{"rendered":"<p><body><\/p>\n<p><img decoding=\"async\" src=\"img3\/Ligia.jpg\" \/>  <\/p>\n<p><span class=\"text1noticias\">Santo Domingo, RD, 29 de Septiembre.-Para Rep\u00fablica Dominicana el contexto internacional se est\u00e1 tornando menos adverso y comienzan a abrirse posibilidades para aprovechar realmente los acuerdos comerciales ya suscritos con los grandes bloques econ\u00f3micos (Estados Unidos y Europa), expres\u00f3 Ligia Bonetti, al participar en el Directorio de la Asociaci\u00f3n de Industriales Latinoamericanos, celebrado en M\u00e9xico.<\/span><\/p>\n<p><span class=\"text1noticias\"> <\/span><\/p>\n<p><span class=\"text1noticias\">La presidente de la AIRD consider\u00f3 que un entorno internacional m\u00e1s positivo podr\u00eda impulsar la demanda de bienes industriales y que se requiere, por lo tanto, seguir trabajando internamente para mejorar el contexto productivo.<\/span><\/p>\n<p><span class=\"text1noticias\"> <\/span><\/p>\n<p><span class=\"text1noticias\">Las declaraciones de Bonetti se produjeron en el marco de la reuni\u00f3n de la Junta Directiva de la Asociaci\u00f3n de Industriales Latinoamericanos (AILA), en la que participaron los presidentes y principales ejecutivos de las Asociaciones Industriales de Ecuador, Per\u00fa, M\u00e9xico, Chile, Venezuela, Colombia, Centroam\u00e9rica, Brasil, entre otros, y se discutieron los principales retos que est\u00e1n enfrentando los pa\u00edses en materia de integraci\u00f3n comercial y productividad.<\/span><\/p>\n<p><span class=\"text1noticias\"> <\/span><\/p>\n<p><span class=\"text1noticias\">En dicho foro se celebr\u00f3 adem\u00e1s un encuentro con expresidentes de varios pa\u00edses latinoamericanos en el que debatieron las formas en que las empresas privadas pueden ayudar a promover la cohesi\u00f3n social en sus pa\u00edses y la reducci\u00f3n de las desigualdades sociales. Entre los expresidentes presentes en la reuni\u00f3n se encontraban: Vicente Fox de M\u00e9xico, \u00c1lvaro Uribe de Colombia, Eduardo Frei de Chile, Alejandro Toledo de Per\u00fa, entre otros.<\/span><\/p>\n<p><span class=\"text1noticias\"> <\/span><\/p>\n<p><span class=\"text1noticias\">Bonetti indic\u00f3 que se hace necesario formalizar el comercio bilateral con Hait\u00ed en condiciones de flexibilidad, pero dentro de normas estables de calidad y supervisi\u00f3n.<\/span><\/p>\n<p><span class=\"text1noticias\"> <\/span><\/p>\n<p><span class=\"text1noticias\">Al exponer sobre las condiciones internas se\u00f1al\u00f3 que sigue siendo una amenaza la fragilidad del sistema el\u00e9ctrico y su elevado costo, permaneciendo como una de las trabas principales al desarrollo de las actividades productivas de la naci\u00f3n. Adem\u00e1s, consider\u00f3 que \u00abse hace necesaria una profunda reforma del mercado laboral para dotarlo de mayor flexibilidad y facilitar la creaci\u00f3n de empleo formal, porque la extensi\u00f3n de la informalidad es la manera m\u00e1s segura de prolongar y profundizar la pobreza\u00bb.<\/span><\/p>\n<p><span class=\"text1noticias\"> <\/span><\/p>\n<p><span class=\"text1noticias\">Afirm\u00f3 que los pactos contemplados por la Estrategia Nacional de Desarrollo son vitales para la sobrevivencia del aparato productivo: educativo, electricidad y fiscal. En ese sentido, asegur\u00f3 que \u00abtambi\u00e9n son menos adversas las condiciones institucionales internas en el sentido de que se est\u00e1 buscando, en estos momentos, llegar al Pacto por la Educaci\u00f3n en el seno del Consejo Econ\u00f3mico y Social, pero con la voluntad expresa del Gobierno del presidente Danilo Medina\u00bb.(HG)<\/span>.<\/p>\n<h6> 2013-09-29 12:38:41 <\/h6>\n<p><!--\n<link rel=\"stylesheet\" href=\"css\/bootstrap.min.css\">\n\n\n<ul class=\"pagination\">\n\t    \n\t\n\n<li >\n\t<a href='?page_no=14768'>Previous<\/a>\n\t<\/li>\n\n\n       \n    \n\n<li><a href='?page_no=1'>1<\/a><\/li>\n\n\n\n<li><a href='?page_no=2'>2<\/a><\/li>\n\n\n\n<li><a>...<\/a><\/li>\n\n\n\n<li><a href='?page_no=14767'>14767<\/a><\/li>\n\n\n\n<li><a href='?page_no=14768'>14768<\/a><\/li>\n\n\n\n<li class='active'><a>14769<\/a><\/li>\n\n\n\n<li><a href='?page_no=14770'>14770<\/a><\/li>\n\n\n\n<li><a href='?page_no=14771'>14771<\/a><\/li>\n\n\n\n<li><a>...<\/a><\/li>\n\n\n\n<li><a href='?page_no=30472'>30472<\/a><\/li>\n\n\n\n<li><a href='?page_no=30473'>30473<\/a><\/li>\n\n    \n\t\n\n<li >\n\t<a href='?page_no=14770'>Next<\/a>\n\t<\/li>\n\n\n    \n\n<li><a href='?page_no=30473'>Last &rsaquo;&rsaquo;<\/a><\/li>\n\n<\/ul>\n\n\n--><br \/>\n<\/body><\/p>\n","protected":false},"excerpt":{"rendered":"<p>Santo Domingo, RD, 29 de Septiembre.-Para Rep\u00fablica Dominicana el contexto internacional se est\u00e1 tornando menos adverso y comienzan a abrirse posibilidades para aprovechar realmente los acuerdos comerciales ya suscritos con los grandes bloques econ\u00f3micos (Estados Unidos y Europa), expres\u00f3 Ligia Bonetti, al participar en el Directorio de la Asociaci\u00f3n de Industriales Latinoamericanos, celebrado en M\u00e9xico. [&hellip;]<\/p>\n","protected":false},"author":3,"featured_media":0,"comment_status":"open","ping_status":"open","sticky":false,"template":"","format":"standard","meta":{"footnotes":""},"categories":[18],"tags":[],"class_list":["post-99296","post","type-post","status-publish","format-standard","hentry","category-economia"],"_links":{"self":[{"href":"https:\/\/diariodominicano.com\/index.php?rest_route=\/wp\/v2\/posts\/99296","targetHints":{"allow":["GET"]}}],"collection":[{"href":"https:\/\/diariodominicano.com\/index.php?rest_route=\/wp\/v2\/posts"}],"about":[{"href":"https:\/\/diariodominicano.com\/index.php?rest_route=\/wp\/v2\/types\/post"}],"author":[{"embeddable":true,"href":"https:\/\/diariodominicano.com\/index.php?rest_route=\/wp\/v2\/users\/3"}],"replies":[{"embeddable":true,"href":"https:\/\/diariodominicano.com\/index.php?rest_route=%2Fwp%2Fv2%2Fcomments&post=99296"}],"version-history":[{"count":0,"href":"https:\/\/diariodominicano.com\/index.php?rest_route=\/wp\/v2\/posts\/99296\/revisions"}],"wp:attachment":[{"href":"https:\/\/diariodominicano.com\/index.php?rest_route=%2Fwp%2Fv2%2Fmedia&parent=99296"}],"wp:term":[{"taxonomy":"category","embeddable":true,"href":"https:\/\/diariodominicano.com\/index.php?rest_route=%2Fwp%2Fv2%2Fcategories&post=99296"},{"taxonomy":"post_tag","embeddable":true,"href":"https:\/\/diariodominicano.com\/index.php?rest_route=%2Fwp%2Fv2%2Ftags&post=99296"}],"curies":[{"name":"wp","href":"https:\/\/api.w.org\/{rel}","templated":true}]}}