{"id":99295,"date":"2013-09-29T12:42:53","date_gmt":"2013-09-29T12:42:53","guid":{"rendered":"http:\/\/diariodominicano.ddns.net\/?p=99295"},"modified":"2013-09-29T12:42:53","modified_gmt":"2013-09-29T12:42:53","slug":"denuncia-que-desorden-en-el-transporte-y-crisis-energetica-tienen-en-zozobra-al-empresariado-nacional","status":"publish","type":"post","link":"https:\/\/diariodominicano.com\/?p=99295","title":{"rendered":"Denuncia que desorden en el transporte y crisis energ\u00e9tica tienen en zozobra al empresariado nacional"},"content":{"rendered":"<p><body><\/p>\n<p><img decoding=\"async\" src=\"img3\/cabrera.JPG\" \/>  <\/p>\n<p><span class=\"text1noticias\">Santo Domingo, RD, 29 de Septiembre.-El empresario Manuel Cabrera afirm\u00f3 que los principales  problemas que afectan la producci\u00f3n nacional como son el de  transporte y la energ\u00eda electiva, no han sido resuelto por falta de voluntad pol\u00edtica.<\/span><\/p>\n<\/p>\n<p><span class=\"text1noticias\">Al participar en la entrevista central del programa Agenda Semanal que produce Balbueno Medina  todos los s\u00e1bados a las 12 del mediod\u00eda por Santo Domingo Tv, canales 69 de UHF y 24 de los sistemas nacional de cable, el ex presidente de la Asociaci\u00f3n de Industriales de Herrera  y provincia Santo Domingo, AIHE, inform\u00f3 que hasta el momento esos dos sectores han sido liderados por empresarios a los cuales los gobiernos no han querido enfrentar por razones pol\u00edticas.<\/span><\/p>\n<\/p>\n<p><span class=\"text1noticias\">Manuel Cabrera aclar\u00f3 sin embargo que al presidente Danilo Medina se le ha visto la clara intenci\u00f3n de cambiar la situaci\u00f3n por la que traviesa el sistema energ\u00e9tico dominicano y se mostr\u00f3 esperanzado de que en su discurso del pr\u00f3ximo mes de febrero del 2014, haga un anuncio similar al que hizo con respecto al contrato de la Barrick Gold.<\/span><\/p>\n<\/p>\n<p><span class=\"text1noticias\">El dirigente empresarial, sostuvo que quienes manejan el transporte son empresarios y pol\u00edticos a la vez y que eso ha impedido que los presidentes que ha tenido la Rep\u00fablica los hayan enfrentado por no correr el riesgo de perder popularidad ante la poblaci\u00f3n .  <\/span><\/p>\n<\/p>\n<p><span class=\"text1noticias\">Sin embargo, el empresario Manuel Cabrera afirm\u00f3 que la situaci\u00f3n de desorden general en que se encuentran tanto el transporte publico de pasajeros como el transporte de cargas le ha estado generando muchos problemas a la poblaci\u00f3n dominicana y a los sectores productivos del pa\u00eds, debido a que han encarecido el estado de vida de las personas y los bienes y servicios que ellos consumen.<\/span><\/p>\n<\/p>\n<p><span class=\"text1noticias\">Cabrera, asegur\u00f3 que si en la Rep\u00fablica Dominicana no existiera el monopolio que hay actualmente en el transporte de cargas, la poblaci\u00f3n dominicana no estar\u00eda comprando alimentos tan caros como los que recibe en la actualidad, debido a lo costoso que les resulta a las empresas utilizar los servicios de quienes les transportan sus comodites.<\/span><\/p>\n<\/p>\n<p><span class=\"text1noticias\">El ex presidente de la AIHE, denuncio  que debido a ese monopolio que existe en el transporte de cargas, a los empresarios se les hace dif\u00edcil producir mas barato para la poblaci\u00f3n consumidora, debido a que cuando un empresario decide sacar su mercanc\u00eda de los puertos en su propio transporte, los llamados sindicatos del transporte se lo apedrean o se lo queman para que no puedan sacar las materias prima de las aduanas.(HG)<\/span>.<\/p>\n<h6> 2013-09-29 12:42:53 <\/h6>\n<p><!--\n<link rel=\"stylesheet\" href=\"css\/bootstrap.min.css\">\n\n\n<ul class=\"pagination\">\n\t    \n\t\n\n<li >\n\t<a href='?page_no=14767'>Previous<\/a>\n\t<\/li>\n\n\n       \n    \n\n<li><a href='?page_no=1'>1<\/a><\/li>\n\n\n\n<li><a href='?page_no=2'>2<\/a><\/li>\n\n\n\n<li><a>...<\/a><\/li>\n\n\n\n<li><a href='?page_no=14766'>14766<\/a><\/li>\n\n\n\n<li><a href='?page_no=14767'>14767<\/a><\/li>\n\n\n\n<li class='active'><a>14768<\/a><\/li>\n\n\n\n<li><a href='?page_no=14769'>14769<\/a><\/li>\n\n\n\n<li><a href='?page_no=14770'>14770<\/a><\/li>\n\n\n\n<li><a>...<\/a><\/li>\n\n\n\n<li><a href='?page_no=30472'>30472<\/a><\/li>\n\n\n\n<li><a href='?page_no=30473'>30473<\/a><\/li>\n\n    \n\t\n\n<li >\n\t<a href='?page_no=14769'>Next<\/a>\n\t<\/li>\n\n\n    \n\n<li><a href='?page_no=30473'>Last &rsaquo;&rsaquo;<\/a><\/li>\n\n<\/ul>\n\n\n--><br \/>\n<\/body><\/p>\n","protected":false},"excerpt":{"rendered":"<p>Santo Domingo, RD, 29 de Septiembre.-El empresario Manuel Cabrera afirm\u00f3 que los principales problemas que afectan la producci\u00f3n nacional como son el de transporte y la energ\u00eda electiva, no han sido resuelto por falta de voluntad pol\u00edtica. Al participar en la entrevista central del programa Agenda Semanal que produce Balbueno Medina todos los s\u00e1bados a [&hellip;]<\/p>\n","protected":false},"author":3,"featured_media":0,"comment_status":"open","ping_status":"open","sticky":false,"template":"","format":"standard","meta":{"footnotes":""},"categories":[18],"tags":[],"class_list":["post-99295","post","type-post","status-publish","format-standard","hentry","category-economia"],"_links":{"self":[{"href":"https:\/\/diariodominicano.com\/index.php?rest_route=\/wp\/v2\/posts\/99295","targetHints":{"allow":["GET"]}}],"collection":[{"href":"https:\/\/diariodominicano.com\/index.php?rest_route=\/wp\/v2\/posts"}],"about":[{"href":"https:\/\/diariodominicano.com\/index.php?rest_route=\/wp\/v2\/types\/post"}],"author":[{"embeddable":true,"href":"https:\/\/diariodominicano.com\/index.php?rest_route=\/wp\/v2\/users\/3"}],"replies":[{"embeddable":true,"href":"https:\/\/diariodominicano.com\/index.php?rest_route=%2Fwp%2Fv2%2Fcomments&post=99295"}],"version-history":[{"count":0,"href":"https:\/\/diariodominicano.com\/index.php?rest_route=\/wp\/v2\/posts\/99295\/revisions"}],"wp:attachment":[{"href":"https:\/\/diariodominicano.com\/index.php?rest_route=%2Fwp%2Fv2%2Fmedia&parent=99295"}],"wp:term":[{"taxonomy":"category","embeddable":true,"href":"https:\/\/diariodominicano.com\/index.php?rest_route=%2Fwp%2Fv2%2Fcategories&post=99295"},{"taxonomy":"post_tag","embeddable":true,"href":"https:\/\/diariodominicano.com\/index.php?rest_route=%2Fwp%2Fv2%2Ftags&post=99295"}],"curies":[{"name":"wp","href":"https:\/\/api.w.org\/{rel}","templated":true}]}}