{"id":99294,"date":"2013-09-29T13:15:47","date_gmt":"2013-09-29T13:15:47","guid":{"rendered":"http:\/\/diariodominicano.ddns.net\/?p=99294"},"modified":"2013-09-29T13:15:47","modified_gmt":"2013-09-29T13:15:47","slug":"senado-pide-a-danilo-mayores-fondos-para-provincias-fronterizas","status":"publish","type":"post","link":"https:\/\/diariodominicano.com\/?p=99294","title":{"rendered":"Senado pide a Danilo mayores fondos para provincias fronterizas"},"content":{"rendered":"<p><body><\/p>\n<p><span class=\"text1noticias\">Santo Domingo, RD, 29 de Septiembre.-El senado le remiti\u00f3 una resoluci\u00f3n al presidente Danilo Medina donde le solicita que dentro del Presupuesto de Gastos de las Instituciones del Gobierno para el a\u00f1o 2014 se consigne un porcentaje importante para obras y acciones en las provincias fronterizas, a fin de enfrentar la precariedad de esa regi\u00f3n.<\/span><\/p>\n<\/p>\n<p><span class=\"text1noticias\">Los senadores, acogiendo una propuesta del senador Adriano S\u00e1nchez Roa, precisan que la Zona Fronteriza registra una baj\u00edsima tasa poblacional, actividad econ\u00f3mica precaria, tasas alarmantes de emigraciones y el menor promedio de vida del pa\u00eds, debido fundamentalmente a las bajas inversiones hechas por el Estado, el empresariado y los organismos de cooperaci\u00f3n internacional.<\/span><\/p>\n<\/p>\n<p><span class=\"text1noticias\">La resoluci\u00f3n, comunicada oficialmente al Primer Mandatario, se\u00f1ala que se prioricen recursos dentro  de los ministerios de Educaci\u00f3n, Salud P\u00fablica, Obras P\u00fablicas, Agricultura, Deportes, Turismo, Mujer, Cultura, Juventud, Medio Ambiente y Educaci\u00f3n Superior, Ciencia y Tecnolog\u00eda, y la Oficina de Obras del Estado.<\/span><\/p>\n<\/p>\n<p><span class=\"text1noticias\">Adem\u00e1s, en el Plan Social de la Presidencia, la Corporaci\u00f3n Dominicana de Empresas El\u00e9ctricas Estatales, el Instituto Nacional de Recursos Hidr\u00e1ulicos (INDRHI), el Instituto Nacional de la Vivienda (INVI), el Instituto Agrario Dominicano (IAD) y la Comisi\u00f3n Presidencial de Apoyo al Desarrollo Provincial.<\/span><\/p>\n<\/p>\n<p><span class=\"text1noticias\">S\u00e1nchez Roa explic\u00f3 que las provincias fronterizas representan una regi\u00f3n atractiva para la inversi\u00f3n rentable, ya que cuenta con el 23.6% de la superficie nacional y la mano de obra menos costosa del pa\u00eds, pero que la ausencia de obras y servicios como carreteras, caminos, electricidad, comunicaci\u00f3n telef\u00f3nica, agua potable, servicios de salud, etc., impide que importantes capitales nacionales y extranjeros puedan llegar para su desarrollo.<\/span><\/p>\n<\/p>\n<p><span class=\"text1noticias\">Los senadores esperan que la colocac\u00f3n clara de partidas en el presupuesto, permita ejecutar las obras y acciones necesarias en el desarrollo de la regi\u00f3n fronteriza, de manera que se pueda superar la extrema pobreza registrada actualmente.<\/span><\/p>\n<\/p>\n<p><span class=\"text1noticias\">Los senadores recordaron el art\u00edculo 10 de la Constituci\u00f3n que, le instruye a los Poderes Legislativo, Ejecutivo y Judicial, a consignar en sus ejecuciones \u00abel supremo y permanente inter\u00e9s nacional de la seguridad, el desarrollo econ\u00f3mico, social y tur\u00edstico en la zona fronteriza, su integraci\u00f3n vial, comunicacional y productiva, as\u00ed como la difusi\u00f3n de los valores patrios y culturales del pueblo dominicano\u00bb.<\/span><\/p>\n<\/p>\n<p><span class=\"text1noticias\">S\u00e1nchez Roa se quej\u00f3 de que en medio de las m\u00e1s extremas precariedades, la zona fronteriza exhibe extraordinarias potencialidades para el desarrollo agroindustrial, tur\u00edstico, textil, forestal y que, por la ausencia de una estrategia clara y que cuente con recursos requeridos, mantiene inexplotado estos subsectores de la econom\u00eda.<\/span><\/p>\n<\/p>\n<p><span class=\"text1noticias\">El senado indic\u00f3 que en los \u00faltimos 9 a\u00f1os ha habido un crecimiento sostenido del Presupuesto de Ingresos y Gastos P\u00fablicos, que no se ha expresado en ese mismo ritmo en la Zona Fronteriza, y que observando el inter\u00e9s por el desarrollo de la regi\u00f3n mostrado por el presidente Medina,  corresponde un incremento presupuestario en las inversiones del 2013 en esa zona.(HG)<\/span>.<\/p>\n<h6> 2013-09-29 13:15:47 <\/h6>\n<p><!--\n<link rel=\"stylesheet\" href=\"css\/bootstrap.min.css\">\n\n\n<ul class=\"pagination\">\n\t    \n\t\n\n<li >\n\t<a href='?page_no=14766'>Previous<\/a>\n\t<\/li>\n\n\n       \n    \n\n<li><a href='?page_no=1'>1<\/a><\/li>\n\n\n\n<li><a href='?page_no=2'>2<\/a><\/li>\n\n\n\n<li><a>...<\/a><\/li>\n\n\n\n<li><a href='?page_no=14765'>14765<\/a><\/li>\n\n\n\n<li><a href='?page_no=14766'>14766<\/a><\/li>\n\n\n\n<li class='active'><a>14767<\/a><\/li>\n\n\n\n<li><a href='?page_no=14768'>14768<\/a><\/li>\n\n\n\n<li><a href='?page_no=14769'>14769<\/a><\/li>\n\n\n\n<li><a>...<\/a><\/li>\n\n\n\n<li><a href='?page_no=30472'>30472<\/a><\/li>\n\n\n\n<li><a href='?page_no=30473'>30473<\/a><\/li>\n\n    \n\t\n\n<li >\n\t<a href='?page_no=14768'>Next<\/a>\n\t<\/li>\n\n\n    \n\n<li><a href='?page_no=30473'>Last &rsaquo;&rsaquo;<\/a><\/li>\n\n<\/ul>\n\n\n--><br \/>\n<\/body><\/p>\n","protected":false},"excerpt":{"rendered":"<p>Santo Domingo, RD, 29 de Septiembre.-El senado le remiti\u00f3 una resoluci\u00f3n al presidente Danilo Medina donde le solicita que dentro del Presupuesto de Gastos de las Instituciones del Gobierno para el a\u00f1o 2014 se consigne un porcentaje importante para obras y acciones en las provincias fronterizas, a fin de enfrentar la precariedad de esa regi\u00f3n. [&hellip;]<\/p>\n","protected":false},"author":3,"featured_media":0,"comment_status":"open","ping_status":"open","sticky":false,"template":"","format":"standard","meta":{"footnotes":""},"categories":[18],"tags":[],"class_list":["post-99294","post","type-post","status-publish","format-standard","hentry","category-economia"],"_links":{"self":[{"href":"https:\/\/diariodominicano.com\/index.php?rest_route=\/wp\/v2\/posts\/99294","targetHints":{"allow":["GET"]}}],"collection":[{"href":"https:\/\/diariodominicano.com\/index.php?rest_route=\/wp\/v2\/posts"}],"about":[{"href":"https:\/\/diariodominicano.com\/index.php?rest_route=\/wp\/v2\/types\/post"}],"author":[{"embeddable":true,"href":"https:\/\/diariodominicano.com\/index.php?rest_route=\/wp\/v2\/users\/3"}],"replies":[{"embeddable":true,"href":"https:\/\/diariodominicano.com\/index.php?rest_route=%2Fwp%2Fv2%2Fcomments&post=99294"}],"version-history":[{"count":0,"href":"https:\/\/diariodominicano.com\/index.php?rest_route=\/wp\/v2\/posts\/99294\/revisions"}],"wp:attachment":[{"href":"https:\/\/diariodominicano.com\/index.php?rest_route=%2Fwp%2Fv2%2Fmedia&parent=99294"}],"wp:term":[{"taxonomy":"category","embeddable":true,"href":"https:\/\/diariodominicano.com\/index.php?rest_route=%2Fwp%2Fv2%2Fcategories&post=99294"},{"taxonomy":"post_tag","embeddable":true,"href":"https:\/\/diariodominicano.com\/index.php?rest_route=%2Fwp%2Fv2%2Ftags&post=99294"}],"curies":[{"name":"wp","href":"https:\/\/api.w.org\/{rel}","templated":true}]}}