{"id":99293,"date":"2013-09-29T13:49:59","date_gmt":"2013-09-29T13:49:59","guid":{"rendered":"http:\/\/diariodominicano.ddns.net\/?p=99293"},"modified":"2013-09-29T13:49:59","modified_gmt":"2013-09-29T13:49:59","slug":"presidente-danilo-medina-autoriza-finaciamiento-insta-aprovechar-oportunidades-del-gobierno","status":"publish","type":"post","link":"https:\/\/diariodominicano.com\/?p=99293","title":{"rendered":"Presidente Danilo Medina  autoriza finaciamiento, insta aprovechar oportunidades del gobierno"},"content":{"rendered":"<p><body><\/p>\n<p><img decoding=\"async\" src=\"img3\/danilo.jpg\" \/><br \/><img decoding=\"async\" src=\"img3\/pescadores.jpg\" \/><br \/><img decoding=\"async\" src=\"img3\/elpidio.jpg\" \/>  <\/p>\n<p><span class=\"text1noticias\">Por Henry Guti\u00e9rrez<\/span><\/p>\n<\/p>\n<p><span class=\"text1noticias\">Sabana de la Mar, LaJaqueta, Hato Mayor, RD, 29 de Septiembre.-El presidente Danilo Medina  autoriz\u00f3 financiamiento a productores de ambos municipios durante su reuni\u00f3n dominical.<\/span><\/p>\n<\/p>\n<p><span class=\"text1noticias\">Primero el Presidente Medina visit\u00f3 a Sabana de la Mar, donde apoyo a las Asociaciones de Mujeres productiva de este municipio y a las Federaci\u00f3n de Pescadores y Arrocerros de este municipio.<\/span><\/p>\n<\/p>\n<p><span class=\"text1noticias\">Medina prometi\u00f3  que una comisi\u00f3n vendr\u00e1 a est a comunidad el pr\u00f3ximo mi\u00e9rcoles, para precisar los detalles de financiamiento a los proyectos, el proyecto de construcci\u00f3n de la factor\u00eda y La Federaci\u00f3n de Arroceros recibir\u00e1 las electrobombas a trav\u00e9s del Instituto Dominicano de Recursos Hidraulicos, INDRHI.<\/span><\/p>\n<\/p>\n<p><span class=\"text1noticias\">Por las entidades de productores tuvieron la palabra, Elpidio De \u00d3leo, representante de la Federaci\u00f3n de Arroceros;  Joel Paredes, de la  Asociaci\u00f3n de Pescadores; y tambi\u00e9n participaron la Asociaci\u00f3n de Mujeres San Francisco de As\u00eds y la Asociaci\u00f3n de Mujeres Unidas por la Fe.<\/span><\/p>\n<\/p>\n<p><span class=\"text1noticias\">En tanto, la Asociaci\u00f3n de Pescadores solicit\u00f3 financiamiento para capital de trabajo y comprar equipos y embarcaciones, los  Arroceros quierren la  construcci\u00f3n de una factor\u00eda de arroz y la adquisici\u00f3n de dos electrobombas, as\u00ed tambi\u00e9n los gremios que agrupan a las mujeres solicitaron financiamiento para incrementar la producci\u00f3n y confecci\u00f3n.<\/span><\/p>\n<\/p>\n<p><span class=\"text1noticias\">De inmediato, se traslad\u00f3 a la comunidad de La Jaqueta donde inst\u00f3 a los lugares aprovechar las oportunidades que da el gobierno que \u00e9l preside a favor de los dominicanos.<\/span><\/p>\n<\/p>\n<p><span class=\"text1noticias\">En ese sector, el presidente Medina autoriz\u00f3 el proyecto de crianza de vacas, de la Asociaci\u00f3n de Mujeres Unidas, ser\u00e1 tambi\u00e9n al 5% anual. 18 meses de gracia.<\/span><\/p>\n<\/p>\n<p><span class=\"text1noticias\">En ese sentido, el proyecto de granja de pollos a ser\u00e1 al 0.41% mensual o 5% anual, con un a\u00f1o de gracia y el  financiamientos en condiciones blandas a las asociaciones de mujeres. <\/span><\/p>\n<\/p>\n<p><span class=\"text1noticias\">\u00abAprovechen esta oportunidad que probablemente no se va a volver a presentar por muchos a\u00f1os\u00bb, indic\u00f3 Medina.<\/span><\/p>\n<\/p>\n<p><span class=\"text1noticias\">All\u00ed Medina destac\u00f3 el plan nacional de ALfabetizaci\u00f3n que en s\u00f3lo seis meses se han visto sus frutos.<\/span><\/p>\n<\/p>\n<p><span class=\"text1noticias\">No tengan verg\u00fcenza de aprender a leer y escribir. Lo que debe dar verg\u00fcenza es no saber hacerlo\u00bb, agreg\u00f3.<\/span><\/p>\n<\/p>\n<p><span class=\"text1noticias\">Adem\u00e1s, sostuvo que para el pr\u00f3ximo a\u00f1o escolar ser\u00e1 ampliado el programa de tan extendida.<\/span><\/p>\n<\/p>\n<p><span class=\"text1noticias\">\u00abQue sean las madres que trabajen, no los hijos. Los ni\u00f1os est\u00e1n en la escuela para prepararse y estudiar para el futuro\u00bb, Pienso que a partir del a\u00f1o que viene podremos integrar todos los ni\u00f1os pobres al sistema y que ning\u00fan ni\u00f1o tenga que abandonar la escuela\u00bb, adujo.<\/span><\/p>\n<\/p>\n<p><span class=\"text1noticias\">Dijo que las personas no pueden tener verguenza para aprender, sino por no hacerlo bien.<\/span><\/p>\n<\/p>\n<p><span class=\"text1noticias\">Asegur\u00f3 que quiere un publo que mejore sus ingresos que puedan comprar y vender en el mercado.<\/span><\/p>\n<\/p>\n<p><span class=\"text1noticias\">M\u00e1s adelante se traslado a sector El Machado de la misma provincia del Este, donde  autoriz\u00f3 apoyo financiero en condiciones blandas a los proyectos. Ser\u00e1n al 5% anual con 1 a\u00f1o de gracia a   la Asociaci\u00f3n de Productores de Cacao y Caf\u00e9 Do\u00f1a Ana, asimismo a la Asociaci\u00f3n de Mujeres Juana Saltitopa.<\/span><\/p>\n<\/p>\n<p><span class=\"text1noticias\">En este lugar el presidente Medina aclaro que los cr\u00e9ditos aprobados es dinero de todos los dominicanos y por ende deben devolverlo al Estado dominicano.<\/span><\/p>\n<\/p>\n<p><span class=\"text1noticias\">La informaci\u00f3n la ofreci\u00f3 la cuenta de twiter de la presidencia de la Rep\u00fablica.(HG)<\/span>.<\/p>\n<h6> 2013-09-29 13:49:59 <\/h6>\n<p><!--\n<link rel=\"stylesheet\" href=\"css\/bootstrap.min.css\">\n\n\n<ul class=\"pagination\">\n\t    \n\t\n\n<li >\n\t<a href='?page_no=14765'>Previous<\/a>\n\t<\/li>\n\n\n       \n    \n\n<li><a href='?page_no=1'>1<\/a><\/li>\n\n\n\n<li><a href='?page_no=2'>2<\/a><\/li>\n\n\n\n<li><a>...<\/a><\/li>\n\n\n\n<li><a href='?page_no=14764'>14764<\/a><\/li>\n\n\n\n<li><a href='?page_no=14765'>14765<\/a><\/li>\n\n\n\n<li class='active'><a>14766<\/a><\/li>\n\n\n\n<li><a href='?page_no=14767'>14767<\/a><\/li>\n\n\n\n<li><a href='?page_no=14768'>14768<\/a><\/li>\n\n\n\n<li><a>...<\/a><\/li>\n\n\n\n<li><a href='?page_no=30472'>30472<\/a><\/li>\n\n\n\n<li><a href='?page_no=30473'>30473<\/a><\/li>\n\n    \n\t\n\n<li >\n\t<a href='?page_no=14767'>Next<\/a>\n\t<\/li>\n\n\n    \n\n<li><a href='?page_no=30473'>Last &rsaquo;&rsaquo;<\/a><\/li>\n\n<\/ul>\n\n\n--><br \/>\n<\/body><\/p>\n","protected":false},"excerpt":{"rendered":"<p>Por Henry Guti\u00e9rrez Sabana de la Mar, LaJaqueta, Hato Mayor, RD, 29 de Septiembre.-El presidente Danilo Medina autoriz\u00f3 financiamiento a productores de ambos municipios durante su reuni\u00f3n dominical. Primero el Presidente Medina visit\u00f3 a Sabana de la Mar, donde apoyo a las Asociaciones de Mujeres productiva de este municipio y a las Federaci\u00f3n de Pescadores [&hellip;]<\/p>\n","protected":false},"author":3,"featured_media":0,"comment_status":"open","ping_status":"open","sticky":false,"template":"","format":"standard","meta":{"footnotes":""},"categories":[18],"tags":[],"class_list":["post-99293","post","type-post","status-publish","format-standard","hentry","category-economia"],"_links":{"self":[{"href":"https:\/\/diariodominicano.com\/index.php?rest_route=\/wp\/v2\/posts\/99293","targetHints":{"allow":["GET"]}}],"collection":[{"href":"https:\/\/diariodominicano.com\/index.php?rest_route=\/wp\/v2\/posts"}],"about":[{"href":"https:\/\/diariodominicano.com\/index.php?rest_route=\/wp\/v2\/types\/post"}],"author":[{"embeddable":true,"href":"https:\/\/diariodominicano.com\/index.php?rest_route=\/wp\/v2\/users\/3"}],"replies":[{"embeddable":true,"href":"https:\/\/diariodominicano.com\/index.php?rest_route=%2Fwp%2Fv2%2Fcomments&post=99293"}],"version-history":[{"count":0,"href":"https:\/\/diariodominicano.com\/index.php?rest_route=\/wp\/v2\/posts\/99293\/revisions"}],"wp:attachment":[{"href":"https:\/\/diariodominicano.com\/index.php?rest_route=%2Fwp%2Fv2%2Fmedia&parent=99293"}],"wp:term":[{"taxonomy":"category","embeddable":true,"href":"https:\/\/diariodominicano.com\/index.php?rest_route=%2Fwp%2Fv2%2Fcategories&post=99293"},{"taxonomy":"post_tag","embeddable":true,"href":"https:\/\/diariodominicano.com\/index.php?rest_route=%2Fwp%2Fv2%2Ftags&post=99293"}],"curies":[{"name":"wp","href":"https:\/\/api.w.org\/{rel}","templated":true}]}}