{"id":99292,"date":"2013-09-29T14:27:51","date_gmt":"2013-09-29T14:27:51","guid":{"rendered":"http:\/\/diariodominicano.ddns.net\/?p=99292"},"modified":"2013-09-29T14:27:51","modified_gmt":"2013-09-29T14:27:51","slug":"rd-debera-estar-preparada-para-los-grandes-cambios","status":"publish","type":"post","link":"https:\/\/diariodominicano.com\/?p=99292","title":{"rendered":"RD  deber\u00e1 estar preparada para los grandes cambios"},"content":{"rendered":"<p><body><\/p>\n<p><img decoding=\"async\" src=\"img3\/montas.jpg\" \/>  <\/p>\n<p><span class=\"text1noticias\">San Francisco de Macor\u00eds, RD, 29 de Septiembre.-En los pr\u00f3ximos 20 a\u00f1os la poblaci\u00f3n  mundial  representara grandes cambios demogr\u00e1ficos en todo sus accionar por lo que la Rep\u00fablica Dominicana deber\u00e1 estar preparada para asumir los mismos, proclamo aqu\u00ed el Ministro de Econom\u00eda Planificaci\u00f3n y Desarrollo.<\/span><\/p>\n<\/p>\n<p><span class=\"text1noticias\">El Ingeniero Juan Tem\u00edstocles Mont\u00e1s se pronunci\u00f3 en estos t\u00e9rminos  en el marco de la celebraci\u00f3n del V congreso Medico de la Provincia Duarte que durante dos d\u00edas se celebra en esta poblaci\u00f3n, donde fue declarado como visitante distinguido por el ayuntamiento Municipal.<\/span><\/p>\n<\/p>\n<p><span class=\"text1noticias\">Expuso, que en los pr\u00f3ximos 20 a\u00f1os, la poblaci\u00f3n mundial llegar\u00e1 a 8 mil 300 millones de personas, uno mil 200 millones m\u00e1s que en 2012, lo que representara una disminuci\u00f3n significativa de la pobreza en el mundo y el aumento de la clase media.<\/span><\/p>\n<\/p>\n<p><span class=\"text1noticias\">\u00abPor primera vez, la mayor\u00eda del mundo no ser\u00e1 pobre y la clase media ser\u00e1 el sector social y econ\u00f3mico m\u00e1s importante en la gran mayor\u00eda de los pa\u00edses del mundo. Este hecho tendr\u00e1 una gran significaci\u00f3n en la expansi\u00f3n global de la econom\u00eda, el r\u00e1pido crecimiento de los pa\u00edses en desarrollo y la explotaci\u00f3n generalizada de las nuevas tecnol\u00f3gicas de la comunicaci\u00f3n y la manufactura\u00bb, dijo  Tem\u00edstocles Mont\u00e1s.<\/span><\/p>\n<\/p>\n<p><span class=\"text1noticias\">En su enfoco sostuvo que se producir\u00e1 como consecuencia de esa situaci\u00f3n un Incremento de la demanda de alimento, agua y energ\u00eda, indicando que la demanda de alimentos, agua y energ\u00eda  crecer\u00e1 aproximadamente 35, 40 y 50 por ciento respectivamente debido al crecimiento de la poblaci\u00f3n y a las pautas de consumo de una clase media en expansi\u00f3n.<\/span><\/p>\n<\/p>\n<p><span class=\"text1noticias\">Sostuvo que la situaci\u00f3n de cambio obligar\u00e1 de acuerdo a la contituci\u00f3n  de la Rep\u00fablica en su art\u00edculo 24l   al Poder Ejecutivo elaborar y someter al Congreso Nacional una Estrategia que defina la visi\u00f3n del desarrollo del pa\u00eds a largo plazo.     <\/span><\/p>\n<\/p>\n<p><span class=\"text1noticias\">\u00abSer\u00e1 resultado de un proceso de concertaci\u00f3n y deber\u00e1 ser aprobada por ley del Congreso de la Rep\u00fablica. Los avances logrados en la consecuci\u00f3n de la imagen-objetivo ser\u00e1n evaluados cada 10 a\u00f1os con la participaci\u00f3n de los Poderes y actores mencionados\u00bb<\/span><\/p>\n<\/p>\n<p><span class=\"text1noticias\">Expuso, que de ser necesario, se efectuar\u00e1 su actualizaci\u00f3n y\/o adecuaci\u00f3n considerando las nuevas realidades que se presenten en el contexto mundial y nacional. Esta actualizaci\u00f3n  y\/o adecuaci\u00f3n ser\u00e1 aprobada por el Congreso Nacional.\u00bb<\/span><\/p>\n<\/p>\n<p><span class=\"text1noticias\">Al dirigirse  a los participantes en el V Congreso medico, el Ministro  de Econ\u00f3mica Planificaci\u00f3n y Desarrollo, dijo que para   el 2030 la poblaci\u00f3n demandara mejores servicios en todos los \u00f3rdenes<\/span><\/p>\n<p><span class=\"text1noticias\">Expreso, que para el 2030  la poblaci\u00f3n demandara educaci\u00f3n de calidad para todos y todas, Salud y seguridad social integral, Igualdad de derechos y oportunidades, Cohesi\u00f3n territorial, Vivienda digna en entornos saludables, Cultura e identidad nacional en un mundo global, Deporte y  recreaci\u00f3n  f\u00edsica para el desarrollo humano.<\/span><\/p>\n<\/p>\n<p><span class=\"text1noticias\">\u00abRep\u00fablica Dominicana es un pa\u00eds pr\u00f3spero, donde las personas viven dignamente, apegadas a valores \u00e9ticos y en el marco de una democracia participativa que garantiza el Estado social y democr\u00e1tico de derecho y promueve la equidad, la igualdad de oportunidades y la justicia social, que gestiona y aprovecha sus recursos para desarrollarse de forma innovadora, sostenible y territorialmente equilibrada e integrada y se inserta competitivamente en la econom\u00eda global\u00bb.<\/span><\/p>\n<\/p>\n<p><span class=\"text1noticias\">En su conferencia magistral sostuvo que Impulsar el desarrollo de la red p\u00fablica de salud y de redes privadas, articuladas por niveles de atenci\u00f3n, que brinden atenci\u00f3n integral con calidad y calidez, sustentada en una estrategia de atenci\u00f3n primaria en salud a nivel nacional.<\/span><\/p>\n<\/p>\n<p><span class=\"text1noticias\">Expuso, que  ser\u00e1 necesario fortalecer los servicios de salud colectiva en colaboraci\u00f3n con los gobiernos locales y las comunidades, el sistema de vigilancia epidemiol\u00f3gica, alimentaria y nutricional a nivel comunitario.<\/span><\/p>\n<\/p>\n<p><span class=\"text1noticias\">\u00abSensibilizar y proveer formaci\u00f3n continuada al personal sanitario con el fin de mejorar e impulsar el diagn\u00f3stico precoz, la asistencia y la rehabilitaci\u00f3n de las v\u00edctimas de violencia de g\u00e9nero y contra ni\u00f1os, ni\u00f1as y adolescentes.  Adem\u00e1s de promover la capacitaci\u00f3n y participaci\u00f3n de actores comunitarios en temas de control de epidemias y de enfermedades recurrentes y emergentes\u00bb.<\/span><\/p>\n<\/p>\n<p><span class=\"text1noticias\">\u00abSera una responsabilidad del Estado el garantizar a toda la poblaci\u00f3n, el acceso a medicamentos de calidad a toda la poblaci\u00f3n  y fortalecer la funci\u00f3n de rector\u00eda del Ministerio de Salud P\u00fablica, adem\u00e1s de fortalecer las capacidades gerenciales de los Servicios Regionales de Salud y los centros de salud.<\/span><\/p>\n<\/p>\n<p><span class=\"text1noticias\">Temistocles Montas dijo que se tendr\u00e1s que dotar de autonom\u00eda administrativa a los centros hospitalarios que forman la red p\u00fablica de salud y conformar un Consorcio Nacional de Hospitales, aut\u00f3nomo, adscrito al Ministerio de Salud.<\/span><\/p>\n<\/p>\n<p><span class=\"text1noticias\">\u00abDesarrollar y consolidar un sistema de capacitaci\u00f3n continua y motivaci\u00f3n laboral para los recursos humanos en salud ., adem\u00e1s de Impulsar el uso adecuado de las tecnolog\u00edas de informaci\u00f3n como medio para elevar la eficiencia en la prestaci\u00f3n de los servicios de salud, ser\u00e1 una tarea fundamental para encontrar el desarrollo.(HG)<\/span>. <\/p>\n<h6> 2013-09-29 14:27:51 <\/h6>\n<p><!--\n<link rel=\"stylesheet\" href=\"css\/bootstrap.min.css\">\n\n\n<ul class=\"pagination\">\n\t    \n\t\n\n<li >\n\t<a href='?page_no=14764'>Previous<\/a>\n\t<\/li>\n\n\n       \n    \n\n<li><a href='?page_no=1'>1<\/a><\/li>\n\n\n\n<li><a href='?page_no=2'>2<\/a><\/li>\n\n\n\n<li><a>...<\/a><\/li>\n\n\n\n<li><a href='?page_no=14763'>14763<\/a><\/li>\n\n\n\n<li><a href='?page_no=14764'>14764<\/a><\/li>\n\n\n\n<li class='active'><a>14765<\/a><\/li>\n\n\n\n<li><a href='?page_no=14766'>14766<\/a><\/li>\n\n\n\n<li><a href='?page_no=14767'>14767<\/a><\/li>\n\n\n\n<li><a>...<\/a><\/li>\n\n\n\n<li><a href='?page_no=30472'>30472<\/a><\/li>\n\n\n\n<li><a href='?page_no=30473'>30473<\/a><\/li>\n\n    \n\t\n\n<li >\n\t<a href='?page_no=14766'>Next<\/a>\n\t<\/li>\n\n\n    \n\n<li><a href='?page_no=30473'>Last &rsaquo;&rsaquo;<\/a><\/li>\n\n<\/ul>\n\n\n--><br \/>\n<\/body><\/p>\n","protected":false},"excerpt":{"rendered":"<p>San Francisco de Macor\u00eds, RD, 29 de Septiembre.-En los pr\u00f3ximos 20 a\u00f1os la poblaci\u00f3n mundial representara grandes cambios demogr\u00e1ficos en todo sus accionar por lo que la Rep\u00fablica Dominicana deber\u00e1 estar preparada para asumir los mismos, proclamo aqu\u00ed el Ministro de Econom\u00eda Planificaci\u00f3n y Desarrollo. El Ingeniero Juan Tem\u00edstocles Mont\u00e1s se pronunci\u00f3 en estos t\u00e9rminos [&hellip;]<\/p>\n","protected":false},"author":3,"featured_media":0,"comment_status":"open","ping_status":"open","sticky":false,"template":"","format":"standard","meta":{"footnotes":""},"categories":[18],"tags":[],"class_list":["post-99292","post","type-post","status-publish","format-standard","hentry","category-economia"],"_links":{"self":[{"href":"https:\/\/diariodominicano.com\/index.php?rest_route=\/wp\/v2\/posts\/99292","targetHints":{"allow":["GET"]}}],"collection":[{"href":"https:\/\/diariodominicano.com\/index.php?rest_route=\/wp\/v2\/posts"}],"about":[{"href":"https:\/\/diariodominicano.com\/index.php?rest_route=\/wp\/v2\/types\/post"}],"author":[{"embeddable":true,"href":"https:\/\/diariodominicano.com\/index.php?rest_route=\/wp\/v2\/users\/3"}],"replies":[{"embeddable":true,"href":"https:\/\/diariodominicano.com\/index.php?rest_route=%2Fwp%2Fv2%2Fcomments&post=99292"}],"version-history":[{"count":0,"href":"https:\/\/diariodominicano.com\/index.php?rest_route=\/wp\/v2\/posts\/99292\/revisions"}],"wp:attachment":[{"href":"https:\/\/diariodominicano.com\/index.php?rest_route=%2Fwp%2Fv2%2Fmedia&parent=99292"}],"wp:term":[{"taxonomy":"category","embeddable":true,"href":"https:\/\/diariodominicano.com\/index.php?rest_route=%2Fwp%2Fv2%2Fcategories&post=99292"},{"taxonomy":"post_tag","embeddable":true,"href":"https:\/\/diariodominicano.com\/index.php?rest_route=%2Fwp%2Fv2%2Ftags&post=99292"}],"curies":[{"name":"wp","href":"https:\/\/api.w.org\/{rel}","templated":true}]}}