{"id":99291,"date":"2013-09-29T16:55:17","date_gmt":"2013-09-29T16:55:17","guid":{"rendered":"http:\/\/diariodominicano.ddns.net\/?p=99291"},"modified":"2013-09-29T16:55:17","modified_gmt":"2013-09-29T16:55:17","slug":"ministro-de-agricultura-anuncia-que-se-buscan-nuevos-mercados-para-la-produccion-nacional-de-huevos-y-pollos","status":"publish","type":"post","link":"https:\/\/diariodominicano.com\/?p=99291","title":{"rendered":"Ministro de Agricultura anuncia que se buscan nuevos mercados para la producci\u00f3n nacional de huevos y pollos"},"content":{"rendered":"<p><body><\/p>\n<p><img decoding=\"async\" src=\"img3\/avicultores.jpg\" \/>  <\/p>\n<p><span class=\"text1noticias\">Provincia La Vega, RD, 29 de Septiembre.- El  ministro de Agricultura, Luis Ram\u00f3n Rodr\u00edguez encabez\u00f3 aqu\u00ed la primera jornada de Confraternidad Av\u00edcola Dominicana, como parte de los actos del D\u00eda de la Avicultora,  y exhort\u00f3 a los productores a prepararse para el inicio de las exportaciones masivas de pollos y huevos hacia los mercados internacionales.<\/span><\/p>\n<\/p>\n<p><span class=\"text1noticias\">Rodr\u00edguez manifest\u00f3 que gracias a los esfuerzos realizados entre las autoridades y los avicultores se tomar\u00e1n las previsiones de lugar para incrementar la producci\u00f3n, generar m\u00e1s empleos  y aumentar los aportes  de divisas al pa\u00eds.<\/span><\/p>\n<\/p>\n<p><span class=\"text1noticias\">Dijo que luego de la veda impuesta por Hait\u00ed, se concentraron en el consumo local y en la estrategia de conquistar nuevos espacios en la regi\u00f3n del Caribe y Suram\u00e9rica, lo que abri\u00f3 la posibilidad de acceder en el futuro a nuevos mercados con mayor poder adquisitivo.<\/span><\/p>\n<\/p>\n<p><span class=\"text1noticias\">\t\u00abEsa crisis permiti\u00f3 que adecu\u00e1ramos la oferta a la demanda interna, adem\u00e1s que fortaleci\u00e9ramos nuestro sistema sanitario para los fines de llegar a los mercados internacionales y trabajar de manera conjunta a favor de la avicultura nacional\u00bb, sostuvo.<\/span><\/p>\n<\/p>\n<p><span class=\"text1noticias\">\tEl ministro indic\u00f3 que s\u00f3lo falta completar algunos requisitos para llegar a los mercados internacionales de carnes y huevos.<\/span><\/p>\n<\/p>\n<p><span class=\"text1noticias\">Inform\u00f3 que para la apertura de las exportaciones, el Ministerio acordar\u00e1 con los avicultores un incremento de la producci\u00f3n a niveles que garantice la estabilidad en el suministro interno y que los excedentes sean enviados a otros destinos comerciales.<\/span><\/p>\n<\/p>\n<p><span class=\"text1noticias\"> \t\u00abEs oportuno enfrentar las dificultades que padecen los avicultores dominicanos, pero para esto es necesarios que las diversas asociaciones retomen el camino de la unidad y concentren sus fuerzas en un solo frente que nos permita planificar la producci\u00f3n y defender los intereses del sector av\u00edcola nacional\u00bb explic\u00f3.<\/span><\/p>\n<\/p>\n<p><span class=\"text1noticias\">\tEn el encuentro fueron reconocidos Julio Concepci\u00f3n, Jos\u00e9 Miguel de Pe\u00f1a y Vicente Taveras por sus aportes a favor de la avicultura nacional.<\/span><\/p>\n<\/p>\n<p><span class=\"text1noticias\">Acompa\u00f1aron al ministro Rodr\u00edguez, el director de Ganader\u00eda, Bol\u00edvar Toribio; el director del Consejo Nacional de Producci\u00f3n Pecuaria (CONAPROPE), Radham\u00e9s Silverio, y el presidente de la Asociaci\u00f3n Dominicana de Avicultores (ADA), Bol\u00edvar Cartagena,  entre otros productores av\u00edcolas del pa\u00eds.<\/span><\/p>\n<\/p>\n<p><span class=\"text1noticias\">Moca<\/span><\/p>\n<\/p>\n<p><span class=\"text1noticias\">\tEl ministro visit\u00f3 tambi\u00e9n la ciudad de Moca, Provincia Espaillat, donde se reuni\u00f3 con productores de huevos, exhortando a mantener la producci\u00f3n ante la posibilidad que se normalice el comercio con Hait\u00ed y se logre la apertura de nuevos mercados, como el de Venezuela y Puerto Rico.<\/span><\/p>\n<\/p>\n<p><span class=\"text1noticias\">\tLos productores agradecieron las gestiones realizadas por el ministro Rodr\u00edguez, por instrucciones del presidente Danilo Medina, y expresaron su satisfacci\u00f3n porque las pol\u00edticas aplicadas por el Gobierno han reducido las p\u00e9rdidas que ten\u00eda el sector.(HG)<\/span>.<\/p>\n<h6> 2013-09-29 16:55:17 <\/h6>\n<p><!--\n<link rel=\"stylesheet\" href=\"css\/bootstrap.min.css\">\n\n\n<ul class=\"pagination\">\n\t    \n\t\n\n<li >\n\t<a href='?page_no=14763'>Previous<\/a>\n\t<\/li>\n\n\n       \n    \n\n<li><a href='?page_no=1'>1<\/a><\/li>\n\n\n\n<li><a href='?page_no=2'>2<\/a><\/li>\n\n\n\n<li><a>...<\/a><\/li>\n\n\n\n<li><a href='?page_no=14762'>14762<\/a><\/li>\n\n\n\n<li><a href='?page_no=14763'>14763<\/a><\/li>\n\n\n\n<li class='active'><a>14764<\/a><\/li>\n\n\n\n<li><a href='?page_no=14765'>14765<\/a><\/li>\n\n\n\n<li><a href='?page_no=14766'>14766<\/a><\/li>\n\n\n\n<li><a>...<\/a><\/li>\n\n\n\n<li><a href='?page_no=30472'>30472<\/a><\/li>\n\n\n\n<li><a href='?page_no=30473'>30473<\/a><\/li>\n\n    \n\t\n\n<li >\n\t<a href='?page_no=14765'>Next<\/a>\n\t<\/li>\n\n\n    \n\n<li><a href='?page_no=30473'>Last &rsaquo;&rsaquo;<\/a><\/li>\n\n<\/ul>\n\n\n--><br \/>\n<\/body><\/p>\n","protected":false},"excerpt":{"rendered":"<p>Provincia La Vega, RD, 29 de Septiembre.- El ministro de Agricultura, Luis Ram\u00f3n Rodr\u00edguez encabez\u00f3 aqu\u00ed la primera jornada de Confraternidad Av\u00edcola Dominicana, como parte de los actos del D\u00eda de la Avicultora, y exhort\u00f3 a los productores a prepararse para el inicio de las exportaciones masivas de pollos y huevos hacia los mercados internacionales. [&hellip;]<\/p>\n","protected":false},"author":3,"featured_media":0,"comment_status":"open","ping_status":"open","sticky":false,"template":"","format":"standard","meta":{"footnotes":""},"categories":[18],"tags":[],"class_list":["post-99291","post","type-post","status-publish","format-standard","hentry","category-economia"],"_links":{"self":[{"href":"https:\/\/diariodominicano.com\/index.php?rest_route=\/wp\/v2\/posts\/99291","targetHints":{"allow":["GET"]}}],"collection":[{"href":"https:\/\/diariodominicano.com\/index.php?rest_route=\/wp\/v2\/posts"}],"about":[{"href":"https:\/\/diariodominicano.com\/index.php?rest_route=\/wp\/v2\/types\/post"}],"author":[{"embeddable":true,"href":"https:\/\/diariodominicano.com\/index.php?rest_route=\/wp\/v2\/users\/3"}],"replies":[{"embeddable":true,"href":"https:\/\/diariodominicano.com\/index.php?rest_route=%2Fwp%2Fv2%2Fcomments&post=99291"}],"version-history":[{"count":0,"href":"https:\/\/diariodominicano.com\/index.php?rest_route=\/wp\/v2\/posts\/99291\/revisions"}],"wp:attachment":[{"href":"https:\/\/diariodominicano.com\/index.php?rest_route=%2Fwp%2Fv2%2Fmedia&parent=99291"}],"wp:term":[{"taxonomy":"category","embeddable":true,"href":"https:\/\/diariodominicano.com\/index.php?rest_route=%2Fwp%2Fv2%2Fcategories&post=99291"},{"taxonomy":"post_tag","embeddable":true,"href":"https:\/\/diariodominicano.com\/index.php?rest_route=%2Fwp%2Fv2%2Ftags&post=99291"}],"curies":[{"name":"wp","href":"https:\/\/api.w.org\/{rel}","templated":true}]}}