{"id":99289,"date":"2013-09-30T04:20:10","date_gmt":"2013-09-30T04:20:10","guid":{"rendered":"http:\/\/diariodominicano.ddns.net\/?p=99289"},"modified":"2013-09-30T04:20:10","modified_gmt":"2013-09-30T04:20:10","slug":"presidente-medina-anuncia-apoyo-financiero-para-arroceros-pescadores-y-mujeres-de-sabana-de-la-mar","status":"publish","type":"post","link":"https:\/\/diariodominicano.com\/?p=99289","title":{"rendered":"Presidente Medina anuncia apoyo financiero para Arroceros, pescadores y mujeres de Sabana de la Mar"},"content":{"rendered":"<p><body><\/p>\n<p><img decoding=\"async\" src=\"img3\/danilo000.jpg.jpg\" \/><br \/><img decoding=\"async\" src=\"img3\/danilo02.jpg\" \/><br \/><img decoding=\"async\" src=\"img3\/danilo004.jpg.jpg\" \/>  <\/p>\n<\/p>\n<p><span class=\"text1noticias\">SABANA DE LA MAR, Hato Mayor, 29 de Septiembre (Cicom). -El presidente Danilo Medina concedi\u00f3 este domingo financiamientos por varios millones de pesos a varias asociaciones y federaciones de hombres y mujeres productoras de Sabana de la Mar, La Jaqueta y El Manchado, en la provincia Hato Mayor.<\/span><\/p>\n<\/p>\n<p><span class=\"text1noticias\">Tras anunciar la aprobaci\u00f3n de los cr\u00e9ditos solicitados, el jefe del Estado les advirti\u00f3 que deben honrar esos compromisos porque \u00e9l no anda \u00abregalando dinero\u00bb y tendr\u00e1 que dar cuenta al pa\u00eds sobre esos cr\u00e9ditos.<\/span><\/p>\n<\/p>\n<p><span class=\"text1noticias\">En Sabana de la Mar los beneficiados fueron las Federaciones de Pescadores, de Arroceros, de Mujeres San Francisco de As\u00eds, que se dedica a la confecci\u00f3n de s\u00e1banas, mosquiteros y cortinas y la Asociaci\u00f3n de Mujeres Unidas por la Fe, cuya actividad es la producci\u00f3n de dulces de coco, batata y frutas variadas.<\/span><\/p>\n<\/p>\n<p><span class=\"text1noticias\">La Federaci\u00f3n de Pescadores, que estuvo representada por su presidente, Joel Paredes, pidi\u00f3 al jefe del Estado financiamientos por dos millones de pesos, que incluye capital de trabajo, adquisici\u00f3n de nuevas embarcaciones, equipos y herramientas para sus labores. Paredes inform\u00f3 que los pescadores necesitan tambi\u00e9n un cuarto fr\u00edo y una planta de 50 kilos.<\/span><\/p>\n<\/p>\n<p><span class=\"text1noticias\">En cambio, los arroceros dijeron a trav\u00e9s de su presidente, Elpidio D\u00b4Oleo, que necesitan r\u00e9ditos para montar una factor\u00eda y electrobombas para extraer agua para regad\u00edo del r\u00edo Yub\u00f3n, en tanto que la presidenta de la Asociaci\u00f3n de Mujeres Unidas por la Fe dijo que los recursos que requieren son para incrementar la producci\u00f3n de dulces de coco, batata y frutas variadas e integrar a un mayor n\u00famero de mujeres a la producci\u00f3n.<\/span><\/p>\n<\/p>\n<p><strong><span class=\"text1noticias\">Confecci\u00f3n de sabanas y cortinas<\/span><\/strong><\/p>\n<\/p>\n<p><span class=\"text1noticias\">Igual justificaci\u00f3n hizo ante el mandatario la se\u00f1ora \u00c1ngela Sena, presidenta de la Asociaci\u00f3n de Mujeres San Francisco de As\u00eds, que requieren capital de trabajo para confeccionar m\u00e1s s\u00e1banas, cortinas y mosquiteros e integrar a otras mujeres a la producci\u00f3n.<\/span><\/p>\n<\/p>\n<p><span class=\"text1noticias\">De Sabana de la Mar, el presidente se dirigi\u00f3 a La Jaqueta, donde escuch\u00f3 las necesidades de las asociaciones de Mujeres Unidas hacia el Progreso, que opera un proyecto de crianza de becerros y becerras; Asociaci\u00f3n de Mujeres Solm\u00e9 de La Jaqueta, criadoras de pollos de engorde que solicitaron un cr\u00e9dito de cuatro millones de pesos para construir una granja, y de la Asociaci\u00f3n de Cacaocultores de El Valle, que pidieron al jefe del Estado financiamiento para la adquisici\u00f3n de un cami\u00f3n para transportar su producci\u00f3n.<\/span><\/p>\n<\/p>\n<p><span class=\"text1noticias\">El presidente Medina inform\u00f3 que todas las solicitudes les fueron aprobadas, pero que el mi\u00e9rcoles ser\u00e1n visitados por la comisi\u00f3n que ir\u00e1 a Sabana de la Mar para determinar las condiciones del pr\u00e9stamo y el monto del financiamiento que finalmente les ser\u00e1 concedido.<\/span><\/p>\n<\/p>\n<p><span class=\"text1noticias\">De La Jaqueta, el presidente se dirigi\u00f3 a El Manchado, donde se reuni\u00f3 con miembros de la Asociaci\u00f3n de El Manchado de Mujeres Unidas, de la Asociaci\u00f3n de Productores de Caf\u00e9 y cacao Do\u00f1a Ana y de la Asociaci\u00f3n de Mujeres Juana Saltitopa.<\/span><\/p>\n<\/p>\n<p><span class=\"text1noticias\">Aqu\u00ed, la Asociaci\u00f3n de Mujeres Unidas solicit\u00f3 un financiamiento de 4 millones de pesos para construir una granja de pollos; los cacaocultores y cafetaleros pidieron cr\u00e9ditos para adquirir un cami\u00f3n y construir un almac\u00e9n con su secadero y la asociaci\u00f3n de mujeres Juana Saltitopa solicitaron pr\u00e9stamos para desarrollar un proyecto de panader\u00eda y reposter\u00eda para producir pan, conconete, masitas y otros productos comestibles.<\/span><\/p>\n<\/p>\n<p><span class=\"text1noticias\">Aunque fueron previamente aprobados, la comisi\u00f3n que encabezar\u00e1 el presidente del FEDA visitar\u00e1 a estos productores el mi\u00e9rcoles venidero para determinar la pertinencia de los cr\u00e9ditos solicitados y las condiciones en que ser\u00edan concedidos, aunque el presidente adelant\u00f3 que ser\u00edan a una tasa de 5 por ciento anual, con una gracia que va desde un a\u00f1o a 18 meses.<\/span><\/p>\n<\/p>\n<p><strong><span class=\"text1noticias\">\u00abEse dinero no es de ustedes ni m\u00edo\u00bb<\/span><\/strong><\/p>\n<\/p>\n<p><span class=\"text1noticias\">El presidente advirti\u00f3 a los productores y productoras de los lugares visitados que tienen que pagar el dinero de los financiamientos otorgados porque \u00abes dinero que es del Estado, es un dinero que no es de ustedes ni m\u00edo, es dinero de los dominicanos y dominicanas que pagan sus impuestos\u00bb.<\/span><\/p>\n<\/p>\n<p><span class=\"text1noticias\">Afirm\u00f3 que lo \u00fanico que tiene una persona pobre es su palabra y tienen que honrarla pagando los compromisos contra\u00eddos.<\/span><\/p>\n<\/p>\n<p><span class=\"text1noticias\">Medina pregunt\u00f3 a los beneficiarios a c\u00f3mo toman dinero prestado para financiar sus cosechas, y ante la respuesta general de que deben pagar un 20 por ciento a los prestamistas, reflexion\u00f3 que \u00abeso quiere decir que tienen que pagar el 240 por ciento anual; pero nosotros les vamos a prestar ese dinero al cinco por ciento anual, a una tasa de apenas 0.41 centavo mensual, lo que indica que lo pueden pagar\u00bb.<\/span><\/p>\n<\/p>\n<p><span class=\"text1noticias\">\u00abLes vamos a financiar, no les estoy diciendo que les vamos a regalar, porque no puedo regalar lo que no es m\u00edo. El dinero del estado es de los ciudadanos que pagan sus impuestos, y yo tengo que rendir cuentas por esos fondos. Ahora, se los vamos a prestar a una tasa de inter\u00e9s sumamente baja, c\u00f3moda y les vamos a dar las condiciones para que puedan desarrollarse. En primer lugar les felicito, sobre todo a las mujeres que han decidido comenzar a trabajar para salir de ser solamente  amas de casa, las felicito porque est\u00e1n decidiendo ser empresarias\u00bb, agreg\u00f3.<\/span><\/p>\n<\/p>\n<p><span class=\"text1noticias\">Indic\u00f3 que el mi\u00e9rcoles a las 12:00 del mediod\u00eda una comisi\u00f3n encabezada por el director del Fondo Especial de Desarrollo Agropecuaria (FEDA), licenciado Antonio L\u00f3pez, visitar\u00e1 nuevamente los lugares recorridos por el mandatario para establecer con ellos los montos que necesitan y asesorarlos sobre c\u00f3mo invertir\u00e1n ese dinero.<\/span><\/p>\n<\/p>\n<p><span class=\"text1noticias\">Medina afirm\u00f3 que la comisi\u00f3n asesorar\u00e1 a los campesinos porque hay personas que no tienen idea sobre c\u00f3mo invertir los fondos que se les otorgar\u00e1n en financiamiento \u00aby hay que defender ese dinero\u00bb.<\/span><\/p>\n<\/p>\n<p><span class=\"text1noticias\">Dijo que \u00ablo \u00fanico que pido\u00bb es que integren a mayor cantidad de hombres y mujeres a las asociaciones de productores, porque eso incrementa las posibilidades de progreso y que m\u00e1s personas se beneficien.<\/span><\/p>\n<\/p>\n<p><span class=\"text1noticias\">Expres\u00f3 que el deseo del gobierno es que la gente pueda producir dinero para su bienestar y adquirir los bienes y servicios que necesita, \u00abporque si no hay quien compre, no hay quien venda\u00bb.<\/span><\/p>\n<\/p>\n<p><strong><span class=\"text1noticias\">Cero analfabetos<\/span><\/strong><\/p>\n<\/p>\n<p><span class=\"text1noticias\">En los lugares visitados este domingo, el presidente de la Rep\u00fablica aprovech\u00f3 para alentar a las personas mayores de 15 a\u00f1os que no saben leer y escribir para que se inscriban en los n\u00facleos de alfabetizaci\u00f3n para que el a\u00f1o que viene el pa\u00eds sea declarado por las Naciones Unidas como territorio libre de analfabetismo.<\/span><\/p>\n<\/p>\n<p><span class=\"text1noticias\">Apunt\u00f3 que todo el que conozca a un familiar, un amigo o un vecino que no sepa leer ni escribir debe convencerlo de que se integre a la campa\u00f1a de alfabetizaci\u00f3n que ejecuta el gobierno.<\/span><\/p>\n<\/p>\n<p><span class=\"text1noticias\">\u00abEs una oportunidad que no se volver\u00e1 a presentar y el que no sabe leer ni escribir vive ausente; hay gente que tal vez le da verg\u00fcenza que sepan que no sabe leer ni escribir, pero lo que le debe dar verg\u00fcenza es que cuando vaya a firmar una carta tengan que poner una cruz. Eso es lo que debe dar verg\u00fcenza, en seis meses se aprende a leer y a escribir con el m\u00e9todo que tenemos. No desperdicien esa oportunidad, se\u00f1ores, porque el que no sabe leer ni escribir vive en la oscuridad y les estamos dando la oportunidad de que salgan a la luz, que cuando le presenten un documento usted sepa lo que dice el documento, en qu\u00e9 lo compromete ese documento antes de estampar su firma, que cuando vaya a hacer un negocio, usted pueda calcular los riesgos que implica ese negocio\u00bb, dijo.<\/span><\/p>\n<\/p>\n<p><span class=\"text1noticias\">Agreg\u00f3 que otra ventaja del que sabe leer y escribir es poder leer un buen libro o leer el r\u00f3tulo de una calle cuando busca una direcci\u00f3n, \u00abentonces, todo lo que da aprender a leer es beneficio, lo que no da beneficio es mantenerse como est\u00e1n\u00bb.<\/span><\/p>\n<\/p>\n<p><span class=\"text1noticias\">Ante las palabras de aliento del mandatario, la ingeniera Glenis Rodr\u00edguez se identific\u00f3 como voluntaria alfabetizadora y un dirigente de la Cooperativa de Productores Agropecuarios de Servicios M\u00faltiples de Loma Larga inform\u00f3 que la instituci\u00f3n coordina varios n\u00facleos alfabetizadores. El presidente de la Rep\u00fablica les dio las gracias, los felicit\u00f3 y alent\u00f3 a que contin\u00faen en su labor alfabetizadora.<\/span><\/p>\n<\/p>\n<p><strong><span class=\"text1noticias\"> Manuel N\u00da\u00d1EZ Asencio: Poeta, ensayista e histori\u00f3grafo. Tiene una licenciatura en Letras Modernas de la Universidad de Par\u00eds VII (Jussieu), una maestr\u00eda en Literatura General de la Universidad de Par\u00eds VIII (Saint-Denis) y un doctorado en Ling\u00fc\u00edstica y Literatura de esta \u00faltima universidad. Ense\u00f1\u00f3 literatura en la Universidad Aut\u00f3noma de Santo Domingo. Ha sido columnista de los peri\u00f3dicos Hoy y El Siglo y editor de la casa Editorial Santillana. Es considerado como uno de los ensayistas nacionales m\u00e1s pol\u00e9micos del momento. En 1990 obtuvo el Premio Nacional de Ensayo con la obra \u00abEl ocaso de la naci\u00f3n Dominicana\u00bb.<\/span><\/strong><\/p>\n<p><strong> <\/strong><\/p>\n<p><strong> <\/strong><\/p>\n<p><strong> <\/strong><\/p>\n<p><strong> <\/strong><\/p>\n<h6> 2013-09-30 04:20:10 <\/h6>\n<p><!--\n<link rel=\"stylesheet\" href=\"css\/bootstrap.min.css\">\n\n\n<ul class=\"pagination\">\n\t    \n\t\n\n<li >\n\t<a href='?page_no=14761'>Previous<\/a>\n\t<\/li>\n\n\n       \n    \n\n<li><a href='?page_no=1'>1<\/a><\/li>\n\n\n\n<li><a href='?page_no=2'>2<\/a><\/li>\n\n\n\n<li><a>...<\/a><\/li>\n\n\n\n<li><a href='?page_no=14760'>14760<\/a><\/li>\n\n\n\n<li><a href='?page_no=14761'>14761<\/a><\/li>\n\n\n\n<li class='active'><a>14762<\/a><\/li>\n\n\n\n<li><a href='?page_no=14763'>14763<\/a><\/li>\n\n\n\n<li><a href='?page_no=14764'>14764<\/a><\/li>\n\n\n\n<li><a>...<\/a><\/li>\n\n\n\n<li><a href='?page_no=30472'>30472<\/a><\/li>\n\n\n\n<li><a href='?page_no=30473'>30473<\/a><\/li>\n\n    \n\t\n\n<li >\n\t<a href='?page_no=14763'>Next<\/a>\n\t<\/li>\n\n\n    \n\n<li><a href='?page_no=30473'>Last &rsaquo;&rsaquo;<\/a><\/li>\n\n<\/ul>\n\n\n--><br \/>\n<\/body><\/p>\n","protected":false},"excerpt":{"rendered":"<p>SABANA DE LA MAR, Hato Mayor, 29 de Septiembre (Cicom). -El presidente Danilo Medina concedi\u00f3 este domingo financiamientos por varios millones de pesos a varias asociaciones y federaciones de hombres y mujeres productoras de Sabana de la Mar, La Jaqueta y El Manchado, en la provincia Hato Mayor. Tras anunciar la aprobaci\u00f3n de los cr\u00e9ditos [&hellip;]<\/p>\n","protected":false},"author":3,"featured_media":0,"comment_status":"open","ping_status":"open","sticky":false,"template":"","format":"standard","meta":{"footnotes":""},"categories":[18],"tags":[],"class_list":["post-99289","post","type-post","status-publish","format-standard","hentry","category-economia"],"_links":{"self":[{"href":"https:\/\/diariodominicano.com\/index.php?rest_route=\/wp\/v2\/posts\/99289","targetHints":{"allow":["GET"]}}],"collection":[{"href":"https:\/\/diariodominicano.com\/index.php?rest_route=\/wp\/v2\/posts"}],"about":[{"href":"https:\/\/diariodominicano.com\/index.php?rest_route=\/wp\/v2\/types\/post"}],"author":[{"embeddable":true,"href":"https:\/\/diariodominicano.com\/index.php?rest_route=\/wp\/v2\/users\/3"}],"replies":[{"embeddable":true,"href":"https:\/\/diariodominicano.com\/index.php?rest_route=%2Fwp%2Fv2%2Fcomments&post=99289"}],"version-history":[{"count":0,"href":"https:\/\/diariodominicano.com\/index.php?rest_route=\/wp\/v2\/posts\/99289\/revisions"}],"wp:attachment":[{"href":"https:\/\/diariodominicano.com\/index.php?rest_route=%2Fwp%2Fv2%2Fmedia&parent=99289"}],"wp:term":[{"taxonomy":"category","embeddable":true,"href":"https:\/\/diariodominicano.com\/index.php?rest_route=%2Fwp%2Fv2%2Fcategories&post=99289"},{"taxonomy":"post_tag","embeddable":true,"href":"https:\/\/diariodominicano.com\/index.php?rest_route=%2Fwp%2Fv2%2Ftags&post=99289"}],"curies":[{"name":"wp","href":"https:\/\/api.w.org\/{rel}","templated":true}]}}