{"id":99287,"date":"2013-09-30T14:59:55","date_gmt":"2013-09-30T14:59:55","guid":{"rendered":"http:\/\/diariodominicano.ddns.net\/?p=99287"},"modified":"2013-09-30T14:59:55","modified_gmt":"2013-09-30T14:59:55","slug":"aduanas-cobrara-con-recargo-desde-manana-declaracion-tardia","status":"publish","type":"post","link":"https:\/\/diariodominicano.com\/?p=99287","title":{"rendered":"Aduanas cobrar\u00e1 con recargo desde ma\u00f1ana declaraci\u00f3n tard\u00eda"},"content":{"rendered":"<p><body><\/p>\n<p><img decoding=\"async\" src=\"img3\/aduanas 30.jpeg\" \/>  <\/p>\n<p>Santo Domingo RD 30 septiembre.- La Direcci\u00f3n General de Aduanas (DGA) anunci\u00f3 hoy mediante un espacio pagado que aplicar\u00e1 desde ma\u00f1ana 1 de octubre el cobro correspondiente al recargo por concepto de declaraci\u00f3n tard\u00eda.<\/p>\n<\/p>\n<p>No obstante, indica que s\u00f3lo se exceptuar\u00e1 de esta medida si la solicitud de eliminaci\u00f3n est\u00e1 amparada en alguna ley o un contrato con el Estado.<\/p>\n<\/p>\n<p>La entidad recaudadora afirma que el objetivo es agilizar el despacho de mercanc\u00edas importadas y de transparentar y ajustar las cuentas internas al cumplimiento de las normas que est\u00e1n en vigor.<\/p>\n<\/p>\n<p>El recargo por concepto de la declaraci\u00f3n tard\u00eda es un mandato de la Ley 3489-53, en su art\u00edculo 52, del r\u00e9gimen de las aduanas.<\/p>\n<\/p>\n<p>Asimismo, explica las solicitudes de declaraci\u00f3n tard\u00eda, adem\u00e1s de ser una pr\u00e1ctica violatoria de la propia ley de Aduanas, ha estado ocasionando serias dificultades en el manejo de las cuentas aduanales, retraso en el despacho de mercanc\u00edas de otros importadores y destinar recursos y personal.<\/p>\n<\/p>\n<p>Asegura que es obligaci\u00f3n de las entidades p\u00fablicas dar un servicio m\u00e1s eficiente y ser ejemplo de los dem\u00e1s entes del Estado, sobre lo cual Aduanas debe dar un paso hacia adelante y aplicar los plazos y procedimientos en vigor por parte de las entidades oficiales que realizan importaciones.<\/p>\n<\/p>\n<p>\u00abDe hecho, es lo mismo que se exige a los dem\u00e1s actores que participan de la Cadena Log\u00edstica de Suministro de la Rep\u00fablica Dominicana\u00bb, indic\u00f3.<\/p>\n<\/p>\n<p>La DGA asume que en beneficio de la cadena log\u00edstica de suministro en RD se debe propiciar un despacho \u00e1gil de mercanc\u00edas y eso s\u00f3lo se puede lograr si el importador declara a tiempo, y el tiempo es de 10 d\u00edas a partir de la llegada de los buques.<\/p>\n<\/p>\n<p>\u00abCon las facilidades tecnol\u00f3gicas y los procedimientos automatizados que ofrece la aduana dominicana, disponibles 24 horas al d\u00eda, los siete d\u00edas de la semana, no puede haber excusas para no hacer la declaraci\u00f3n dentro de ese plazo y evitar el recargo en cuesti\u00f3n\u00bb, dijo.<\/p>\n<\/p>\n<p>Recuerda que los importadores pueden realizar la \u00abdeclaraci\u00f3n anticipada\u00bb, iniciando los tr\u00e1mites antes de las mercanc\u00edas lleguen al puerto, escenario al que se quiere encaminar y eficienciar el proceso de despacho<\/p>\n<h6> 2013-09-30 14:59:55 <\/h6>\n<p><!--\n<link rel=\"stylesheet\" href=\"css\/bootstrap.min.css\">\n\n\n<ul class=\"pagination\">\n\t    \n\t\n\n<li >\n\t<a href='?page_no=14759'>Previous<\/a>\n\t<\/li>\n\n\n       \n    \n\n<li><a href='?page_no=1'>1<\/a><\/li>\n\n\n\n<li><a href='?page_no=2'>2<\/a><\/li>\n\n\n\n<li><a>...<\/a><\/li>\n\n\n\n<li><a href='?page_no=14758'>14758<\/a><\/li>\n\n\n\n<li><a href='?page_no=14759'>14759<\/a><\/li>\n\n\n\n<li class='active'><a>14760<\/a><\/li>\n\n\n\n<li><a href='?page_no=14761'>14761<\/a><\/li>\n\n\n\n<li><a href='?page_no=14762'>14762<\/a><\/li>\n\n\n\n<li><a>...<\/a><\/li>\n\n\n\n<li><a href='?page_no=30472'>30472<\/a><\/li>\n\n\n\n<li><a href='?page_no=30473'>30473<\/a><\/li>\n\n    \n\t\n\n<li >\n\t<a href='?page_no=14761'>Next<\/a>\n\t<\/li>\n\n\n    \n\n<li><a href='?page_no=30473'>Last &rsaquo;&rsaquo;<\/a><\/li>\n\n<\/ul>\n\n\n--><br \/>\n<\/body><\/p>\n","protected":false},"excerpt":{"rendered":"<p>Santo Domingo RD 30 septiembre.- La Direcci\u00f3n General de Aduanas (DGA) anunci\u00f3 hoy mediante un espacio pagado que aplicar\u00e1 desde ma\u00f1ana 1 de octubre el cobro correspondiente al recargo por concepto de declaraci\u00f3n tard\u00eda. No obstante, indica que s\u00f3lo se exceptuar\u00e1 de esta medida si la solicitud de eliminaci\u00f3n est\u00e1 amparada en alguna ley o [&hellip;]<\/p>\n","protected":false},"author":3,"featured_media":0,"comment_status":"open","ping_status":"open","sticky":false,"template":"","format":"standard","meta":{"footnotes":""},"categories":[18],"tags":[],"class_list":["post-99287","post","type-post","status-publish","format-standard","hentry","category-economia"],"_links":{"self":[{"href":"https:\/\/diariodominicano.com\/index.php?rest_route=\/wp\/v2\/posts\/99287","targetHints":{"allow":["GET"]}}],"collection":[{"href":"https:\/\/diariodominicano.com\/index.php?rest_route=\/wp\/v2\/posts"}],"about":[{"href":"https:\/\/diariodominicano.com\/index.php?rest_route=\/wp\/v2\/types\/post"}],"author":[{"embeddable":true,"href":"https:\/\/diariodominicano.com\/index.php?rest_route=\/wp\/v2\/users\/3"}],"replies":[{"embeddable":true,"href":"https:\/\/diariodominicano.com\/index.php?rest_route=%2Fwp%2Fv2%2Fcomments&post=99287"}],"version-history":[{"count":0,"href":"https:\/\/diariodominicano.com\/index.php?rest_route=\/wp\/v2\/posts\/99287\/revisions"}],"wp:attachment":[{"href":"https:\/\/diariodominicano.com\/index.php?rest_route=%2Fwp%2Fv2%2Fmedia&parent=99287"}],"wp:term":[{"taxonomy":"category","embeddable":true,"href":"https:\/\/diariodominicano.com\/index.php?rest_route=%2Fwp%2Fv2%2Fcategories&post=99287"},{"taxonomy":"post_tag","embeddable":true,"href":"https:\/\/diariodominicano.com\/index.php?rest_route=%2Fwp%2Fv2%2Ftags&post=99287"}],"curies":[{"name":"wp","href":"https:\/\/api.w.org\/{rel}","templated":true}]}}