{"id":99283,"date":"2013-09-30T15:17:53","date_gmt":"2013-09-30T15:17:53","guid":{"rendered":"http:\/\/diariodominicano.ddns.net\/?p=99283"},"modified":"2013-09-30T15:17:53","modified_gmt":"2013-09-30T15:17:53","slug":"mitur-inicia-segunda-fase-del-proyecto-ayudame-a-pintar-tu-casa-en-la-ciudad-colonial","status":"publish","type":"post","link":"https:\/\/diariodominicano.com\/?p=99283","title":{"rendered":"MITUR inicia segunda fase del proyecto \u00abAy\u00fadame a Pintar tu casa\u00bb en la Ciudad Colonial"},"content":{"rendered":"<p><body><\/p>\n<p><img decoding=\"async\" src=\"img3\/foto 30.jpg\" \/>  <\/p>\n<p>Santo Domingo RD 30 septiembre.- El Ministerio de Turismo (MITUR) inici\u00f3 con \u00e9xito la segunda etapa del proyecto \u00abAy\u00fadame a pintar tu casa\u00bb que lleva a cabo la entidad gubernamental a trav\u00e9s del Programa de Fomento al Turismo de la Ciudad Colonial. <\/p>\n<\/p>\n<p>La jornada de trabajo se realiz\u00f3 con la colaboraci\u00f3n de voluntarios y colaboradores desde las 10:00 am, que partieron desde la calle Hostos, donde estuvieron pintando las casas de la Ciudad Colonial junto con representantes del Ministerio, Ayuntamiento del Distrito Nacional, Patrimonio Monumental, as\u00ed como residentes de la zona.<\/p>\n<\/p>\n<p>La iniciativa tiene como objetivo embellecer y mejorar las fachadas de casas hist\u00f3ricas de particulares que se encuentran ubicadas dentro del per\u00edmetro de ejecuci\u00f3n del Programa, mejorando as\u00ed el patrimonio inmueble y diversificar la oferta tur\u00edstica de la zona.<\/p>\n<\/p>\n<p>La Arq. Maribel Villalona, Coordinadora General del Programa, explic\u00f3 que esta fase del proyecto se lleva a cabo entre septiembre y noviembre de este a\u00f1o, abarcando 200 casas que se encuentran ubicadas en los sectores Mar\u00eda de Toledo, Mercedes, Nicol\u00e1s de Bari, San Ant\u00f3n y Santa Barbar\u00e1. \u00abTrabajamos de manera conjunta y participativa para realizar un trabajo de calidad, para esto es necesario el apoyo y la colaboraci\u00f3n de todos los beneficiarios del Programa, a quienes les estamos solicitando su compromiso de participaci\u00f3n\u00bb, se\u00f1al\u00f3 Villalona.<\/p>\n<\/p>\n<p>El proceso de selecci\u00f3n de los colores se llev\u00f3 a cabo conjuntamente con expertos del programa y personal de Patrimonio Monumental de acuerdo a los tonos originales y fueron seleccionados para lograr una armon\u00eda entre las edificaciones y resaltar la belleza de cada una de ellas. En la primera fase, que se llev\u00f3 a cabo entre febrero y abril, se pintaron 150 inmuebles de los sectores de Santa Clara y Juan Pablo Duarte con la participaci\u00f3n de los residentes que han manifestado el agradecimiento y satisfacci\u00f3n por esta iniciativa.<\/p>\n<\/p>\n<p>La Coordinadora del Programa resalt\u00f3, adem\u00e1s, que el compromiso de MITUR es trabajar sin descanso para entregarles una Ciudad Colonial renovada y embellecida, donde los propietarios y residentes se sientan orgullosos de su comunidad y se sientan en el deber de cuidarla.<\/p>\n<\/p>\n<p>El Programa de Fomento al Turismo Ciudad Colonial tiene como prop\u00f3sito dinamizar la competitividad del sector tur\u00edstico dominicano. Cuenta con el apoyo del Gobierno Central, el Banco Interamericano  de Desarrollo (BID), la UNESCO, el Ministerio Cultura, el Ministerio de Econom\u00eda Planificaci\u00f3n y Desarrollo, el Ayuntamiento del Distrito Nacional, el Arzobispado de Santo Domingo, el Cl\u00faster Tur\u00edstico de Santo Domingo, ASONAHORES, la Asociaci\u00f3n Ciudad Ovando, la Uni\u00f3n de Juntas Vecinos, la CAASD, EDEESTE e INDOTEL.<\/p>\n<\/p>\n<h6> 2013-09-30 15:17:53 <\/h6>\n<p><!--\n<link rel=\"stylesheet\" href=\"css\/bootstrap.min.css\">\n\n\n<ul class=\"pagination\">\n\t    \n\t\n\n<li >\n\t<a href='?page_no=14756'>Previous<\/a>\n\t<\/li>\n\n\n       \n    \n\n<li><a href='?page_no=1'>1<\/a><\/li>\n\n\n\n<li><a href='?page_no=2'>2<\/a><\/li>\n\n\n\n<li><a>...<\/a><\/li>\n\n\n\n<li><a href='?page_no=14755'>14755<\/a><\/li>\n\n\n\n<li><a href='?page_no=14756'>14756<\/a><\/li>\n\n\n\n<li class='active'><a>14757<\/a><\/li>\n\n\n\n<li><a href='?page_no=14758'>14758<\/a><\/li>\n\n\n\n<li><a href='?page_no=14759'>14759<\/a><\/li>\n\n\n\n<li><a>...<\/a><\/li>\n\n\n\n<li><a href='?page_no=30472'>30472<\/a><\/li>\n\n\n\n<li><a href='?page_no=30473'>30473<\/a><\/li>\n\n    \n\t\n\n<li >\n\t<a href='?page_no=14758'>Next<\/a>\n\t<\/li>\n\n\n    \n\n<li><a href='?page_no=30473'>Last &rsaquo;&rsaquo;<\/a><\/li>\n\n<\/ul>\n\n\n--><br \/>\n<\/body><\/p>\n","protected":false},"excerpt":{"rendered":"<p>Santo Domingo RD 30 septiembre.- El Ministerio de Turismo (MITUR) inici\u00f3 con \u00e9xito la segunda etapa del proyecto \u00abAy\u00fadame a pintar tu casa\u00bb que lleva a cabo la entidad gubernamental a trav\u00e9s del Programa de Fomento al Turismo de la Ciudad Colonial. La jornada de trabajo se realiz\u00f3 con la colaboraci\u00f3n de voluntarios y colaboradores [&hellip;]<\/p>\n","protected":false},"author":3,"featured_media":0,"comment_status":"open","ping_status":"open","sticky":false,"template":"","format":"standard","meta":{"footnotes":""},"categories":[18],"tags":[],"class_list":["post-99283","post","type-post","status-publish","format-standard","hentry","category-economia"],"_links":{"self":[{"href":"https:\/\/diariodominicano.com\/index.php?rest_route=\/wp\/v2\/posts\/99283","targetHints":{"allow":["GET"]}}],"collection":[{"href":"https:\/\/diariodominicano.com\/index.php?rest_route=\/wp\/v2\/posts"}],"about":[{"href":"https:\/\/diariodominicano.com\/index.php?rest_route=\/wp\/v2\/types\/post"}],"author":[{"embeddable":true,"href":"https:\/\/diariodominicano.com\/index.php?rest_route=\/wp\/v2\/users\/3"}],"replies":[{"embeddable":true,"href":"https:\/\/diariodominicano.com\/index.php?rest_route=%2Fwp%2Fv2%2Fcomments&post=99283"}],"version-history":[{"count":0,"href":"https:\/\/diariodominicano.com\/index.php?rest_route=\/wp\/v2\/posts\/99283\/revisions"}],"wp:attachment":[{"href":"https:\/\/diariodominicano.com\/index.php?rest_route=%2Fwp%2Fv2%2Fmedia&parent=99283"}],"wp:term":[{"taxonomy":"category","embeddable":true,"href":"https:\/\/diariodominicano.com\/index.php?rest_route=%2Fwp%2Fv2%2Fcategories&post=99283"},{"taxonomy":"post_tag","embeddable":true,"href":"https:\/\/diariodominicano.com\/index.php?rest_route=%2Fwp%2Fv2%2Ftags&post=99283"}],"curies":[{"name":"wp","href":"https:\/\/api.w.org\/{rel}","templated":true}]}}