{"id":99280,"date":"2013-09-30T20:04:30","date_gmt":"2013-09-30T20:04:30","guid":{"rendered":"http:\/\/diariodominicano.ddns.net\/?p=99280"},"modified":"2013-09-30T20:04:30","modified_gmt":"2013-09-30T20:04:30","slug":"en-noviembre-empieza-etiquetado-de-la-leche-como-establece-la-ley-que-crea-conaleche","status":"publish","type":"post","link":"https:\/\/diariodominicano.com\/?p=99280","title":{"rendered":"&#13;&#13;En noviembre empieza etiquetado de la leche como establece la ley que crea conaleche&#13;"},"content":{"rendered":"<p><body><\/p>\n<\/p>\n<p><span class=\"text1noticias\">Santo Domingo, RD, 30 de septiembre.- El ministro de Agricultura, Luis Ram\u00f3n Rodr\u00edguez, anunci\u00f3 que en el pr\u00f3ximo mes de noviembre  se iniciar\u00e1 el proceso de etiquetado de la leche, como lo establece la ley 180-01, que crea el Consejo Nacional para la Reglamentaci\u00f3n y Fomento de la Industria Lechera (conaleche).<\/span><\/p>\n<\/p>\n<p><span class=\"text1noticias\">El funcionario ofreci\u00f3 la informaci\u00f3n al posicionar al nuevo director  del Conaleche, ganadero Juan Recio, quien ocupa por segunda ocasi\u00f3n la direcci\u00f3n de ese organismo de administraci\u00f3n mixta.<\/span><\/p>\n<\/p>\n<p><span class=\"text1noticias\">Destac\u00f3 las cualidades y entrega de trabajo del saliente director, renunciante Jos\u00e9 Monteo, quien tambi\u00e9n es un reconocido ganadero, el cual dijo que trabaj\u00f3 durante el a\u00f1o que estuvo en el organismo en el mejoramiento de la calidad y la reglamentaci\u00f3n para el del etiquetado de la leche.<\/span><\/p>\n<\/p>\n<p><span class=\"text1noticias\">En el acto de toma de posesi\u00f3n del nuevo director estuvieron el Director General de Ganader\u00eda, Bol\u00edvar Toribio; el Director del Consejo Nacional de Producci\u00f3n pecuaria (Conaprope), Radham\u00e9s Silverio, as\u00ed como l\u00edderes del sector ganadero nacional.<\/span><\/p>\n<\/p>\n<p><span class=\"text1noticias\">Rodr\u00edguez agradeci\u00f3 al saliente director los trabajos ejecutados en el organismo, de quien dijo renunci\u00f3 a su posici\u00f3n para dedicarse a proyectos personales. Igualmente destac\u00f3 las cualidades de trabajo del nuevo funcionario, a quien invit\u00f3 a continuar  con los programas de mejor\u00eda de la industria lechera de Rep\u00fablica Dominicana.<\/span><\/p>\n<\/p>\n<p><span class=\"text1noticias\">El ministro de Agricultura dijo que el gobierno del presidente Danilo Medina ha incrementado el apoyo que requiere el sector lechero y destac\u00f3 los programas sanitarios que, con financiamiento oficial, se ejecutan a favor del desarrollo de la ganader\u00eda de leche del pa\u00eds.<\/span><\/p>\n<\/p>\n<p><span class=\"text1noticias\">Mientras, el nuevo director Juan Recio destac\u00f3 el ambiente positivo que tiene actualmente la producci\u00f3n de leche en el pa\u00eds, y dijo que en la actualidad la producci\u00f3n Local compite con la internacional debido a los precios a que esta cotiza en los mercados mundiales.<\/span><\/p>\n<\/p>\n<p><span class=\"text1noticias\">Asegur\u00f3 que eso ha incrementado la competencia en la industria lechera nacional, lo que dijo redundar\u00e1 en un aumento de la producci\u00f3n del vital alimento.<\/span><\/p>\n<\/p>\n<p><span class=\"text1noticias\">DIA DEL CACAO<\/span><\/p>\n<\/p>\n<p><span class=\"text1noticias\">M\u00e1s temprano, el ministro Luis Ram\u00f3n Rodr\u00edguez, en una entrevista en un  programa de televisi\u00f3n, valor\u00f3 el apoyo del presidente Danilo Medina para el desarrollo de la agropecuaria, y destac\u00f3 que este martes se celebra el D\u00eda Nacional de Cacao.<\/span><\/p>\n<\/p>\n<p><span class=\"text1noticias\">Dijo que la fecha encuentra a ese subsector en un proceso sostenido de recuperaci\u00f3n de su rentabilidad, debido al posicionamiento del cacao dominicano, especialmente el cacao org\u00e1nico, en los mercados internacionales.<\/span><\/p>\n<p><span class=\"text1noticias\">Rodr\u00edguez adelant\u00f3 que la ocasi\u00f3n ser\u00e1 aprovechada por la Comisi\u00f3n Nacional del Cacao para hacer una evaluaci\u00f3n general sobre la evoluci\u00f3n del cultivo, donde estar\u00e1n presentes los principales l\u00edderes, procesadores y comercializadores del producto.<\/span><\/p>\n<\/p>\n<p><span class=\"text1noticias\">Explic\u00f3 que este a\u00f1o se decidi\u00f3 variar el acto masivo que tradicionalmente se celebraba, para invertir los recursos en trabajos de investigaci\u00f3n del cacao que se realizan a trav\u00e9s de la estaci\u00f3n experimental de Mata Larga, en San Francisco de Macor\u00eds, donde se celebrar\u00e1 <\/span><\/p>\n<h6> 2013-09-30 20:04:30 <\/h6>\n<p><!--\n<link rel=\"stylesheet\" href=\"css\/bootstrap.min.css\">\n\n\n<ul class=\"pagination\">\n\t    \n\t\n\n<li >\n\t<a href='?page_no=14753'>Previous<\/a>\n\t<\/li>\n\n\n       \n    \n\n<li><a href='?page_no=1'>1<\/a><\/li>\n\n\n\n<li><a href='?page_no=2'>2<\/a><\/li>\n\n\n\n<li><a>...<\/a><\/li>\n\n\n\n<li><a href='?page_no=14752'>14752<\/a><\/li>\n\n\n\n<li><a href='?page_no=14753'>14753<\/a><\/li>\n\n\n\n<li class='active'><a>14754<\/a><\/li>\n\n\n\n<li><a href='?page_no=14755'>14755<\/a><\/li>\n\n\n\n<li><a href='?page_no=14756'>14756<\/a><\/li>\n\n\n\n<li><a>...<\/a><\/li>\n\n\n\n<li><a href='?page_no=30472'>30472<\/a><\/li>\n\n\n\n<li><a href='?page_no=30473'>30473<\/a><\/li>\n\n    \n\t\n\n<li >\n\t<a href='?page_no=14755'>Next<\/a>\n\t<\/li>\n\n\n    \n\n<li><a href='?page_no=30473'>Last &rsaquo;&rsaquo;<\/a><\/li>\n\n<\/ul>\n\n\n--><br \/>\n<\/body><\/p>\n","protected":false},"excerpt":{"rendered":"<p>Santo Domingo, RD, 30 de septiembre.- El ministro de Agricultura, Luis Ram\u00f3n Rodr\u00edguez, anunci\u00f3 que en el pr\u00f3ximo mes de noviembre se iniciar\u00e1 el proceso de etiquetado de la leche, como lo establece la ley 180-01, que crea el Consejo Nacional para la Reglamentaci\u00f3n y Fomento de la Industria Lechera (conaleche). El funcionario ofreci\u00f3 la [&hellip;]<\/p>\n","protected":false},"author":3,"featured_media":0,"comment_status":"open","ping_status":"open","sticky":false,"template":"","format":"standard","meta":{"footnotes":""},"categories":[18],"tags":[],"class_list":["post-99280","post","type-post","status-publish","format-standard","hentry","category-economia"],"_links":{"self":[{"href":"https:\/\/diariodominicano.com\/index.php?rest_route=\/wp\/v2\/posts\/99280","targetHints":{"allow":["GET"]}}],"collection":[{"href":"https:\/\/diariodominicano.com\/index.php?rest_route=\/wp\/v2\/posts"}],"about":[{"href":"https:\/\/diariodominicano.com\/index.php?rest_route=\/wp\/v2\/types\/post"}],"author":[{"embeddable":true,"href":"https:\/\/diariodominicano.com\/index.php?rest_route=\/wp\/v2\/users\/3"}],"replies":[{"embeddable":true,"href":"https:\/\/diariodominicano.com\/index.php?rest_route=%2Fwp%2Fv2%2Fcomments&post=99280"}],"version-history":[{"count":0,"href":"https:\/\/diariodominicano.com\/index.php?rest_route=\/wp\/v2\/posts\/99280\/revisions"}],"wp:attachment":[{"href":"https:\/\/diariodominicano.com\/index.php?rest_route=%2Fwp%2Fv2%2Fmedia&parent=99280"}],"wp:term":[{"taxonomy":"category","embeddable":true,"href":"https:\/\/diariodominicano.com\/index.php?rest_route=%2Fwp%2Fv2%2Fcategories&post=99280"},{"taxonomy":"post_tag","embeddable":true,"href":"https:\/\/diariodominicano.com\/index.php?rest_route=%2Fwp%2Fv2%2Ftags&post=99280"}],"curies":[{"name":"wp","href":"https:\/\/api.w.org\/{rel}","templated":true}]}}