{"id":99279,"date":"2013-09-30T20:34:34","date_gmt":"2013-09-30T20:34:34","guid":{"rendered":"http:\/\/diariodominicano.ddns.net\/?p=99279"},"modified":"2013-09-30T20:34:34","modified_gmt":"2013-09-30T20:34:34","slug":"comercializan-en-dominicana-vehiculos-de-fabricacion-china","status":"publish","type":"post","link":"https:\/\/diariodominicano.com\/?p=99279","title":{"rendered":"&#13;Comercializan en Dominicana veh\u00edculos de fabricaci\u00f3n china"},"content":{"rendered":"<p><body><\/p>\n<\/p>\n<p>Santo Domingo, 30 sep (PL) La primera feria de veh\u00edculos de fabricaci\u00f3n China realizada en Rep\u00fablica Dominicana comercializ\u00f3 128 medios de las marcas BYD, Lifan, Brilliance, Chana y Haima, entre otras, informaron hoy sus promotores.<\/p>\n<\/p>\n<p>Seg\u00fan la C\u00e1mara China de Comercio de Rep\u00fablica Dominicana, las ventas llegaron a 76 millones 800 mil pesos, un mill\u00f3n 810 mil 490 d\u00f3lares, y el p\u00fablico asistente se mostr\u00f3 satisfecho con las ofertas.<\/p>\n<\/p>\n<p>Dicha iniciativa fue parte de la quinta exposici\u00f3n comercial del pa\u00eds asi\u00e1tico en esta capital desde el pasado 26 de septiembre hasta la v\u00edspera.<\/p>\n<\/p>\n<p>Los resultados de la feria hablan de un gran \u00e9xito y se evidencia que las marcas de origen chino tienen realmente muy buena acogida en el mercado dominicano, coment\u00f3 Yeuk Fai Cheung, presidente de la mencionada c\u00e1mara.<\/p>\n<\/p>\n<p>Durante la muestra tambi\u00e9n se celebr\u00f3 un foro de negocios entre empresarios de ambos pa\u00edses con el objetivo de invertir en diversas \u00e1reas del desarrollo de Dominicana.<\/p>\n<h6> 2013-09-30 20:34:34 <\/h6>\n<p><!--\n<link rel=\"stylesheet\" href=\"css\/bootstrap.min.css\">\n\n\n<ul class=\"pagination\">\n\t    \n\t\n\n<li >\n\t<a href='?page_no=14752'>Previous<\/a>\n\t<\/li>\n\n\n       \n    \n\n<li><a href='?page_no=1'>1<\/a><\/li>\n\n\n\n<li><a href='?page_no=2'>2<\/a><\/li>\n\n\n\n<li><a>...<\/a><\/li>\n\n\n\n<li><a href='?page_no=14751'>14751<\/a><\/li>\n\n\n\n<li><a href='?page_no=14752'>14752<\/a><\/li>\n\n\n\n<li class='active'><a>14753<\/a><\/li>\n\n\n\n<li><a href='?page_no=14754'>14754<\/a><\/li>\n\n\n\n<li><a href='?page_no=14755'>14755<\/a><\/li>\n\n\n\n<li><a>...<\/a><\/li>\n\n\n\n<li><a href='?page_no=30472'>30472<\/a><\/li>\n\n\n\n<li><a href='?page_no=30473'>30473<\/a><\/li>\n\n    \n\t\n\n<li >\n\t<a href='?page_no=14754'>Next<\/a>\n\t<\/li>\n\n\n    \n\n<li><a href='?page_no=30473'>Last &rsaquo;&rsaquo;<\/a><\/li>\n\n<\/ul>\n\n\n--><br \/>\n<\/body><\/p>\n","protected":false},"excerpt":{"rendered":"<p>Santo Domingo, 30 sep (PL) La primera feria de veh\u00edculos de fabricaci\u00f3n China realizada en Rep\u00fablica Dominicana comercializ\u00f3 128 medios de las marcas BYD, Lifan, Brilliance, Chana y Haima, entre otras, informaron hoy sus promotores. Seg\u00fan la C\u00e1mara China de Comercio de Rep\u00fablica Dominicana, las ventas llegaron a 76 millones 800 mil pesos, un mill\u00f3n [&hellip;]<\/p>\n","protected":false},"author":3,"featured_media":0,"comment_status":"open","ping_status":"open","sticky":false,"template":"","format":"standard","meta":{"footnotes":""},"categories":[18],"tags":[],"class_list":["post-99279","post","type-post","status-publish","format-standard","hentry","category-economia"],"_links":{"self":[{"href":"https:\/\/diariodominicano.com\/index.php?rest_route=\/wp\/v2\/posts\/99279","targetHints":{"allow":["GET"]}}],"collection":[{"href":"https:\/\/diariodominicano.com\/index.php?rest_route=\/wp\/v2\/posts"}],"about":[{"href":"https:\/\/diariodominicano.com\/index.php?rest_route=\/wp\/v2\/types\/post"}],"author":[{"embeddable":true,"href":"https:\/\/diariodominicano.com\/index.php?rest_route=\/wp\/v2\/users\/3"}],"replies":[{"embeddable":true,"href":"https:\/\/diariodominicano.com\/index.php?rest_route=%2Fwp%2Fv2%2Fcomments&post=99279"}],"version-history":[{"count":0,"href":"https:\/\/diariodominicano.com\/index.php?rest_route=\/wp\/v2\/posts\/99279\/revisions"}],"wp:attachment":[{"href":"https:\/\/diariodominicano.com\/index.php?rest_route=%2Fwp%2Fv2%2Fmedia&parent=99279"}],"wp:term":[{"taxonomy":"category","embeddable":true,"href":"https:\/\/diariodominicano.com\/index.php?rest_route=%2Fwp%2Fv2%2Fcategories&post=99279"},{"taxonomy":"post_tag","embeddable":true,"href":"https:\/\/diariodominicano.com\/index.php?rest_route=%2Fwp%2Fv2%2Ftags&post=99279"}],"curies":[{"name":"wp","href":"https:\/\/api.w.org\/{rel}","templated":true}]}}