{"id":99277,"date":"2013-10-01T13:42:56","date_gmt":"2013-10-01T13:42:56","guid":{"rendered":"http:\/\/diariodominicano.ddns.net\/?p=99277"},"modified":"2013-10-01T13:42:56","modified_gmt":"2013-10-01T13:42:56","slug":"banco-central-mantiene-la-tasa-de-politica-monetaria-en-6-25-anual-2","status":"publish","type":"post","link":"https:\/\/diariodominicano.com\/?p=99277","title":{"rendered":"Banco Central mantiene la Tasa de Pol\u00edtica Monetaria en 6.25% anual"},"content":{"rendered":"<p><body><\/p>\n<p><img decoding=\"async\" src=\"img3\/banco 1.jpg\" \/>  <\/p>\n<p>Santo Domingo RD 1 octubre.- En su reuni\u00f3n de pol\u00edtica monetaria de septiembre de 2013, el Banco Central de la Rep\u00fablica Dominicana decidi\u00f3 mantener sin cambio su Tasa de Pol\u00edtica Monetaria (TPM) en 6.25 % anual.<\/p>\n<\/p>\n<p>La decisi\u00f3n en torno a la tasa de referencia toma en consideraci\u00f3n las proyecciones de inflaci\u00f3n que indican que no hay desv\u00edos importantes de las metas establecidas en el Programa Monetario, tanto para 2013 (5.0% \u00b1 1.0%), como para 2014 (4.5% \u00b1 1.0%). <\/p>\n<\/p>\n<p>En agosto, la tasa interanual de inflaci\u00f3n se situ\u00f3 en 5.30%, acumul\u00e1ndose 3.07% en los primeros ocho meses del presente a\u00f1o. A nivel mensual, la inflaci\u00f3n alcanz\u00f3 0.66% en agosto. Asimismo, la inflaci\u00f3n subyacente, que es el indicador de precios que mejor refleja las condiciones monetarias, se redujo en t\u00e9rminos interanuales de 5.25% en julio a 4.70% en agosto, por debajo del valor central del rango meta para el a\u00f1o 2013.<\/p>\n<\/p>\n<p>En el contexto externo, el Banco de la Reserva Federal de los Estados Unidos de Am\u00e9rica mantuvo sin cambio su pol\u00edtica de flexibilizaci\u00f3n cuantitativa, lo que provoc\u00f3 una disminuci\u00f3n de las tasas de inter\u00e9s de mercado en esa econom\u00eda, as\u00ed como la reversi\u00f3n de los flujos de capitales desde las econom\u00edas emergentes y la apreciaci\u00f3n del d\u00f3lar.  <\/p>\n<\/p>\n<p>Indicadores de expectativas del sector privado en la Zona Euro muestran una percepci\u00f3n de que la econom\u00eda de ese bloque de pa\u00edses podr\u00eda estar saliendo de recesi\u00f3n en los pr\u00f3ximos meses, impulsada por el crecimiento de las econom\u00edas m\u00e1s grandes como Alemania y Francia. En Am\u00e9rica Latina, seg\u00fan el \u00faltimo reporte de Consensus Forecast, se proyecta un crecimiento de 2.6% para el presente a\u00f1o, lo que implica una moderaci\u00f3n en comparaci\u00f3n con el promedio de los \u00faltimos a\u00f1os. En cuanto a los precios internacionales, se observa un comportamiento m\u00e1s estable en las materias primas, aunque a\u00fan se mantienen por encima de sus promedios hist\u00f3ricos.<\/p>\n<\/p>\n<p>En el \u00e1mbito dom\u00e9stico, la actividad econ\u00f3mica muestra signos de mejor\u00eda. Cifras preliminares del Indicador Mensual de Actividad Econ\u00f3mica apuntan a una tendencia de crecimiento, consistente con la proyecci\u00f3n de 3.0% del Programa Monetario. <\/p>\n<\/p>\n<p>Un determinante importante de este comportamiento es la evoluci\u00f3n del cr\u00e9dito al sector privado en moneda nacional, el cual ha presentado un crecimiento interanual  en torno a 14.5% en el mes de septiembre y se espera que cerrar\u00eda el a\u00f1o cercano a 12.0%. En el sector fiscal, el gobierno mantiene un programa de inversiones p\u00fablicas en l\u00ednea con su plan de presupuesto, a la vez que lleva a cabo una pol\u00edtica de gastos consistente con el cumplimiento de su objetivo de d\u00e9ficit de 2.8% del PIB, para el cierre del a\u00f1o.<\/p>\n<\/p>\n<p>La decisi\u00f3n de liberalizar unos RD$20,000 millones del encaje legal a los sectores productivos ha contribuido notablemente al dinamismo del cr\u00e9dito. En mayo-septiembre, se hab\u00eda colocado casi el 80% del monto a liberalizar (unos RD$15,500 millones del encaje), lo que ha generado un efecto multiplicador en el sistema financiero, alcanzando el incremento total del cr\u00e9dito privado en moneda nacional, m\u00e1s de RD$30,000 millones, durante ese periodo. <\/p>\n<\/p>\n<p>En lo que va de a\u00f1o, desde diciembre pasado, el cr\u00e9dito privado en moneda nacional ha crecido en torno a RD$38,000 millones, una recuperaci\u00f3n significativa con respecto a igual periodo del pasado a\u00f1o, cuando se registr\u00f3 una ca\u00edda de aproximadamente RD$5,000 millones. En t\u00e9rminos interanuales, septiembre 2012-septiembre 2013, el cr\u00e9dito privado en moneda nacional se ha expandido en unos RD$58,000 millones, monto 4.3 veces mayor que el total colocado un a\u00f1o antes, entre septiembre de 2011 y septiembre de 2012.<\/p>\n<\/p>\n<p>La liquidez del sistema financiero se mantiene creciendo de acuerdo a lo previsto en el Programa Monetario. En t\u00e9rminos interanuales, en septiembre, los billetes y monedas emitidos y el medio circulante (M1) crecieron alrededor de 8.5% y 9.0%, respectivamente, tasas consistentes con el comportamiento esperado del PIB nominal para el a\u00f1o 2013.<\/p>\n<\/p>\n<p>El Banco Central reafirma su compromiso de conducir la pol\u00edtica monetaria al logro de su meta de inflaci\u00f3n, a la vez que seguir\u00e1 monitoreando la evoluci\u00f3n de la econom\u00eda mundial y la coyuntura dom\u00e9stica a fin de adoptar las medidas necesarias ante riesgos sobre la estabilidad de precios y el buen funcionamiento de los sistemas financiero y de pagos.               <\/p>\n<p> Santo Domingo, 30 de septiembre de 2013.<\/p>\n<h6> 2013-10-01 13:42:56 <\/h6>\n<p><!--\n<link rel=\"stylesheet\" href=\"css\/bootstrap.min.css\">\n\n\n<ul class=\"pagination\">\n\t    \n\t\n\n<li >\n\t<a href='?page_no=14750'>Previous<\/a>\n\t<\/li>\n\n\n       \n    \n\n<li><a href='?page_no=1'>1<\/a><\/li>\n\n\n\n<li><a href='?page_no=2'>2<\/a><\/li>\n\n\n\n<li><a>...<\/a><\/li>\n\n\n\n<li><a href='?page_no=14749'>14749<\/a><\/li>\n\n\n\n<li><a href='?page_no=14750'>14750<\/a><\/li>\n\n\n\n<li class='active'><a>14751<\/a><\/li>\n\n\n\n<li><a href='?page_no=14752'>14752<\/a><\/li>\n\n\n\n<li><a href='?page_no=14753'>14753<\/a><\/li>\n\n\n\n<li><a>...<\/a><\/li>\n\n\n\n<li><a href='?page_no=30472'>30472<\/a><\/li>\n\n\n\n<li><a href='?page_no=30473'>30473<\/a><\/li>\n\n    \n\t\n\n<li >\n\t<a href='?page_no=14752'>Next<\/a>\n\t<\/li>\n\n\n    \n\n<li><a href='?page_no=30473'>Last &rsaquo;&rsaquo;<\/a><\/li>\n\n<\/ul>\n\n\n--><br \/>\n<\/body><\/p>\n","protected":false},"excerpt":{"rendered":"<p>Santo Domingo RD 1 octubre.- En su reuni\u00f3n de pol\u00edtica monetaria de septiembre de 2013, el Banco Central de la Rep\u00fablica Dominicana decidi\u00f3 mantener sin cambio su Tasa de Pol\u00edtica Monetaria (TPM) en 6.25 % anual. La decisi\u00f3n en torno a la tasa de referencia toma en consideraci\u00f3n las proyecciones de inflaci\u00f3n que indican que [&hellip;]<\/p>\n","protected":false},"author":3,"featured_media":0,"comment_status":"open","ping_status":"open","sticky":false,"template":"","format":"standard","meta":{"footnotes":""},"categories":[18],"tags":[],"class_list":["post-99277","post","type-post","status-publish","format-standard","hentry","category-economia"],"_links":{"self":[{"href":"https:\/\/diariodominicano.com\/index.php?rest_route=\/wp\/v2\/posts\/99277","targetHints":{"allow":["GET"]}}],"collection":[{"href":"https:\/\/diariodominicano.com\/index.php?rest_route=\/wp\/v2\/posts"}],"about":[{"href":"https:\/\/diariodominicano.com\/index.php?rest_route=\/wp\/v2\/types\/post"}],"author":[{"embeddable":true,"href":"https:\/\/diariodominicano.com\/index.php?rest_route=\/wp\/v2\/users\/3"}],"replies":[{"embeddable":true,"href":"https:\/\/diariodominicano.com\/index.php?rest_route=%2Fwp%2Fv2%2Fcomments&post=99277"}],"version-history":[{"count":0,"href":"https:\/\/diariodominicano.com\/index.php?rest_route=\/wp\/v2\/posts\/99277\/revisions"}],"wp:attachment":[{"href":"https:\/\/diariodominicano.com\/index.php?rest_route=%2Fwp%2Fv2%2Fmedia&parent=99277"}],"wp:term":[{"taxonomy":"category","embeddable":true,"href":"https:\/\/diariodominicano.com\/index.php?rest_route=%2Fwp%2Fv2%2Fcategories&post=99277"},{"taxonomy":"post_tag","embeddable":true,"href":"https:\/\/diariodominicano.com\/index.php?rest_route=%2Fwp%2Fv2%2Ftags&post=99277"}],"curies":[{"name":"wp","href":"https:\/\/api.w.org\/{rel}","templated":true}]}}