{"id":99276,"date":"2013-10-01T14:32:58","date_gmt":"2013-10-01T14:32:58","guid":{"rendered":"http:\/\/diariodominicano.ddns.net\/?p=99276"},"modified":"2013-10-01T14:32:58","modified_gmt":"2013-10-01T14:32:58","slug":"expo-monte-plata-con-gran-homenaje-a-la-dominicanidad-en-expo-monte-plata-2013","status":"publish","type":"post","link":"https:\/\/diariodominicano.com\/?p=99276","title":{"rendered":"Expo Monte Plata con gran homenaje a la dominicanidad en Expo Monte Plata 2013"},"content":{"rendered":"<p><body><\/p>\n<p><img decoding=\"async\" src=\"img3\/charlie 1.jpg\" \/>  <\/p>\n<p>Santo Domingo RD 1 octubre.- La Oficina de Gesti\u00f3n Senatorial de Monte Plata organizadora de la expo provincial m\u00e1s importante  del pa\u00eds, Expo Monte Plata en su sexta versi\u00f3n 2013 sigue con su proyecto de visibilizar y expandir sus tesoros ecol\u00f3gicos y culturales con una variada oferta de m\u00fasica y actividades recreativas y educativas desde el viernes 4 hasta el 6 de octubre.<\/p>\n<\/p>\n<p>Un extenso programa con talleres sobre folklor y m\u00fasica, charlas, exposiciones, ventas de productos y un parque tem\u00e1tico que culminar\u00e1 cada anoche con una constelaci\u00f3n de estrellas nacionales y talentos locales de la provincia.<\/p>\n<\/p>\n<p>\u00abLa idea es que el p\u00fablico que vaya a la feria la disfrute como un evento de calidad nacional basada en un inter\u00e9s completamente local, por lo que tendr\u00e1n la oportunidad de apreciarnos mejor en medio de una atractiva cartelera pensando en todas las edades y gustos\u00bb, expres\u00f3 el senador Charlie Mariotti.<\/p>\n<\/p>\n<p>Merengue, Salsa, m\u00fasica urbana, bachata, palos, salves, gag\u00e1, comparsas de carnaval, ballet folkl\u00f3rico, djs y un \u00e1rea infantil ser\u00e1n el plato fuerte del entretenimiento de Expo Monte Plata 2013.<\/p>\n<\/p>\n<p>Mozar La Para, Vaker\u00f3 y Poeta Callejero componen la oferta urbana, mientras que la salsa estar\u00e1 representada por Alex Matos, Sexappeal y Javier y el merengue por Amalfis, Miriam  Cruz, Sergio Vargas y la Orquesta Plateada, quienes junto al talento art\u00edstico de la provincia componen la oferta popular.<\/p>\n<\/p>\n<p>Mientras, que el \u00e1rea tradicional estar\u00e1 compuesta por Los paleros San Rafael, de Bayaguana, Salve de Rinc\u00f3n Hondo, los gag\u00e1s de Sabana Grande de Boy\u00e1  y Bermejo, Ballet Folkl\u00f3rico Am\u00e9rica Morena, de Monte Plata, Comparsas y un elenco especial de la provincia invitada, S\u00e1nchez Ram\u00edrez, Cotu\u00ed.<\/p>\n<\/p>\n<p>El viernes tocan Mozar La Para, Alex Matos y Miriam Cruz, el s\u00e1bado Orquesta Plateada, Amalfis, Vaker\u00f3 y Seaxappeal y el domingo Luis Miguel del Amargue, el Poeta Callejero, Javier y Sergio Vargas.<\/p>\n<\/p>\n<h6> 2013-10-01 14:32:58 <\/h6>\n<p><!--\n<link rel=\"stylesheet\" href=\"css\/bootstrap.min.css\">\n\n\n<ul class=\"pagination\">\n\t    \n\t\n\n<li >\n\t<a href='?page_no=14749'>Previous<\/a>\n\t<\/li>\n\n\n       \n    \n\n<li><a href='?page_no=1'>1<\/a><\/li>\n\n\n\n<li><a href='?page_no=2'>2<\/a><\/li>\n\n\n\n<li><a>...<\/a><\/li>\n\n\n\n<li><a href='?page_no=14748'>14748<\/a><\/li>\n\n\n\n<li><a href='?page_no=14749'>14749<\/a><\/li>\n\n\n\n<li class='active'><a>14750<\/a><\/li>\n\n\n\n<li><a href='?page_no=14751'>14751<\/a><\/li>\n\n\n\n<li><a href='?page_no=14752'>14752<\/a><\/li>\n\n\n\n<li><a>...<\/a><\/li>\n\n\n\n<li><a href='?page_no=30472'>30472<\/a><\/li>\n\n\n\n<li><a href='?page_no=30473'>30473<\/a><\/li>\n\n    \n\t\n\n<li >\n\t<a href='?page_no=14751'>Next<\/a>\n\t<\/li>\n\n\n    \n\n<li><a href='?page_no=30473'>Last &rsaquo;&rsaquo;<\/a><\/li>\n\n<\/ul>\n\n\n--><br \/>\n<\/body><\/p>\n","protected":false},"excerpt":{"rendered":"<p>Santo Domingo RD 1 octubre.- La Oficina de Gesti\u00f3n Senatorial de Monte Plata organizadora de la expo provincial m\u00e1s importante del pa\u00eds, Expo Monte Plata en su sexta versi\u00f3n 2013 sigue con su proyecto de visibilizar y expandir sus tesoros ecol\u00f3gicos y culturales con una variada oferta de m\u00fasica y actividades recreativas y educativas desde [&hellip;]<\/p>\n","protected":false},"author":3,"featured_media":0,"comment_status":"open","ping_status":"open","sticky":false,"template":"","format":"standard","meta":{"footnotes":""},"categories":[18],"tags":[],"class_list":["post-99276","post","type-post","status-publish","format-standard","hentry","category-economia"],"_links":{"self":[{"href":"https:\/\/diariodominicano.com\/index.php?rest_route=\/wp\/v2\/posts\/99276","targetHints":{"allow":["GET"]}}],"collection":[{"href":"https:\/\/diariodominicano.com\/index.php?rest_route=\/wp\/v2\/posts"}],"about":[{"href":"https:\/\/diariodominicano.com\/index.php?rest_route=\/wp\/v2\/types\/post"}],"author":[{"embeddable":true,"href":"https:\/\/diariodominicano.com\/index.php?rest_route=\/wp\/v2\/users\/3"}],"replies":[{"embeddable":true,"href":"https:\/\/diariodominicano.com\/index.php?rest_route=%2Fwp%2Fv2%2Fcomments&post=99276"}],"version-history":[{"count":0,"href":"https:\/\/diariodominicano.com\/index.php?rest_route=\/wp\/v2\/posts\/99276\/revisions"}],"wp:attachment":[{"href":"https:\/\/diariodominicano.com\/index.php?rest_route=%2Fwp%2Fv2%2Fmedia&parent=99276"}],"wp:term":[{"taxonomy":"category","embeddable":true,"href":"https:\/\/diariodominicano.com\/index.php?rest_route=%2Fwp%2Fv2%2Fcategories&post=99276"},{"taxonomy":"post_tag","embeddable":true,"href":"https:\/\/diariodominicano.com\/index.php?rest_route=%2Fwp%2Fv2%2Ftags&post=99276"}],"curies":[{"name":"wp","href":"https:\/\/api.w.org\/{rel}","templated":true}]}}