{"id":99273,"date":"2013-10-01T15:39:44","date_gmt":"2013-10-01T15:39:44","guid":{"rendered":"http:\/\/diariodominicano.ddns.net\/?p=99273"},"modified":"2013-10-01T15:39:44","modified_gmt":"2013-10-01T15:39:44","slug":"industriales-de-la-harina-posponen-aumento-del-pan-y-presentan-propuesta-al-gobierno","status":"publish","type":"post","link":"https:\/\/diariodominicano.com\/?p=99273","title":{"rendered":"&#13;Industriales de la harina posponen aumento del pan y presentan propuesta al Gobierno"},"content":{"rendered":"<p><body><\/p>\n<p><img decoding=\"async\" src=\"img3\/pan 1.jpeg\" \/>  <\/p>\n<p>Santo Domingo RD 1 octubre.- La Uni\u00f3n de Medianos Productores Industriales de la Harina (UMPIH) pospuso el aumento del precio del pan,  abriendo un comp\u00e1s de espera de diez d\u00edas al Gobierno, para analizar de manera conjunta otras opciones que busquen atenuar el aumento en los precios de la harina.<\/p>\n<\/p>\n<p>La entidad inform\u00f3 que en una Asamblea Nacional Extraordinaria, que estuvo dirigida por la Junta Directiva Nacional, presidida por Francisco Capell\u00e1n, el qu\u00f3rum decidi\u00f3 que como consecuencia del aumento en los costos de producci\u00f3n, el sector se ve\u00eda en la necesidad de producir un aumento de un 40% a los precios actuales del pan.<\/p>\n<\/p>\n<p>Indica que, tras el llamado hecho por las autoridades del Gobierno, los miembros de la Uni\u00f3n de Industriales de la Harina han considerado un plazo de 10 d\u00edas laborables, a partir de la fecha, para que entren en vigencia los acuerdos a que se arriben o la aplicaci\u00f3n del aumento. <\/p>\n<\/p>\n<p> A continuaci\u00f3n los cinco puntos que proponen los industriales de la harina al Gobierno.<\/p>\n<\/p>\n<p>1- Que se cree una ventanilla de financiamiento especial para pr\u00e9stamos a largo plazo a una tasa de inter\u00e9s de 5% anual y que estos recursos sean utilizados exclusivamente para una reconversi\u00f3n industrial. Y que la garant\u00eda de este financiamiento  sean estos mismos equipos. Dicha reconversi\u00f3n abaratar\u00eda los costos de producci\u00f3n.<\/p>\n<\/p>\n<p>2- Que la Direcci\u00f3n General de Impuestos Internos (DGII) cree una norma en la cual se exonere del pago de ITTBIS las compras de materiales y materias primas que utilizan las panader\u00edas PYMES, en raz\u00f3n de que  las panader\u00edas no cobran ITTBIS al vender su pan.<\/p>\n<\/p>\n<p>3- Que se posponga la instalaci\u00f3n hasta el 2015 de las impresoras fiscales a las panader\u00edas  en raz\u00f3n, que esto representa una inversi\u00f3n no prevista para los Industriales de la Harina.<\/p>\n<\/p>\n<p>4 -Que el gobierno otorgue una compensaci\u00f3n  econ\u00f3mica especial a todas las panader\u00edas del pa\u00eds y que esto se haga en base a  la cantidad de sacos de harina que procesa cada panader\u00eda.<\/p>\n<\/p>\n<p>5- Que en el mes de diciembre, el gobierno ejecute un plan masivo de distribuci\u00f3n de teleras en todas las provincias del pa\u00eds y estas sean elaboradas por las panader\u00edas de  esa provincia.<\/p>\n<h6> 2013-10-01 15:39:44 <\/h6>\n<p><!--\n<link rel=\"stylesheet\" href=\"css\/bootstrap.min.css\">\n\n\n<ul class=\"pagination\">\n\t    \n\t\n\n<li >\n\t<a href='?page_no=14747'>Previous<\/a>\n\t<\/li>\n\n\n       \n    \n\n<li><a href='?page_no=1'>1<\/a><\/li>\n\n\n\n<li><a href='?page_no=2'>2<\/a><\/li>\n\n\n\n<li><a>...<\/a><\/li>\n\n\n\n<li><a href='?page_no=14746'>14746<\/a><\/li>\n\n\n\n<li><a href='?page_no=14747'>14747<\/a><\/li>\n\n\n\n<li class='active'><a>14748<\/a><\/li>\n\n\n\n<li><a href='?page_no=14749'>14749<\/a><\/li>\n\n\n\n<li><a href='?page_no=14750'>14750<\/a><\/li>\n\n\n\n<li><a>...<\/a><\/li>\n\n\n\n<li><a href='?page_no=30472'>30472<\/a><\/li>\n\n\n\n<li><a href='?page_no=30473'>30473<\/a><\/li>\n\n    \n\t\n\n<li >\n\t<a href='?page_no=14749'>Next<\/a>\n\t<\/li>\n\n\n    \n\n<li><a href='?page_no=30473'>Last &rsaquo;&rsaquo;<\/a><\/li>\n\n<\/ul>\n\n\n--><br \/>\n<\/body><\/p>\n","protected":false},"excerpt":{"rendered":"<p>Santo Domingo RD 1 octubre.- La Uni\u00f3n de Medianos Productores Industriales de la Harina (UMPIH) pospuso el aumento del precio del pan, abriendo un comp\u00e1s de espera de diez d\u00edas al Gobierno, para analizar de manera conjunta otras opciones que busquen atenuar el aumento en los precios de la harina. La entidad inform\u00f3 que en [&hellip;]<\/p>\n","protected":false},"author":3,"featured_media":0,"comment_status":"open","ping_status":"open","sticky":false,"template":"","format":"standard","meta":{"footnotes":""},"categories":[18],"tags":[],"class_list":["post-99273","post","type-post","status-publish","format-standard","hentry","category-economia"],"_links":{"self":[{"href":"https:\/\/diariodominicano.com\/index.php?rest_route=\/wp\/v2\/posts\/99273","targetHints":{"allow":["GET"]}}],"collection":[{"href":"https:\/\/diariodominicano.com\/index.php?rest_route=\/wp\/v2\/posts"}],"about":[{"href":"https:\/\/diariodominicano.com\/index.php?rest_route=\/wp\/v2\/types\/post"}],"author":[{"embeddable":true,"href":"https:\/\/diariodominicano.com\/index.php?rest_route=\/wp\/v2\/users\/3"}],"replies":[{"embeddable":true,"href":"https:\/\/diariodominicano.com\/index.php?rest_route=%2Fwp%2Fv2%2Fcomments&post=99273"}],"version-history":[{"count":0,"href":"https:\/\/diariodominicano.com\/index.php?rest_route=\/wp\/v2\/posts\/99273\/revisions"}],"wp:attachment":[{"href":"https:\/\/diariodominicano.com\/index.php?rest_route=%2Fwp%2Fv2%2Fmedia&parent=99273"}],"wp:term":[{"taxonomy":"category","embeddable":true,"href":"https:\/\/diariodominicano.com\/index.php?rest_route=%2Fwp%2Fv2%2Fcategories&post=99273"},{"taxonomy":"post_tag","embeddable":true,"href":"https:\/\/diariodominicano.com\/index.php?rest_route=%2Fwp%2Fv2%2Ftags&post=99273"}],"curies":[{"name":"wp","href":"https:\/\/api.w.org\/{rel}","templated":true}]}}