{"id":99271,"date":"2013-10-01T18:04:38","date_gmt":"2013-10-01T18:04:38","guid":{"rendered":"http:\/\/diariodominicano.ddns.net\/?p=99271"},"modified":"2013-10-01T18:04:38","modified_gmt":"2013-10-01T18:04:38","slug":"organizaciones-de-caficultores-demandan-atencion-del-gobierno","status":"publish","type":"post","link":"https:\/\/diariodominicano.com\/?p=99271","title":{"rendered":"&#13;Organizaciones de caficultores demandan atenci\u00f3n del gobierno"},"content":{"rendered":"<p><body><\/p>\n<p><span class=\"text1noticias\">Santo Domingo, RD, 1 de Octubre.-Productores de caf\u00e9 de todo el pa\u00eds denunciaron que la Roya del Cafeto est\u00e1 diezmando sus plantaciones, lo que ha reducido la producci\u00f3n en 200 mil quintales, valorados en unos RD$1,500 millones.<\/span><\/p>\n<\/p>\n<p><span class=\"text1noticias\">   Dijeron que preocupados por esos da\u00f1os y  la falta de atenci\u00f3n por parte del Ministerio de Agricultura, llaman al Presidente Danilo Medina a acudir en su auxilio.<\/span><\/p>\n<\/p>\n<p><span class=\"text1noticias\">    Indicaron que a pesar de las buenas intenciones y los esfuerzos que viene desplegando el jefe del Estado, se han visto  en la obligaci\u00f3n de denunciar ante  la opini\u00f3n p\u00fablica nacional los  problemas que los afectan. <\/span><\/p>\n<\/p>\n<p><span class=\"text1noticias\">Indicaron que las principales urgencias y prioridades que afectan a los productores del pa\u00eds, son:   La impostergable atenci\u00f3n al problema de la Roya del Cafeto (Hemileia vastatrix), enfermedad que ha venido diezmando sus plantaciones, afectando los ingresos de las familias caficultoras y las exportaciones del grano.<\/span><\/p>\n<\/p>\n<p><span class=\"text1noticias\">  Recordaron que el Presidente Medina dispuso la implementaci\u00f3n de un Programa de Manejo Integrado, con una inversi\u00f3n inicial de 154 millones de pesos para los primeros siete meses de ejecuci\u00f3n del programa. <\/span><\/p>\n<\/p>\n<p><span class=\"text1noticias\">  Se\u00f1alaron que de ese programa se responsabiliz\u00f3 al  Ministerio de Agricultura y al Consejo Dominicano del Caf\u00e9, y para la administraci\u00f3n se design\u00f3 una Comisi\u00f3n Nacional creada por el decreto 101-13, del 10 de abril de este a\u00f1o.<\/span><\/p>\n<\/p>\n<p><span class=\"text1noticias\">  Agregaron que ese programa se ha quedado empantanado por razones que no entienden, hasta tal punto que a la fecha no se ha podido ejecutar ni siquiera un 10% del proyecto, con el agravante de que el per\u00edodo para ejecutarlo pr\u00e1cticamente ha pasado debido al inicio de la cosecha, que en la zona baja empez\u00f3 en  septiembre.<\/span><\/p>\n<\/p>\n<p><span class=\"text1noticias\">  Hablaron en  rueda de prensa Hugo Gonz\u00e1lez, de la Asociaci\u00f3n de Caficultores de Villa Trina; Antonio Luciano Abreu, de la    Federaci\u00f3n de Caficultores y Agricultores de San Juan; Cristino Lorenzo P\u00e9rez y     Juan Bienvenido Guerrero, del N\u00facleo de Asociaciones de Caficultores,    Movimiento Cafetalero de Acci\u00f3n y Agricultores de San Crist\u00f3bal,            Comunitaria, y Carlos Ram\u00edrez y      Agapito Mart\u00ednez,  de la Cooperativa de Servicios M\u00faltiples San Rafael y del  N\u00facleo de Caficultores de Padres Las Casas- Guayabal.<\/span><\/p>\n<\/p>\n<p><span class=\"text1noticias\">   Los caficultores expresaron que  en reuni\u00f3n de la Junta Directiva del CODOCAFE realizada el 5 de marzo de este a\u00f1o, el sector productor  present\u00f3 una propuesta para el saneamiento del Fondo de Cr\u00e9dito Cafetalero, administrado por el Banco Agr\u00edcola, a trav\u00e9s del cual miles de caficultores y decenas de organizaciones de productores de caf\u00e9 del pa\u00eds mantienen deudas atrasadas, debido a varios factores que su propuesta explica detalladamente.<\/span><\/p>\n<\/p>\n<p><span class=\"text1noticias\">  Dijeron que no han recibido ninguna respuesta del Gobierno, a trav\u00e9s del Ministerio de Agricultura,  poniendo en peligro de desaparici\u00f3n a varias de las principales organizaciones de caficultores del pa\u00eds y de abandonar las fincas a miles de sus socios.<\/span><\/p>\n<\/p>\n<p><span class=\"text1noticias\">  Se\u00f1alaron que le han planteado a las autoridades que una de las necesidades prioritarias del subsector para empezar a resolver una debilidad prioritaria y ancestral que los aqueja, es la necesaria implementaci\u00f3n de un amplio Proyecto Nacional de   Renovaci\u00f3n de Cafetales, para lo cual existe una propuesta elaborada por CODOCAFE que permitir\u00eda renovar 400 mil tareas de cafetales en 5 a\u00f1os, con una inversi\u00f3n aproximada a los 150 millones de d\u00f3lares, tanto con variedades tradicionales como con variedades con mayor resistencia a la Roya del Cafeto.<\/span><\/p>\n<\/p>\n<p><span class=\"text1noticias\">  Los productores de caf\u00e9 de todo el pa\u00eds expresaron adem\u00e1s su preocupaci\u00f3n por lo que consideran como una trama que grupos interesados    han venido llevando adelante, con el objetivo de eliminar el Consejo Dominicano del Caf\u00e9 o en su defecto modificar la composici\u00f3n de su Junta Directiva para tomar su control  y apartarla de su objetivo institucional, que es el de apoyar el desarrollo de la caficultura dominicana y el mejoramiento de la calidad de vida de los productores del grano.<\/span><\/p>\n<\/p>\n<p><span class=\"text1noticias\">  Dijeron que todas las organizaciones de productores de caf\u00e9  del pa\u00eds se oponen de manera decidida a ese prop\u00f3sito, el cual defender\u00e1n sin desmayo y no escatimar\u00e1n ning\u00fan esfuerzo.<\/span><\/p>\n<\/p>\n<p><span class=\"text1noticias\">   Se\u00f1alaron que  le est\u00e1n solicitando una cita al  Presidente Danilo Medina, a fin de externarle directamente sus problemas,  porque el mandatario es un hombre que  escucha a los dem\u00e1s.(HG)<\/span>.<\/p>\n<h6> 2013-10-01 18:04:38 <\/h6>\n<p><!--\n<link rel=\"stylesheet\" href=\"css\/bootstrap.min.css\">\n\n\n<ul class=\"pagination\">\n\t    \n\t\n\n<li >\n\t<a href='?page_no=14745'>Previous<\/a>\n\t<\/li>\n\n\n       \n    \n\n<li><a href='?page_no=1'>1<\/a><\/li>\n\n\n\n<li><a href='?page_no=2'>2<\/a><\/li>\n\n\n\n<li><a>...<\/a><\/li>\n\n\n\n<li><a href='?page_no=14744'>14744<\/a><\/li>\n\n\n\n<li><a href='?page_no=14745'>14745<\/a><\/li>\n\n\n\n<li class='active'><a>14746<\/a><\/li>\n\n\n\n<li><a href='?page_no=14747'>14747<\/a><\/li>\n\n\n\n<li><a href='?page_no=14748'>14748<\/a><\/li>\n\n\n\n<li><a>...<\/a><\/li>\n\n\n\n<li><a href='?page_no=30472'>30472<\/a><\/li>\n\n\n\n<li><a href='?page_no=30473'>30473<\/a><\/li>\n\n    \n\t\n\n<li >\n\t<a href='?page_no=14747'>Next<\/a>\n\t<\/li>\n\n\n    \n\n<li><a href='?page_no=30473'>Last &rsaquo;&rsaquo;<\/a><\/li>\n\n<\/ul>\n\n\n--><br \/>\n<\/body><\/p>\n","protected":false},"excerpt":{"rendered":"<p>Santo Domingo, RD, 1 de Octubre.-Productores de caf\u00e9 de todo el pa\u00eds denunciaron que la Roya del Cafeto est\u00e1 diezmando sus plantaciones, lo que ha reducido la producci\u00f3n en 200 mil quintales, valorados en unos RD$1,500 millones. Dijeron que preocupados por esos da\u00f1os y la falta de atenci\u00f3n por parte del Ministerio de Agricultura, llaman [&hellip;]<\/p>\n","protected":false},"author":3,"featured_media":0,"comment_status":"open","ping_status":"open","sticky":false,"template":"","format":"standard","meta":{"footnotes":""},"categories":[18],"tags":[],"class_list":["post-99271","post","type-post","status-publish","format-standard","hentry","category-economia"],"_links":{"self":[{"href":"https:\/\/diariodominicano.com\/index.php?rest_route=\/wp\/v2\/posts\/99271","targetHints":{"allow":["GET"]}}],"collection":[{"href":"https:\/\/diariodominicano.com\/index.php?rest_route=\/wp\/v2\/posts"}],"about":[{"href":"https:\/\/diariodominicano.com\/index.php?rest_route=\/wp\/v2\/types\/post"}],"author":[{"embeddable":true,"href":"https:\/\/diariodominicano.com\/index.php?rest_route=\/wp\/v2\/users\/3"}],"replies":[{"embeddable":true,"href":"https:\/\/diariodominicano.com\/index.php?rest_route=%2Fwp%2Fv2%2Fcomments&post=99271"}],"version-history":[{"count":0,"href":"https:\/\/diariodominicano.com\/index.php?rest_route=\/wp\/v2\/posts\/99271\/revisions"}],"wp:attachment":[{"href":"https:\/\/diariodominicano.com\/index.php?rest_route=%2Fwp%2Fv2%2Fmedia&parent=99271"}],"wp:term":[{"taxonomy":"category","embeddable":true,"href":"https:\/\/diariodominicano.com\/index.php?rest_route=%2Fwp%2Fv2%2Fcategories&post=99271"},{"taxonomy":"post_tag","embeddable":true,"href":"https:\/\/diariodominicano.com\/index.php?rest_route=%2Fwp%2Fv2%2Ftags&post=99271"}],"curies":[{"name":"wp","href":"https:\/\/api.w.org\/{rel}","templated":true}]}}