{"id":99270,"date":"2013-10-01T18:12:48","date_gmt":"2013-10-01T18:12:48","guid":{"rendered":"http:\/\/diariodominicano.ddns.net\/?p=99270"},"modified":"2013-10-01T18:12:48","modified_gmt":"2013-10-01T18:12:48","slug":"dominicana-propone-cultura-sostenible-para-enfrentar-pobreza-mundial","status":"publish","type":"post","link":"https:\/\/diariodominicano.com\/?p=99270","title":{"rendered":"Dominicana propone cultura sostenible para enfrentar pobreza mundial"},"content":{"rendered":"<p><body><\/p>\n<p><img decoding=\"async\" src=\"img3\/TRULLOLS.jpg\" \/>  <\/p>\n<p><span class=\"text1noticias\">Naciones Unidas, 1 oct (PL) El viceministro de Relaciones Exteriores de Rep\u00fablica Dominicana Jos\u00e9 Manuel Trullols abog\u00f3 aqu\u00ed por establecer una cultura de la sostenibilidad para enfrentar la pobreza a nivel mundial.<\/span><\/p>\n<\/p>\n<p><span class=\"text1noticias\">Al intervenir en el 68 per\u00edodo de sesiones de la Asamblea General de Naciones Unidas, el vicecanciller se refiri\u00f3 a ese problema como una guerra de dimensi\u00f3n planetaria.<\/span><\/p>\n<\/p>\n<p><span class=\"text1noticias\">Para triunfar sobre el intimidante desaf\u00edo todos los pa\u00edses deber\u00e1n asumir decisiones dif\u00edciles, que demandar\u00e1n el peso completo de nuestras responsabilidades colectivas, expuso.<\/span><\/p>\n<\/p>\n<p><span class=\"text1noticias\">Admitamos, recalc\u00f3, que el desarrollo que conocemos no ha sido sostenible en ninguna forma, ni en lo social, lo econ\u00f3mico o desde la perspectiva medio-ambiental.<\/span><\/p>\n<\/p>\n<p><span class=\"text1noticias\">Seg\u00fan Trullols, los sistemas de producci\u00f3n empleados para lograr el crecimiento econ\u00f3mico han estado basados en m\u00e9todos da\u00f1inos para el medio ambiente, y los sistemas de distribuci\u00f3n de riquezas han creado profundos abismos de inequidad social y exclusi\u00f3n.<\/span><\/p>\n<\/p>\n<p><span class=\"text1noticias\">Tenemos un mundo con m\u00e1s de mil millones de personas que sobreviven en un estado de pobreza extrema y padecen hambre, adem\u00e1s de la carencia de servicios apropiados de salud, agua potable y educaci\u00f3n, record\u00f3.<\/span><\/p>\n<\/p>\n<p><span class=\"text1noticias\">Si aspiramos a un mundo donde el desarrollo sea sostenible, tenemos primero que aceptar una responsabilidad compartida, de todos los sectores de cada sociedad, y transformar las palabras en acciones, subray\u00f3.<\/span><\/p>\n<\/p>\n<p><span class=\"text1noticias\">En ese sentido, Trullols mencion\u00f3 iniciativas puestas en pr\u00e1ctica en su pa\u00eds como la implantaci\u00f3n de un nuevo modelo de desarrollo basado en una estrategia nacional de largo plazo.<\/span><\/p>\n<\/p>\n<p><span class=\"text1noticias\">Tambi\u00e9n se refiri\u00f3 a la ubicaci\u00f3n de los ciudadanos en el centro de las pol\u00edticas p\u00fablicas, el apoyo a los peque\u00f1os productores agr\u00edcolas y la lucha contra la desigualdad, entre otras.<\/span><\/p>\n<\/p>\n<p><span class=\"text1noticias\">Un objetivo de las dimensiones del desarrollo sostenible universal demanda un enfoque y una visi\u00f3n nueva en el escenario internacional, recalc\u00f3 el vicecanciller.<\/span><\/p>\n<\/p>\n<p><span class=\"text1noticias\">A su juicio, hablar de la pobreza en t\u00e9rminos estad\u00edsticos no permite visualizar, ni mucho menos sentir, la realidad de la miseria y la desolaci\u00f3n humana existentes detr\u00e1s de los n\u00fameros y los porcentajes.(HG)<\/span>.<\/p>\n<h6> 2013-10-01 18:12:48 <\/h6>\n<p><!--\n<link rel=\"stylesheet\" href=\"css\/bootstrap.min.css\">\n\n\n<ul class=\"pagination\">\n\t    \n\t\n\n<li >\n\t<a href='?page_no=14744'>Previous<\/a>\n\t<\/li>\n\n\n       \n    \n\n<li><a href='?page_no=1'>1<\/a><\/li>\n\n\n\n<li><a href='?page_no=2'>2<\/a><\/li>\n\n\n\n<li><a>...<\/a><\/li>\n\n\n\n<li><a href='?page_no=14743'>14743<\/a><\/li>\n\n\n\n<li><a href='?page_no=14744'>14744<\/a><\/li>\n\n\n\n<li class='active'><a>14745<\/a><\/li>\n\n\n\n<li><a href='?page_no=14746'>14746<\/a><\/li>\n\n\n\n<li><a href='?page_no=14747'>14747<\/a><\/li>\n\n\n\n<li><a>...<\/a><\/li>\n\n\n\n<li><a href='?page_no=30472'>30472<\/a><\/li>\n\n\n\n<li><a href='?page_no=30473'>30473<\/a><\/li>\n\n    \n\t\n\n<li >\n\t<a href='?page_no=14746'>Next<\/a>\n\t<\/li>\n\n\n    \n\n<li><a href='?page_no=30473'>Last &rsaquo;&rsaquo;<\/a><\/li>\n\n<\/ul>\n\n\n--><br \/>\n<\/body><\/p>\n","protected":false},"excerpt":{"rendered":"<p>Naciones Unidas, 1 oct (PL) El viceministro de Relaciones Exteriores de Rep\u00fablica Dominicana Jos\u00e9 Manuel Trullols abog\u00f3 aqu\u00ed por establecer una cultura de la sostenibilidad para enfrentar la pobreza a nivel mundial. Al intervenir en el 68 per\u00edodo de sesiones de la Asamblea General de Naciones Unidas, el vicecanciller se refiri\u00f3 a ese problema como [&hellip;]<\/p>\n","protected":false},"author":3,"featured_media":0,"comment_status":"open","ping_status":"open","sticky":false,"template":"","format":"standard","meta":{"footnotes":""},"categories":[18],"tags":[],"class_list":["post-99270","post","type-post","status-publish","format-standard","hentry","category-economia"],"_links":{"self":[{"href":"https:\/\/diariodominicano.com\/index.php?rest_route=\/wp\/v2\/posts\/99270","targetHints":{"allow":["GET"]}}],"collection":[{"href":"https:\/\/diariodominicano.com\/index.php?rest_route=\/wp\/v2\/posts"}],"about":[{"href":"https:\/\/diariodominicano.com\/index.php?rest_route=\/wp\/v2\/types\/post"}],"author":[{"embeddable":true,"href":"https:\/\/diariodominicano.com\/index.php?rest_route=\/wp\/v2\/users\/3"}],"replies":[{"embeddable":true,"href":"https:\/\/diariodominicano.com\/index.php?rest_route=%2Fwp%2Fv2%2Fcomments&post=99270"}],"version-history":[{"count":0,"href":"https:\/\/diariodominicano.com\/index.php?rest_route=\/wp\/v2\/posts\/99270\/revisions"}],"wp:attachment":[{"href":"https:\/\/diariodominicano.com\/index.php?rest_route=%2Fwp%2Fv2%2Fmedia&parent=99270"}],"wp:term":[{"taxonomy":"category","embeddable":true,"href":"https:\/\/diariodominicano.com\/index.php?rest_route=%2Fwp%2Fv2%2Fcategories&post=99270"},{"taxonomy":"post_tag","embeddable":true,"href":"https:\/\/diariodominicano.com\/index.php?rest_route=%2Fwp%2Fv2%2Ftags&post=99270"}],"curies":[{"name":"wp","href":"https:\/\/api.w.org\/{rel}","templated":true}]}}