{"id":99269,"date":"2013-10-01T18:51:01","date_gmt":"2013-10-01T18:51:01","guid":{"rendered":"http:\/\/diariodominicano.ddns.net\/?p=99269"},"modified":"2013-10-01T18:51:01","modified_gmt":"2013-10-01T18:51:01","slug":"acusa-al-alcalde-bezi-de-perseguirlo-por-criticar-su-gestion-frente-al-turismo","status":"publish","type":"post","link":"https:\/\/diariodominicano.com\/?p=99269","title":{"rendered":"Acusa al alcalde Bezi de perseguirlo  por criticar su gesti\u00f3n frente al turismo"},"content":{"rendered":"<p><body><\/p>\n<p><span class=\"text1noticias\">Saman\u00e1, RD, 1 de Octubre.- El presidente de la Asociaci\u00f3n de Gu\u00edas Tur\u00edsticos de Saman\u00e1 responsabiliz\u00f3 al alcalde de ese municipio de ordenar la destrucci\u00f3n de un peque\u00f1o puente que daba acceso a su vivienda en represalia por haber opinado p\u00fablicamente sobre la responsabilidad del ayuntamiento local por los problemas que confronta el turismo de cruceros en esa ciudad.<\/span><\/p>\n<\/p>\n<p><span class=\"text1noticias\">Anibal Encarnaci\u00f3n de Los Santos, residente en el sector El Cuatro,  afirm\u00f3 que el elcalde Miguel\u00edn Bezi no le perdona haber declarado que el retiro de la l\u00ednea de cruceros Norweguian a partir del 2014 tiene mucho que ver con la falta de apoyo que tiene esa actividad tur\u00edstica de parte del ejecutivo municipal. Dijo en la ocasi\u00f3n que con el  retiro de la l\u00ednea de cruceros la econom\u00eda de Saman\u00e1 dejar\u00eda de recibir m\u00e1s de un mill\u00f3n de pesos por cada visita no realizada.<\/span><\/p>\n<\/p>\n<p><span class=\"text1noticias\">El denunciante dijo que la destrucci\u00f3n del peque\u00f1o puente que le permit\u00eda entrar con su veh\u00edculo hasta el parqueo de su vivienda fue ejecutada a las nueve de la noche del pasado viernes  por un coronel del Ej\u00e9rcito Nacional de puesto  en El Catey, poco despu\u00e9s de que el alcalde Bezi visitara personalmente el lugar. <\/span><\/p>\n<\/p>\n<p><span class=\"text1noticias\">Explic\u00f3 que con la reconstrucci\u00f3n de la carretera S\u00e1nchez &#8211; Saman\u00e1 los residentes en las comunidades colindantes tuvieron que construir sus propias plataformas para pasar sobre las canaletas del drenaje pluvial.<\/span><\/p>\n<\/p>\n<p><span class=\"text1noticias\">\u00abLa medida ordenada por Miguel\u00edn Bezi es un castigo contra m\u00ed por haber criticado el poco apoyo que le ha dado al turismo de cruceros en Saman\u00e1 y por su conocida oposici\u00f3n a la construcci\u00f3n de un nuevo puerto en Santa B\u00e1rbara mediante un acuerdo entre el Estado y una empresa privada, un proyecto que tiene todo el apoyo del presidente Danilo Medina\u00bb, expuso Encarnaci\u00f3n De Los Santos.<\/span><\/p>\n<\/p>\n<p><span class=\"text1noticias\">El principal dirigente de los gu\u00edas tur\u00edsticos de Saman\u00e1 responsabiliz\u00f3 a Miguel\u00edn Bezi de cualquier cosa que le pueda pasar a \u00e9l y a su familia,  pero advirti\u00f3 que seguir\u00e1 luchando para que esa comunidad  pueda desarrollarse tur\u00edsticamente, especialmente a trav\u00e9s del turismo de cruceros.<\/span><\/p>\n<\/p>\n<p><span class=\"text1noticias\">De los Santos exhort\u00f3 a la comunidad actuar en defensa de la industria de cruceros que es uno de los principales pilares de la econom\u00eda local.  Record\u00f3 que hace unos 20 a\u00f1os la l\u00ednea Carnival se retir\u00f3 de Saman\u00e1 y nunca m\u00e1s ha regresado.(HG)<\/span>.<\/p>\n<\/p>\n<h6> 2013-10-01 18:51:01 <\/h6>\n<p><!--\n<link rel=\"stylesheet\" href=\"css\/bootstrap.min.css\">\n\n\n<ul class=\"pagination\">\n\t    \n\t\n\n<li >\n\t<a href='?page_no=14743'>Previous<\/a>\n\t<\/li>\n\n\n       \n    \n\n<li><a href='?page_no=1'>1<\/a><\/li>\n\n\n\n<li><a href='?page_no=2'>2<\/a><\/li>\n\n\n\n<li><a>...<\/a><\/li>\n\n\n\n<li><a href='?page_no=14742'>14742<\/a><\/li>\n\n\n\n<li><a href='?page_no=14743'>14743<\/a><\/li>\n\n\n\n<li class='active'><a>14744<\/a><\/li>\n\n\n\n<li><a href='?page_no=14745'>14745<\/a><\/li>\n\n\n\n<li><a href='?page_no=14746'>14746<\/a><\/li>\n\n\n\n<li><a>...<\/a><\/li>\n\n\n\n<li><a href='?page_no=30472'>30472<\/a><\/li>\n\n\n\n<li><a href='?page_no=30473'>30473<\/a><\/li>\n\n    \n\t\n\n<li >\n\t<a href='?page_no=14745'>Next<\/a>\n\t<\/li>\n\n\n    \n\n<li><a href='?page_no=30473'>Last &rsaquo;&rsaquo;<\/a><\/li>\n\n<\/ul>\n\n\n--><br \/>\n<\/body><\/p>\n","protected":false},"excerpt":{"rendered":"<p>Saman\u00e1, RD, 1 de Octubre.- El presidente de la Asociaci\u00f3n de Gu\u00edas Tur\u00edsticos de Saman\u00e1 responsabiliz\u00f3 al alcalde de ese municipio de ordenar la destrucci\u00f3n de un peque\u00f1o puente que daba acceso a su vivienda en represalia por haber opinado p\u00fablicamente sobre la responsabilidad del ayuntamiento local por los problemas que confronta el turismo de [&hellip;]<\/p>\n","protected":false},"author":3,"featured_media":0,"comment_status":"open","ping_status":"open","sticky":false,"template":"","format":"standard","meta":{"footnotes":""},"categories":[18],"tags":[],"class_list":["post-99269","post","type-post","status-publish","format-standard","hentry","category-economia"],"_links":{"self":[{"href":"https:\/\/diariodominicano.com\/index.php?rest_route=\/wp\/v2\/posts\/99269","targetHints":{"allow":["GET"]}}],"collection":[{"href":"https:\/\/diariodominicano.com\/index.php?rest_route=\/wp\/v2\/posts"}],"about":[{"href":"https:\/\/diariodominicano.com\/index.php?rest_route=\/wp\/v2\/types\/post"}],"author":[{"embeddable":true,"href":"https:\/\/diariodominicano.com\/index.php?rest_route=\/wp\/v2\/users\/3"}],"replies":[{"embeddable":true,"href":"https:\/\/diariodominicano.com\/index.php?rest_route=%2Fwp%2Fv2%2Fcomments&post=99269"}],"version-history":[{"count":0,"href":"https:\/\/diariodominicano.com\/index.php?rest_route=\/wp\/v2\/posts\/99269\/revisions"}],"wp:attachment":[{"href":"https:\/\/diariodominicano.com\/index.php?rest_route=%2Fwp%2Fv2%2Fmedia&parent=99269"}],"wp:term":[{"taxonomy":"category","embeddable":true,"href":"https:\/\/diariodominicano.com\/index.php?rest_route=%2Fwp%2Fv2%2Fcategories&post=99269"},{"taxonomy":"post_tag","embeddable":true,"href":"https:\/\/diariodominicano.com\/index.php?rest_route=%2Fwp%2Fv2%2Ftags&post=99269"}],"curies":[{"name":"wp","href":"https:\/\/api.w.org\/{rel}","templated":true}]}}