{"id":99267,"date":"2013-10-01T19:40:45","date_gmt":"2013-10-01T19:40:45","guid":{"rendered":"http:\/\/diariodominicano.ddns.net\/?p=99267"},"modified":"2013-10-01T19:40:45","modified_gmt":"2013-10-01T19:40:45","slug":"insta-a-los-gobiernos-asumir-las-normas-estandarizadas-en-sus-registros","status":"publish","type":"post","link":"https:\/\/diariodominicano.com\/?p=99267","title":{"rendered":"Insta a los gobiernos asumir las normas estandarizadas en sus registros"},"content":{"rendered":"<p><body><\/p>\n<p><img decoding=\"async\" src=\"img3\/contadores.jpg\" \/>  <\/p>\n<p><span class=\"text1noticias\">Santo Domingo, RD, 1 de Octubre.-El Presidente de la Asociaci\u00f3n Interamericana de Contadores (AIC) Gustavo Gil afirm\u00f3 que esa entidad asumir\u00e1 como prioridad  exigir  a los gobiernos latinoamericanos la implementaci\u00f3n de las nomas  contables para el sector  p\u00fablico a fin de garantizar una adecuada trasparencia y rendici\u00f3n de cuenta de los recursos administrado.<\/span><\/p>\n<\/p>\n<p><span class=\"text1noticias\">El licenciado Gustavo Gil realiz\u00f3 estas declaraciones durante la celebraci\u00f3n de Seminario Regional Interamericano, celebrado en un hotel de Santo Domingo los d\u00edas 26 y 27 de septiembre.<\/span><\/p>\n<\/p>\n<p><span class=\"text1noticias\">Dijo que  los gobiernos de Am\u00e9rica Latina debenprocurar que los sistemas de contabilidad de sus  pa\u00edses sean confiables demanera que sirvan de base para la rendici\u00f3n  de cuentas.<\/span><\/p>\n<\/p>\n<p><span class=\"text1noticias\">En ese mismo tenor  se pronunci\u00f3 el presidentes del Instituto de Contadores dominicanos licenciado Pedro Matos que manifest\u00f3 que es de vital importancia la estandarizaci\u00f3n de los sistemas contables en el sector p\u00fablico y las empresas de inter\u00e9s p\u00fablico. <\/span><\/p>\n<\/p>\n<p><span class=\"text1noticias\">Salud\u00f3 las disposiciones hechas por la Direcci\u00f3n General  de Contabilidad Gubernamental  para que los registros contables sean procesados mediante la Normas de Informaci\u00f3n Contable para el Sector P\u00fablico (NICSP). <\/span><\/p>\n<\/p>\n<p><span class=\"text1noticias\">Ese paso dijo,   permitir\u00eda  la consolidaci\u00f3n de las informaciones econ\u00f3micas y financieras de todo el sector p\u00fablico incluyendo los gobiernos municipales. <\/span><\/p>\n<\/p>\n<p><span class=\"text1noticias\">En el seminario participaron expertos y profesionales del \u00e1rea de contabilidad y auditor\u00eda del continente Americano, se analiz\u00f3 el papel del contador y auditor frente a  las exigencias globales.<\/span><\/p>\n<\/p>\n<p><span class=\"text1noticias\">El evento fue organizados por el Instituto de Contadores dominicano y auspiciado por la Asociaci\u00f3n Interamericana de Contabilidad (AIC) y la Universidad Nacional Pedro Henr\u00edquez Ure\u00f1a (UNPHU).<\/span><\/p>\n<\/p>\n<p><span class=\"text1noticias\">Entre los temas a desarrollar figuran: la competitividad  de las empresas dominicanas en una econom\u00eda globalizada, retos y perspectivas de la contabilidad gubernamental en la Rep\u00fablica Dominicana, sistema de control de calidad para firmas de contadores, nuevas emisiones  y cambios en las Normas Internacionales de Informaci\u00f3n Financieras, adem\u00e1s el impacto de la tecnolog\u00eda en los reportes financieros  de las empresas. <\/span><\/p>\n<\/p>\n<p><span class=\"text1noticias\">En acto participaron los se\u00f1ores  Miguel Fiallo Calder\u00f3n, rector de la UNPHU; Daniel Caama\u00f1o, Director General de Contabilidad Gubernamental (DIGECOG), V\u00edctor Castro, presidente  de la Asociaci\u00f3n de Empresarios  Industriales de Herrera,  y Rafael Germos\u00e9n, Contralor General de la Rep\u00fablica.<\/span><\/p>\n<\/p>\n<p><span class=\"text1noticias\">Adem\u00e1s participaron los  expositores internacionales: Gustavo Gil, vice- presidente de la AIC, Juan Flores, ex-ministro de Hacienda de Puerto Rico, Fabi\u00e1n Mendy de Uruguay, Mario Torres, socio de la KPMG, Carlos Ortega de laBDO, Charles Milander, presidente de Utech-Solution y Remberto D\u00edaz de Rep\u00fablica Dominicana. <\/span><\/p>\n<\/p>\n<p><span class=\"text1noticias\">La ocasi\u00f3n fue aprovechada para reconocer a varios profesionales que se ha destacado por su ardua labor en el crecimiento de la carrera, Ricardo Luna, Alberto Ortega, y Juan Flores Galarza.(HG)<\/span>. <\/p>\n<h6> 2013-10-01 19:40:45 <\/h6>\n<p><!--\n<link rel=\"stylesheet\" href=\"css\/bootstrap.min.css\">\n\n\n<ul class=\"pagination\">\n\t    \n\t\n\n<li >\n\t<a href='?page_no=14741'>Previous<\/a>\n\t<\/li>\n\n\n       \n    \n\n<li><a href='?page_no=1'>1<\/a><\/li>\n\n\n\n<li><a href='?page_no=2'>2<\/a><\/li>\n\n\n\n<li><a>...<\/a><\/li>\n\n\n\n<li><a href='?page_no=14740'>14740<\/a><\/li>\n\n\n\n<li><a href='?page_no=14741'>14741<\/a><\/li>\n\n\n\n<li class='active'><a>14742<\/a><\/li>\n\n\n\n<li><a href='?page_no=14743'>14743<\/a><\/li>\n\n\n\n<li><a href='?page_no=14744'>14744<\/a><\/li>\n\n\n\n<li><a>...<\/a><\/li>\n\n\n\n<li><a href='?page_no=30472'>30472<\/a><\/li>\n\n\n\n<li><a href='?page_no=30473'>30473<\/a><\/li>\n\n    \n\t\n\n<li >\n\t<a href='?page_no=14743'>Next<\/a>\n\t<\/li>\n\n\n    \n\n<li><a href='?page_no=30473'>Last &rsaquo;&rsaquo;<\/a><\/li>\n\n<\/ul>\n\n\n--><br \/>\n<\/body><\/p>\n","protected":false},"excerpt":{"rendered":"<p>Santo Domingo, RD, 1 de Octubre.-El Presidente de la Asociaci\u00f3n Interamericana de Contadores (AIC) Gustavo Gil afirm\u00f3 que esa entidad asumir\u00e1 como prioridad exigir a los gobiernos latinoamericanos la implementaci\u00f3n de las nomas contables para el sector p\u00fablico a fin de garantizar una adecuada trasparencia y rendici\u00f3n de cuenta de los recursos administrado. El licenciado [&hellip;]<\/p>\n","protected":false},"author":3,"featured_media":0,"comment_status":"open","ping_status":"open","sticky":false,"template":"","format":"standard","meta":{"footnotes":""},"categories":[18],"tags":[],"class_list":["post-99267","post","type-post","status-publish","format-standard","hentry","category-economia"],"_links":{"self":[{"href":"https:\/\/diariodominicano.com\/index.php?rest_route=\/wp\/v2\/posts\/99267","targetHints":{"allow":["GET"]}}],"collection":[{"href":"https:\/\/diariodominicano.com\/index.php?rest_route=\/wp\/v2\/posts"}],"about":[{"href":"https:\/\/diariodominicano.com\/index.php?rest_route=\/wp\/v2\/types\/post"}],"author":[{"embeddable":true,"href":"https:\/\/diariodominicano.com\/index.php?rest_route=\/wp\/v2\/users\/3"}],"replies":[{"embeddable":true,"href":"https:\/\/diariodominicano.com\/index.php?rest_route=%2Fwp%2Fv2%2Fcomments&post=99267"}],"version-history":[{"count":0,"href":"https:\/\/diariodominicano.com\/index.php?rest_route=\/wp\/v2\/posts\/99267\/revisions"}],"wp:attachment":[{"href":"https:\/\/diariodominicano.com\/index.php?rest_route=%2Fwp%2Fv2%2Fmedia&parent=99267"}],"wp:term":[{"taxonomy":"category","embeddable":true,"href":"https:\/\/diariodominicano.com\/index.php?rest_route=%2Fwp%2Fv2%2Fcategories&post=99267"},{"taxonomy":"post_tag","embeddable":true,"href":"https:\/\/diariodominicano.com\/index.php?rest_route=%2Fwp%2Fv2%2Ftags&post=99267"}],"curies":[{"name":"wp","href":"https:\/\/api.w.org\/{rel}","templated":true}]}}