{"id":99266,"date":"2013-10-01T19:55:29","date_gmt":"2013-10-01T19:55:29","guid":{"rendered":"http:\/\/diariodominicano.ddns.net\/?p=99266"},"modified":"2013-10-01T19:55:29","modified_gmt":"2013-10-01T19:55:29","slug":"agricultura-ejecuta-programa-para-duplicar-la-produccion-de-cacao","status":"publish","type":"post","link":"https:\/\/diariodominicano.com\/?p=99266","title":{"rendered":"Agricultura ejecuta programa para  duplicar la producci\u00f3n de cacao"},"content":{"rendered":"<p><body><\/p>\n<p><img decoding=\"async\" src=\"img3\/cacao.jpg\" \/>  <\/p>\n<p><span class=\"text1noticias\">Mata Larga, provincia Duarte, RD, 1 de Octubre.-El ministro de Agricultura, Luis Ram\u00f3n Rodr\u00edguez, afirm\u00f3 aqu\u00ed que a partir del presente a\u00f1o cacaotero, esa instituci\u00f3n invertir\u00e1 1,359 millones 682 mil 500 pesos en un programa de injertos de clones de alta productividad que permitir\u00e1 renovar las plantaciones y duplicar la producci\u00f3n de cacao en los pr\u00f3ximos a\u00f1os.<\/span><\/p>\n<\/p>\n<p><span class=\"text1noticias\">El funcionario hizo la afirmaci\u00f3n al encabezar las actividades conmemorativas del D\u00eda Nacional del Cacao, celebradas en la Estaci\u00f3n Experimental Mata Larga, en esta provincia, donde destac\u00f3 los aportes de ese cultivo a la sociedad dominicana.<\/span><\/p>\n<\/p>\n<p><span class=\"text1noticias\">El ministro Rodr\u00edguez dijo que el programa de injert\u00eda se iniciar\u00e1 en 200 mil tareas, que producir\u00e1n el material vegetativo suficiente para disponer de los clones que sustituyan a los actuales h\u00edbridos decadentes y plantaciones viejas que impiden una alta producci\u00f3n.<\/span><\/p>\n<\/p>\n<p><span class=\"text1noticias\">\u00abEstamos apostando a la injert\u00eda de clones de alta producci\u00f3n, y as\u00ed llevar la producci\u00f3n a 150 \u00f3 200 libras por tarea, lo que finalmente nos va a permitir m\u00e1s que duplicar la producci\u00f3n nacional\u00bb, asegur\u00f3 Rodr\u00edguez ante los miembros de la Comisi\u00f3n Nacional del Cacao y el liderazgo nacional de los productores, comercializadores, exportadores agroindustriales y t\u00e9cnicos presentes en el acto.<\/span><\/p>\n<\/p>\n<p><span class=\"text1noticias\">Destac\u00f3 el momento estelar que vive la cacaocultura fruto del esfuerzo conjunto de las autoridades, productores y dem\u00e1s sectores involucrados, lo que dijo permiti\u00f3 que en el 2012, las exportaciones de cacao aportaran m\u00e1s de 178 millones de pesos en divisas a la econom\u00eda nacional.<\/span><\/p>\n<\/p>\n<p><span class=\"text1noticias\">Detall\u00f3 que las exportaciones del \u00faltimo a\u00f1o cacaotero alcanzaron las 68 mil 538 toneladas m\u00e9tricas, que generaron 178 millones, 770 mil 197.32 d\u00f3lares, cifras que asegura ser\u00e1n superadas en el presente a\u00f1o.<\/span><\/p>\n<\/p>\n<p><span class=\"text1noticias\">\u00abLos programas de mejoramiento gen\u00e9tico y renovaci\u00f3n de cacaotales que implementa Agricultura, conjuntamente con los productores, han permitido alcanzar un aumento en la productividad y producci\u00f3n de las plantaciones\u00bb, manifest\u00f3.<\/span><\/p>\n<\/p>\n<p><span class=\"text1noticias\">Indic\u00f3 que dichos programas tambi\u00e9n han permitido mejorar la calidad del cacao dominicano, lo que se traduce en una mejor\u00eda de sus precios en los mercados internacionales.<\/span><\/p>\n<\/p>\n<p><span class=\"text1noticias\">Otro factor mencionado por Rodr\u00edguez que ha contribuido al aumento de la producci\u00f3n y la productividad del cacao es el financiamiento, y dijo que el a\u00f1o pasado solo el Banco Agr\u00edcola desembols\u00f3 107 millones 242 mil 851 pesos, cifra r\u00e9cord en la historia de la instituci\u00f3n.<\/span><\/p>\n<\/p>\n<p><span class=\"text1noticias\">Actualmente, el precio pagado al productor de cacao supera los tres mil pesos el quintal, lo que ha motivado a los agricultores a reactivar sus actividades productivas, quienes cuentan para ello con el apoyo del Ministerio de Agricultura.<\/span><\/p>\n<\/p>\n<p><span class=\"text1noticias\">Escenario<\/span><\/p>\n<\/p>\n<p><span class=\"text1noticias\">Tras felicitar a los productores de cacao en su D\u00eda, Luis Ram\u00f3n Rodr\u00edguez expres\u00f3 que la fecha llega en un momento en que el pa\u00eds surca un camino de esperanza y buenas perspectivas, tras el relanzamiento del sector agropecuario, amparado en una nueva pol\u00edtica agr\u00edcola trazada por el presidente Danilo Medina.<\/span><\/p>\n<\/p>\n<p><span class=\"text1noticias\">\u00abDesde el Ministerio de Agricultura, el Gabinete Agropecuario del gobierno del presidente Danilo Medina, se honra en compartir el regocijo de la familia cacaotera nacional por celebrar hoy el D\u00eda del Cacao, y valora en toda su dimensi\u00f3n los esfuerzos conjuntos para mantener el cacao dominicano en el m\u00e1s alto nivel de prestigio internacional por su calidad, sanidad y sabor\u00bb, dijo.<\/span><\/p>\n<\/p>\n<p><span class=\"text1noticias\">En la actividad, el ministro Rodr\u00edguez estuvo acompa\u00f1ado del viceministro de Producci\u00f3n Luis Yang\u00fcela; el director del Instituto Dominicano de Investigaciones Agropecuarias y Forestales (Idiaf), Rafael P\u00e9rez Duverg\u00e9; el presidente de la Comisi\u00f3n Nacional del Cacao, Roberto Castillo, y el presidente del Conacado, Isidoro de la Rosa.<\/span><\/p>\n<\/p>\n<p><span class=\"text1noticias\">Tambi\u00e9n los empresarios Ram\u00f3n Garc\u00eda Santos, Francisco Pe\u00f1a, Ricardo Munn\u00e9, Marino Marcelino, Juan Cuello, entre otros, as\u00ed como productores y dirigentes del sector cacaotero nacional.(HG)<\/span>.<\/p>\n<h6> 2013-10-01 19:55:29 <\/h6>\n<p><!--\n<link rel=\"stylesheet\" href=\"css\/bootstrap.min.css\">\n\n\n<ul class=\"pagination\">\n\t    \n\t\n\n<li >\n\t<a href='?page_no=14740'>Previous<\/a>\n\t<\/li>\n\n\n       \n    \n\n<li><a href='?page_no=1'>1<\/a><\/li>\n\n\n\n<li><a href='?page_no=2'>2<\/a><\/li>\n\n\n\n<li><a>...<\/a><\/li>\n\n\n\n<li><a href='?page_no=14739'>14739<\/a><\/li>\n\n\n\n<li><a href='?page_no=14740'>14740<\/a><\/li>\n\n\n\n<li class='active'><a>14741<\/a><\/li>\n\n\n\n<li><a href='?page_no=14742'>14742<\/a><\/li>\n\n\n\n<li><a href='?page_no=14743'>14743<\/a><\/li>\n\n\n\n<li><a>...<\/a><\/li>\n\n\n\n<li><a href='?page_no=30472'>30472<\/a><\/li>\n\n\n\n<li><a href='?page_no=30473'>30473<\/a><\/li>\n\n    \n\t\n\n<li >\n\t<a href='?page_no=14742'>Next<\/a>\n\t<\/li>\n\n\n    \n\n<li><a href='?page_no=30473'>Last &rsaquo;&rsaquo;<\/a><\/li>\n\n<\/ul>\n\n\n--><br \/>\n<\/body><\/p>\n","protected":false},"excerpt":{"rendered":"<p>Mata Larga, provincia Duarte, RD, 1 de Octubre.-El ministro de Agricultura, Luis Ram\u00f3n Rodr\u00edguez, afirm\u00f3 aqu\u00ed que a partir del presente a\u00f1o cacaotero, esa instituci\u00f3n invertir\u00e1 1,359 millones 682 mil 500 pesos en un programa de injertos de clones de alta productividad que permitir\u00e1 renovar las plantaciones y duplicar la producci\u00f3n de cacao en los [&hellip;]<\/p>\n","protected":false},"author":3,"featured_media":0,"comment_status":"open","ping_status":"open","sticky":false,"template":"","format":"standard","meta":{"footnotes":""},"categories":[18],"tags":[],"class_list":["post-99266","post","type-post","status-publish","format-standard","hentry","category-economia"],"_links":{"self":[{"href":"https:\/\/diariodominicano.com\/index.php?rest_route=\/wp\/v2\/posts\/99266","targetHints":{"allow":["GET"]}}],"collection":[{"href":"https:\/\/diariodominicano.com\/index.php?rest_route=\/wp\/v2\/posts"}],"about":[{"href":"https:\/\/diariodominicano.com\/index.php?rest_route=\/wp\/v2\/types\/post"}],"author":[{"embeddable":true,"href":"https:\/\/diariodominicano.com\/index.php?rest_route=\/wp\/v2\/users\/3"}],"replies":[{"embeddable":true,"href":"https:\/\/diariodominicano.com\/index.php?rest_route=%2Fwp%2Fv2%2Fcomments&post=99266"}],"version-history":[{"count":0,"href":"https:\/\/diariodominicano.com\/index.php?rest_route=\/wp\/v2\/posts\/99266\/revisions"}],"wp:attachment":[{"href":"https:\/\/diariodominicano.com\/index.php?rest_route=%2Fwp%2Fv2%2Fmedia&parent=99266"}],"wp:term":[{"taxonomy":"category","embeddable":true,"href":"https:\/\/diariodominicano.com\/index.php?rest_route=%2Fwp%2Fv2%2Fcategories&post=99266"},{"taxonomy":"post_tag","embeddable":true,"href":"https:\/\/diariodominicano.com\/index.php?rest_route=%2Fwp%2Fv2%2Ftags&post=99266"}],"curies":[{"name":"wp","href":"https:\/\/api.w.org\/{rel}","templated":true}]}}