{"id":99263,"date":"2013-10-02T14:51:12","date_gmt":"2013-10-02T14:51:12","guid":{"rendered":"http:\/\/diariodominicano.ddns.net\/?p=99263"},"modified":"2013-10-02T14:51:12","modified_gmt":"2013-10-02T14:51:12","slug":"rd-en-top-resa-apuntala-inversiones-de-proyectos-concretos-nuevos-vuelos-y-proyectos-futuros","status":"publish","type":"post","link":"https:\/\/diariodominicano.com\/?p=99263","title":{"rendered":"RD en Top Resa apuntala inversiones, de proyectos concretos, nuevos vuelos y proyectos futuros"},"content":{"rendered":"<p><body><\/p>\n<p><img decoding=\"async\" src=\"img3\/francia 2.jpeg\" \/>  <\/p>\n<p>Santo Domingo RD 2 octubre.- La feria Top Resa 2013 que se desarroll\u00f3 en Par\u00eds, Francia, del 21 al 28 de septiembre pasado, fue un escenario id\u00f3neo para el anuncio de nuevas inversiones, de proyectos concretos, nuevos vuelos directos y tambi\u00e9n de gestiones futuras para una mayor oferta diversificada a los visitantes franceses y de todo el mundo.<\/p>\n<\/p>\n<p>En este escenario, se conoci\u00f3 de un proyecto multimillonario en energ\u00eda renovable que prontamente ser\u00e1 presentado al Poder Ejecutivo, documentos que le fueron presentados a la embajadora Rosa Hern\u00e1ndez de Grull\u00f3n, minutos antes de una cena ofrecida por la diplom\u00e1tica a inversionistas franceses y representantes del sector tur\u00edstico dominicano.<\/p>\n<\/p>\n<p>Previamente, las l\u00edneas Caravelle, Air France, y Air Caraibes anunciaron nuevas frecuencias de vuelos, pero tambi\u00e9n la embajada de Francia anunci\u00f3 el inter\u00e9s de empresarios franceses en invertir 150 millones de euros en un parque tem\u00e1tico en B\u00e1varo.<\/p>\n<\/p>\n<p>El Ministerio de Turismo, que preside Francisco Javier Garc\u00eda, coordin\u00f3 la participaci\u00f3n dominicana en Top Resa 2013, la m\u00e1s importante para el sector que se realiza en Francia.<\/p>\n<\/p>\n<p>Representantes del sector tur\u00edstico lanzaron su promoci\u00f3n \u00abSanto Domingo, Destino Capital 2013\u00bb, y ejecutar\u00e1n un encuentro que se llevar\u00e1 a cabo el 14 y 15 pr\u00f3ximo, con el auspicio del Ministerio de Turismo y la Asociaci\u00f3n de Hoteles de Santo Domingo.<\/p>\n<\/p>\n<p>Santo Domingo <\/p>\n<p>Doina de campos, directora de promoci\u00f3n para Santo Domingo y presidenta de la comisi\u00f3n de turismo de la C\u00e1mara de Comercio Dom\u00ednico- Francesa, destac\u00f3 que por primera vez se realizar\u00e1 el mayor evento de promoci\u00f3n tur\u00edstica dedicado a Santo Domingo y en el que se espera participen compradores de todo el mundo.<\/p>\n<\/p>\n<p>Bajo el lema \u00abSanto Domingo lo tiene todo\u00bb, sus promotores buscan vender la ciudad Capital por su cultura y gastronom\u00eda, al ser la puerta de entrada a las Am\u00e9ricas y abrir ahora sus puertas al mundo como eje a\u00e9reo, mar\u00edtimo, comercial, cultural y gastron\u00f3mico del Caribe.<\/p>\n<\/p>\n<p>La actividad \u00abSanto Domingo 2013, Destino Capital\u00bb se llevar\u00e1 a cabo en el hotel Renaissance Santo Domingo Jaragua. Habr\u00e1 un taller de capacitaci\u00f3n para que los touroperadores y periodistas invitados conozcan la raz\u00f3n de por qu\u00e9 venir a Santo Domingo.<\/p>\n<\/p>\n<p>Eduardo Reple, presidente de la Asociaci\u00f3n de Hoteles de Santo Domingo, Magali Toribio, Maribel Villalona y representantes del Ayuntamiento del Distrito Nacional explicar\u00e1n la pol\u00edtica de mercadeo y los planes de desarrollo de la Capital.<\/p>\n<\/p>\n<p>En un encuentro con hoteleros se explicar\u00e1 el t\u00e9rmino de residencias hoteleras (villas y apartamentos) que atraer\u00e1 a otros visitantes que prefieren mayor libertad.<\/p>\n<\/p>\n<p>Otros exponentes ser\u00e1n Julio Llibre, ex presidente de la Asonahores, y Lisandro Macarrulla. Doina de Campos dijo ser partidaria de que la Capital sea convertida en un \u00abhub\u00bb del Caribe y las Am\u00e9ricas y la competencia de Panam\u00e1.<\/p>\n<\/p>\n<p>De Campo dijo que dos cruceros van a embarcar desde Santo Domingo y se hablar\u00e1 de los logros en materia de seguridad. Tambi\u00e9n se har\u00e1 un festival gastron\u00f3mico gourmet en las terrazas del Mes\u00f3n de la Cava, preparado por la Asociaci\u00f3n de Hoteles de Santo Domingo y un paseo en el Chuchu-tren en la zona colonial, con diferentes paradas y terminar en la Plaza de Espa\u00f1a con una fiesta.<\/p>\n<\/p>\n<p>De Campos indic\u00f3 que participar\u00e1n touroperadores de Rusia, Suecia, Polonia, Espa\u00f1a, Italia, Francia e Inglaterra.<\/p>\n<\/p>\n<p>Indic\u00f3 que est\u00e1n involucradas en este proyecto 30 Oficinas de Promoci\u00f3n Tur\u00edstica (OPT), tambi\u00e9n la l\u00ednea a\u00e9rea Air France ha colaborado mucho, y otras como Copa, y en el caso de EE.UU. y Canad\u00e1 las oficinas han estado manejando esto.<\/p>\n<\/p>\n<p>\u00abSanto Domingo era la puerta de entrada a las Am\u00e9ricas en el siglo 16 y ahora en el siglo 21 abre las puertas al mundo\u00bb, indic\u00f3. <\/p>\n<\/p>\n<p>El BPD afianza su compromiso con el turismo <\/p>\n<p>Parte del desarrollo guarda una estrecha relaci\u00f3n con la disponibilidad de financiamientos para la ejecuci\u00f3n de proyectos. En ese norte est\u00e1 presente el Banco Popular Dominicano (BPD).<\/p>\n<\/p>\n<p>El Banco Popular dispone de una cartera de US$640 millones en activos para ser prestados a diversos proyectos del sector tur\u00edstico en Rep\u00fablica Dominicana.<\/p>\n<\/p>\n<p>Juan Mart\u00edn de Oliva, vicepresidente corporativo del sector tur\u00edstico de la banca de empresas de la zona Este, en el Banco Popular Dominicano, habl\u00f3 para LIST\u00edN DIARIO, durante una cena ofrecida por la embajada de Francia, en Par\u00eds, a inversionistas franceses interesados en RD y parte de la delegaci\u00f3n dominicana invitada por el Ministerio de Turismo.<\/p>\n<\/p>\n<p>Hasta el momento, el Banco Popular Dominicano ha prestado al sector tur\u00edstico m\u00e1s de US$1,000 millones.<\/p>\n<\/p>\n<p>De Oliva explic\u00f3 que la entidad bancaria siempre ha cre\u00eddo en el sector, al grado que ha sido el \u00fanico banco dominicano en crear una vicepresidencia destinada a manejar ese sector por su importancia en la econom\u00eda dominicana.<\/p>\n<\/p>\n<p>En la actualidad, los financiamientos han sido aprobados en la zona Este, porque es la de mayor actividad tur\u00edstica, pero en general el banco dispone de fondos para cualquier proyecto bien concebido en cualquier zona del pa\u00eds.<\/p>\n<\/p>\n<p>\u00abEl sector tur\u00edstico puede estar confiado de que lo que necesite nosotros como banco le vamos a estar apoyando\u00bb, dijo.<\/p>\n<\/p>\n<p>El BPD cre\u00f3 la cartera en el sector no s\u00f3lo enfocados en el financiamiento, sino en el acompa\u00f1amiento y asesor\u00eda, por lo que De Oliva afirma que este tipo de trabajo ha hecho de los clientes sus amigos a los que acompa\u00f1an en inter\u00e9s de sus proyectos lleguen a buen camino.<\/p>\n<\/p>\n<p>De acuerdo a Oliva, los clientes del sector tur\u00edstico encuentran en la entidad financiera tasas de inter\u00e9s competitivas, con relaci\u00f3n al comportamiento del mercado mundial.<\/p>\n<\/p>\n<p>El BPD, dice, ve en cada cliente un mundo particular y por eso las tasas no son est\u00e1ndard.<\/p>\n<\/p>\n<p>Asimismo, define la cartera de muy solvente, ya que son clientes con hoteles en todo el mundo, no s\u00f3lo en RD y han dado su confianza en la naci\u00f3n.<\/p>\n<\/p>\n<p>El representante del sector bancario asegur\u00f3 que en RD los proyectos no est\u00e1n parados, todo lo contrario, puesto que hay \u00abmucho movimiento\u00bb, pero recuerda que como se trata de inversiones muy cuantiosas todo se lleva su tiempo.<\/p>\n<\/p>\n<p>De Oliva afirm\u00f3 que en general el BPD ha notado en los inversores que a Rep\u00fablica Dominicana lo ven como un pa\u00eds de f\u00e1cil acceso, con un clima de estabilidad fiscal, econ\u00f3mica, pol\u00edtica y jur\u00eddica, que la ha convertido en uno o el principal para invertir dentro del grupo de naciones de Am\u00e9rica Latina y el Caribe.<\/p>\n<\/p>\n<p>Nuevos capitales para energ\u00eda <\/p>\n<p>Parte del trabajo diplom\u00e1tico se fundamenta en la b\u00fasqueda de negocios y en ese tenor la embajadora en Francia, Rosa hern\u00e1ndez de Grull\u00f3n, anunci\u00f3 en la feria Top Resa del inter\u00e9s de inversionistas franceses por poner en ejecuci\u00f3n un parque tem\u00e1tico en B\u00e1varo por un monto de 150 millones de euros.<\/p>\n<\/p>\n<p>La diplom\u00e1tica destac\u00f3 la importancia del sector tur\u00edstico para la econom\u00eda dominicana y su compromiso con el desarrollo de la naci\u00f3n durante una cena ofrecida en la sede donde recibi\u00f3 a inversionistas interesados en B\u00e1varo. Previamente se hab\u00eda reunido con otros interesados en el \u00e1rea de la energ\u00eda, especialmente gas natural. En la feria International French Travel Market -Top Resa 2013- participaron m\u00e1s de 294 stands y m\u00e1s de 164 pa\u00edses. Dominicana llam\u00f3 la atenci\u00f3n por su colorido y por la diversidad de su oferta que supera el sol y playa, volcando la atenci\u00f3n hacia la aventura, la cultura y ecoturismo. En 2013 se esperan cerca de 300,000 turistas franceses.<\/p>\n<\/p>\n<p>Recomendar este articulo por:<\/p>\n<p>Share on facebook  Facebook Share on twitter  Twitter Share on digg  Digg Share on delicious  Delicious Share on google_plusone_share  Google+<\/p>\n<h6> 2013-10-02 14:51:12 <\/h6>\n<p><!--\n<link rel=\"stylesheet\" href=\"css\/bootstrap.min.css\">\n\n\n<ul class=\"pagination\">\n\t    \n\t\n\n<li >\n\t<a href='?page_no=14738'>Previous<\/a>\n\t<\/li>\n\n\n       \n    \n\n<li><a href='?page_no=1'>1<\/a><\/li>\n\n\n\n<li><a href='?page_no=2'>2<\/a><\/li>\n\n\n\n<li><a>...<\/a><\/li>\n\n\n\n<li><a href='?page_no=14737'>14737<\/a><\/li>\n\n\n\n<li><a href='?page_no=14738'>14738<\/a><\/li>\n\n\n\n<li class='active'><a>14739<\/a><\/li>\n\n\n\n<li><a href='?page_no=14740'>14740<\/a><\/li>\n\n\n\n<li><a href='?page_no=14741'>14741<\/a><\/li>\n\n\n\n<li><a>...<\/a><\/li>\n\n\n\n<li><a href='?page_no=30472'>30472<\/a><\/li>\n\n\n\n<li><a href='?page_no=30473'>30473<\/a><\/li>\n\n    \n\t\n\n<li >\n\t<a href='?page_no=14740'>Next<\/a>\n\t<\/li>\n\n\n    \n\n<li><a href='?page_no=30473'>Last &rsaquo;&rsaquo;<\/a><\/li>\n\n<\/ul>\n\n\n--><br \/>\n<\/body><\/p>\n","protected":false},"excerpt":{"rendered":"<p>Santo Domingo RD 2 octubre.- La feria Top Resa 2013 que se desarroll\u00f3 en Par\u00eds, Francia, del 21 al 28 de septiembre pasado, fue un escenario id\u00f3neo para el anuncio de nuevas inversiones, de proyectos concretos, nuevos vuelos directos y tambi\u00e9n de gestiones futuras para una mayor oferta diversificada a los visitantes franceses y de [&hellip;]<\/p>\n","protected":false},"author":3,"featured_media":0,"comment_status":"open","ping_status":"open","sticky":false,"template":"","format":"standard","meta":{"footnotes":""},"categories":[18],"tags":[],"class_list":["post-99263","post","type-post","status-publish","format-standard","hentry","category-economia"],"_links":{"self":[{"href":"https:\/\/diariodominicano.com\/index.php?rest_route=\/wp\/v2\/posts\/99263","targetHints":{"allow":["GET"]}}],"collection":[{"href":"https:\/\/diariodominicano.com\/index.php?rest_route=\/wp\/v2\/posts"}],"about":[{"href":"https:\/\/diariodominicano.com\/index.php?rest_route=\/wp\/v2\/types\/post"}],"author":[{"embeddable":true,"href":"https:\/\/diariodominicano.com\/index.php?rest_route=\/wp\/v2\/users\/3"}],"replies":[{"embeddable":true,"href":"https:\/\/diariodominicano.com\/index.php?rest_route=%2Fwp%2Fv2%2Fcomments&post=99263"}],"version-history":[{"count":0,"href":"https:\/\/diariodominicano.com\/index.php?rest_route=\/wp\/v2\/posts\/99263\/revisions"}],"wp:attachment":[{"href":"https:\/\/diariodominicano.com\/index.php?rest_route=%2Fwp%2Fv2%2Fmedia&parent=99263"}],"wp:term":[{"taxonomy":"category","embeddable":true,"href":"https:\/\/diariodominicano.com\/index.php?rest_route=%2Fwp%2Fv2%2Fcategories&post=99263"},{"taxonomy":"post_tag","embeddable":true,"href":"https:\/\/diariodominicano.com\/index.php?rest_route=%2Fwp%2Fv2%2Ftags&post=99263"}],"curies":[{"name":"wp","href":"https:\/\/api.w.org\/{rel}","templated":true}]}}