{"id":99262,"date":"2013-10-02T16:06:25","date_gmt":"2013-10-02T16:06:25","guid":{"rendered":"http:\/\/diariodominicano.ddns.net\/?p=99262"},"modified":"2013-10-02T16:06:25","modified_gmt":"2013-10-02T16:06:25","slug":"ministro-de-turismo-exhorta-unificacion-fuerza-productiva-en-torno-proyecto-desarrollo-turistico-santiago","status":"publish","type":"post","link":"https:\/\/diariodominicano.com\/?p=99262","title":{"rendered":"Ministro de turismo exhorta unificaci\u00f3n fuerza productiva en torno proyecto desarrollo tur\u00edstico Santiago"},"content":{"rendered":"<p><body><\/p>\n<p><img decoding=\"async\" src=\"img3\/frank 2.jpg\" \/>  <\/p>\n<p>Ministro de turismo exhorta unificaci\u00f3n fuerza productiva en torno proyecto desarrollo tur\u00edstico Santiago<\/p>\n<\/p>\n<\/p>\n<p>El Ministro de Turismo, Francisco Javier Garc\u00eda, exhort\u00f3 a todos los sectores organizados, productivos y empresariales de Santiago, a unificarse alrededor de un proyecto de desarrollo tur\u00edstico para esta ciudad, cuyas potencialidades en ese rengl\u00f3n calific\u00f3 de \u00abextraordinarias\u00bb debidos a su identidad y a sus  caracter\u00edsticas propias de gran ciudad de mundo.<\/p>\n<\/p>\n<p>\u00abLas potencialidades que tiene Santiago para desarrollarse como un destino tur\u00edstico son extraordinarias. Santiago no es una oferta complementaria de nada ni de nadie, tiene una identidad propia, unas caracter\u00edsticas propias\u00bb, manifest\u00f3 el Ministro de Turismo en el marco de la celebraci\u00f3n de la Feria Internacional de Turismo de Par\u00eds, Top Resa 2013, donde realiz\u00f3 una serie de encuentros con tour operadores de l\u00edneas a\u00e9reas  europeas.<\/p>\n<\/p>\n<p>Javier Garc\u00eda adelant\u00f3 que el Ministerio de Turismo (Mitur) est\u00e1 dispuesto a  trabajar en un levantamiento que d\u00e9 a conocer todas las potencialidades tur\u00edsticas que tiene Santiago, cuyas ventajas se manifiestan por el hecho de que todos los sectores productivos y empresariales de esta ciudad, participan activamente en su desarrollo y no se muestran indiferentes a sus problem\u00e1ticas.<\/p>\n<\/p>\n<p>\u00abEsto es fundamental cuando se trabaja en un plan tur\u00edstico. Por eso yo exhorto a todos los sectores organizados, productivos y empresariales de Santiago, a que se unifiquen alrededor de un proyecto de desarrollo tur\u00edstico para esta ciudad, porque eso no solamente elevar\u00e1 sus caracter\u00edsticas como tal, sino que incrementar\u00e1 su actividad econ\u00f3mica\u00bb, exhort\u00f3 el licenciado Francisco Javier Garc\u00eda.<\/p>\n<\/p>\n<p>Tras mostrar en Par\u00eds una versi\u00f3n en franc\u00e9s de la revista Vacation Planner, donde la ciudad de Santiago es promovida como destino tur\u00edstico, el funcionario de esa cartera asegur\u00f3 que la ciudad norte\u00f1a tiene todas las potencialidades porque posee lo que puede tener cualquier ciudad del mundo, hasta el punto de parecerse una capital y no una ciudad.<\/p>\n<\/p>\n<p>\u00abTiene todas las caracter\u00edsticas de las mejores capitales del mundo. De entrada, tiene la mayor entrada que tiene cualquier ciudad del mundo y yo creo que los habitantes de Santiago tienen como caracter\u00edstica que cuidan su ciudad, y por lo tanto protegen a todo el que la visite\u00bb, manifest\u00f3 el Ministro de Turismo, tras asegurar que cuando se produce un desplazamiento hacia una zona, se produce un derramamiento de la econom\u00eda.<\/p>\n<\/p>\n<p>Bajo el lema: Santiago Destino Tur\u00edstico, se ha conformado en esta ciudad un equipo gestor que tiene como uno de sus objetivo, formular y poner en operaci\u00f3n una estrategia para posesionar a Santiago como destino tur\u00edstico regional, nacional, y mundial, sustentada en sus recursos, capacidades y valores que la identifican como provincia progresista, solidaria, emprendedora y visionaria.<\/p>\n<\/p>\n<p>Coordinado por Ram\u00f3n Paulino y Conformado por diversas instituciones  como la Alcald\u00eda de Santiago, El Ministerio de Turismo, La Asociaci\u00f3n de Due\u00f1os de Hoteles, La Asociaci\u00f3n Dominicana de Prensa Tur\u00edstica, Filial Santiago entre otras, el equipo gestor Santiago Destino Tur\u00edstico tambi\u00e9n busca consolidar el sentido de pertenencia de su ciudadan\u00eda y proyectar su identidad, su imagen y sus cualidades territoriales y culturales como un atractivo para visitantes locales e internacionales, y para iniciativas de inversiones.<\/p>\n<h6> 2013-10-02 16:06:25 <\/h6>\n<p><!--\n<link rel=\"stylesheet\" href=\"css\/bootstrap.min.css\">\n\n\n<ul class=\"pagination\">\n\t    \n\t\n\n<li >\n\t<a href='?page_no=14737'>Previous<\/a>\n\t<\/li>\n\n\n       \n    \n\n<li><a href='?page_no=1'>1<\/a><\/li>\n\n\n\n<li><a href='?page_no=2'>2<\/a><\/li>\n\n\n\n<li><a>...<\/a><\/li>\n\n\n\n<li><a href='?page_no=14736'>14736<\/a><\/li>\n\n\n\n<li><a href='?page_no=14737'>14737<\/a><\/li>\n\n\n\n<li class='active'><a>14738<\/a><\/li>\n\n\n\n<li><a href='?page_no=14739'>14739<\/a><\/li>\n\n\n\n<li><a href='?page_no=14740'>14740<\/a><\/li>\n\n\n\n<li><a>...<\/a><\/li>\n\n\n\n<li><a href='?page_no=30472'>30472<\/a><\/li>\n\n\n\n<li><a href='?page_no=30473'>30473<\/a><\/li>\n\n    \n\t\n\n<li >\n\t<a href='?page_no=14739'>Next<\/a>\n\t<\/li>\n\n\n    \n\n<li><a href='?page_no=30473'>Last &rsaquo;&rsaquo;<\/a><\/li>\n\n<\/ul>\n\n\n--><br \/>\n<\/body><\/p>\n","protected":false},"excerpt":{"rendered":"<p>Ministro de turismo exhorta unificaci\u00f3n fuerza productiva en torno proyecto desarrollo tur\u00edstico Santiago El Ministro de Turismo, Francisco Javier Garc\u00eda, exhort\u00f3 a todos los sectores organizados, productivos y empresariales de Santiago, a unificarse alrededor de un proyecto de desarrollo tur\u00edstico para esta ciudad, cuyas potencialidades en ese rengl\u00f3n calific\u00f3 de \u00abextraordinarias\u00bb debidos a su identidad [&hellip;]<\/p>\n","protected":false},"author":3,"featured_media":0,"comment_status":"open","ping_status":"open","sticky":false,"template":"","format":"standard","meta":{"footnotes":""},"categories":[18],"tags":[],"class_list":["post-99262","post","type-post","status-publish","format-standard","hentry","category-economia"],"_links":{"self":[{"href":"https:\/\/diariodominicano.com\/index.php?rest_route=\/wp\/v2\/posts\/99262","targetHints":{"allow":["GET"]}}],"collection":[{"href":"https:\/\/diariodominicano.com\/index.php?rest_route=\/wp\/v2\/posts"}],"about":[{"href":"https:\/\/diariodominicano.com\/index.php?rest_route=\/wp\/v2\/types\/post"}],"author":[{"embeddable":true,"href":"https:\/\/diariodominicano.com\/index.php?rest_route=\/wp\/v2\/users\/3"}],"replies":[{"embeddable":true,"href":"https:\/\/diariodominicano.com\/index.php?rest_route=%2Fwp%2Fv2%2Fcomments&post=99262"}],"version-history":[{"count":0,"href":"https:\/\/diariodominicano.com\/index.php?rest_route=\/wp\/v2\/posts\/99262\/revisions"}],"wp:attachment":[{"href":"https:\/\/diariodominicano.com\/index.php?rest_route=%2Fwp%2Fv2%2Fmedia&parent=99262"}],"wp:term":[{"taxonomy":"category","embeddable":true,"href":"https:\/\/diariodominicano.com\/index.php?rest_route=%2Fwp%2Fv2%2Fcategories&post=99262"},{"taxonomy":"post_tag","embeddable":true,"href":"https:\/\/diariodominicano.com\/index.php?rest_route=%2Fwp%2Fv2%2Ftags&post=99262"}],"curies":[{"name":"wp","href":"https:\/\/api.w.org\/{rel}","templated":true}]}}