{"id":99261,"date":"2013-10-02T17:57:50","date_gmt":"2013-10-02T17:57:50","guid":{"rendered":"http:\/\/diariodominicano.ddns.net\/?p=99261"},"modified":"2013-10-02T17:57:50","modified_gmt":"2013-10-02T17:57:50","slug":"pro-consumidor-pide-a-panaderos-buscar-alternativas-para-evitar-el-aumento-del-precio-del-pan","status":"publish","type":"post","link":"https:\/\/diariodominicano.com\/?p=99261","title":{"rendered":"PRO CONSUMIDOR pide a panaderos buscar alternativas para evitar el aumento del precio del pan"},"content":{"rendered":"<p><body><\/p>\n<p><span class=\"text1noticias\">Santo Domingo, RD, 2 de octubre.-Pro Consumidor pidi\u00f3 un comp\u00e1s  de espera a la Uni\u00f3n de Mediano y Peque\u00f1os Industriales de la Harina, debido a que esta entidad est\u00e1 sirviendo como mediadora, para evitar un aumento en el precio del pan. <\/span><\/p>\n<\/p>\n<p><span class=\"text1noticias\">La directora de la entidad licenciada Altagracia Paulino dijo que preocupada por la amenaza de incremento en el precio del pan, realiz\u00f3 una reuni\u00f3n con la directiva de la Uni\u00f3n de Medianos y Peque\u00f1os Industriales de la Harina, el pasado jueves 26 de septiembre, para escuchar las razones de los due\u00f1os de panader\u00edas para justificar las alzas anunciadas.<\/span><\/p>\n<\/p>\n<p><span class=\"text1noticias\">Dijo que conociendo el consumo masivo de este producto de la canasta b\u00e1sica familiar, por parte de la poblaci\u00f3n m\u00e1s vulnerable, y lo sensible que resulta un aumento de precio del mismo a la econom\u00eda popular, decidi\u00f3 estudiar los reclamos de los panaderos.<\/span><\/p>\n<\/p>\n<p><span class=\"text1noticias\">\u00abCreemos pertinente proponer que se realicen los esfuerzos que sean necesarios para evitar que el  incremento de precio del pan se materialice\u00bb.<\/span><\/p>\n<\/p>\n<p><span class=\"text1noticias\">En esa reuni\u00f3n los panaderos plantearon sus inquietudes y postergaron el aumento de precio del pan  que ten\u00eda previsto a partir del 30 de septiembre, a la espera de una respuesta oficial y dieron un plazo de 10 d\u00edas para arribar a un posible acuerdo con las autoridades.<\/span><\/p>\n<\/p>\n<p><span class=\"text1noticias\">El pan es un producto que representa el s\u00edmbolo del alimento en el mundo,  en todas las culturas, es el s\u00edmbolo del sustento del ser humano. <\/span><\/p>\n<\/p>\n<p><span class=\"text1noticias\">PRO CONSUMIDOR se comprometi\u00f3 a estudiar  los 5 puntos que proponen los industriales de la harina con miras a un acuerdo en el que todos sean beneficiados.<\/span><\/p>\n<p><span class=\"text1noticias\">En el pliego de reclamos la  UMPHI  solicita entre otros puntos  la  creaci\u00f3n de una ventanilla de financiamiento especial para pr\u00e9stamos a largo plazo a una tasa de inter\u00e9s de 5% anual y que estos recursos sean utilizados exclusivamente para una reconversi\u00f3n industrial, para que la garant\u00eda de estos financiamientos sean los mismos equipos. Dicha reconversi\u00f3n abaratar\u00eda los costos de producci\u00f3n.<\/span><\/p>\n<\/p>\n<p><span class=\"text1noticias\">Piden adem\u00e1s la elaboraci\u00f3n de una norma por  parte de la Direcci\u00f3n General de Impuestos Internos  (DGII), en la que se ordene la exoneraci\u00f3n del pago de ITBIS a las compras de materiales  y materias primas que utilizan las panader\u00edas en su condici\u00f3n de PYMES,  debido a que las mismas no cobran ITBIS al vender su pan.<\/span><\/p>\n<\/p>\n<p><span class=\"text1noticias\">La postergaci\u00f3n de la instalaci\u00f3n de impresoras fiscales hasta el a\u00f1o 2015 a las panader\u00edas en raz\u00f3n, que esto representa una inversi\u00f3n no prevista. Es otro de las peticiones de los panaderos.<\/span><\/p>\n<\/p>\n<p><span class=\"text1noticias\">Solicitan adem\u00e1s que el gobierno otorgue una compensaci\u00f3n econ\u00f3mica especial a todas las panader\u00edas del pa\u00eds y que esto se haga en base a la cantidad de sacos de harina que procesa cada panader\u00eda.<\/span><\/p>\n<\/p>\n<p><span class=\"text1noticias\">Los panaderos sostienen que en el mes de diciembre, el gobierno ejecute un plan masivo de distribuci\u00f3n de teleras en todas las provincias del pa\u00eds y estas sean elaboradas por las panader\u00edas de esa provincia.<\/span><\/p>\n<\/p>\n<p><span class=\"text1noticias\">La directora de Pro Consumidor precisa que desde esta entidad su objetivo ha sido ejercer la responsabilidad social gubernamental y dar respuestas a la sociedad dominicana promoviendo el ejercicio de ciudadan\u00eda responsable, y  concientizar  a los proveedores de bienes y servicios para que realicen sus actividades comerciales con responsabilidad social, en conformidad con las directrices del  Gobierno.(HG)<\/span>.<\/p>\n<\/p>\n<h6> 2013-10-02 17:57:50 <\/h6>\n<p><!--\n<link rel=\"stylesheet\" href=\"css\/bootstrap.min.css\">\n\n\n<ul class=\"pagination\">\n\t    \n\t\n\n<li >\n\t<a href='?page_no=14736'>Previous<\/a>\n\t<\/li>\n\n\n       \n    \n\n<li><a href='?page_no=1'>1<\/a><\/li>\n\n\n\n<li><a href='?page_no=2'>2<\/a><\/li>\n\n\n\n<li><a>...<\/a><\/li>\n\n\n\n<li><a href='?page_no=14735'>14735<\/a><\/li>\n\n\n\n<li><a href='?page_no=14736'>14736<\/a><\/li>\n\n\n\n<li class='active'><a>14737<\/a><\/li>\n\n\n\n<li><a href='?page_no=14738'>14738<\/a><\/li>\n\n\n\n<li><a href='?page_no=14739'>14739<\/a><\/li>\n\n\n\n<li><a>...<\/a><\/li>\n\n\n\n<li><a href='?page_no=30472'>30472<\/a><\/li>\n\n\n\n<li><a href='?page_no=30473'>30473<\/a><\/li>\n\n    \n\t\n\n<li >\n\t<a href='?page_no=14738'>Next<\/a>\n\t<\/li>\n\n\n    \n\n<li><a href='?page_no=30473'>Last &rsaquo;&rsaquo;<\/a><\/li>\n\n<\/ul>\n\n\n--><br \/>\n<\/body><\/p>\n","protected":false},"excerpt":{"rendered":"<p>Santo Domingo, RD, 2 de octubre.-Pro Consumidor pidi\u00f3 un comp\u00e1s de espera a la Uni\u00f3n de Mediano y Peque\u00f1os Industriales de la Harina, debido a que esta entidad est\u00e1 sirviendo como mediadora, para evitar un aumento en el precio del pan. La directora de la entidad licenciada Altagracia Paulino dijo que preocupada por la amenaza [&hellip;]<\/p>\n","protected":false},"author":3,"featured_media":0,"comment_status":"open","ping_status":"open","sticky":false,"template":"","format":"standard","meta":{"footnotes":""},"categories":[18],"tags":[],"class_list":["post-99261","post","type-post","status-publish","format-standard","hentry","category-economia"],"_links":{"self":[{"href":"https:\/\/diariodominicano.com\/index.php?rest_route=\/wp\/v2\/posts\/99261","targetHints":{"allow":["GET"]}}],"collection":[{"href":"https:\/\/diariodominicano.com\/index.php?rest_route=\/wp\/v2\/posts"}],"about":[{"href":"https:\/\/diariodominicano.com\/index.php?rest_route=\/wp\/v2\/types\/post"}],"author":[{"embeddable":true,"href":"https:\/\/diariodominicano.com\/index.php?rest_route=\/wp\/v2\/users\/3"}],"replies":[{"embeddable":true,"href":"https:\/\/diariodominicano.com\/index.php?rest_route=%2Fwp%2Fv2%2Fcomments&post=99261"}],"version-history":[{"count":0,"href":"https:\/\/diariodominicano.com\/index.php?rest_route=\/wp\/v2\/posts\/99261\/revisions"}],"wp:attachment":[{"href":"https:\/\/diariodominicano.com\/index.php?rest_route=%2Fwp%2Fv2%2Fmedia&parent=99261"}],"wp:term":[{"taxonomy":"category","embeddable":true,"href":"https:\/\/diariodominicano.com\/index.php?rest_route=%2Fwp%2Fv2%2Fcategories&post=99261"},{"taxonomy":"post_tag","embeddable":true,"href":"https:\/\/diariodominicano.com\/index.php?rest_route=%2Fwp%2Fv2%2Ftags&post=99261"}],"curies":[{"name":"wp","href":"https:\/\/api.w.org\/{rel}","templated":true}]}}