{"id":99258,"date":"2013-10-02T21:41:24","date_gmt":"2013-10-02T21:41:24","guid":{"rendered":"http:\/\/diariodominicano.ddns.net\/?p=99258"},"modified":"2013-10-02T21:41:24","modified_gmt":"2013-10-02T21:41:24","slug":"falcondo-anuncia-parada-temporal-de-sus-operaciones","status":"publish","type":"post","link":"https:\/\/diariodominicano.com\/?p=99258","title":{"rendered":"Falcondo anuncia parada temporal de sus operaciones"},"content":{"rendered":"<p><body><\/p>\n<p><img decoding=\"async\" src=\"img3\/falcondo.jpg\" \/>  <\/p>\n<p><span class=\"text1noticias\">Santo Domingo, RD, 2 de Octubre.-La empresa minera Falcondo anunci\u00f3 la decisi\u00f3n de paralizar temporalmente sus operaciones para dar inicio a un per\u00edodo de cuidado y mantenimiento de sus instalaciones, hasta tanto reestructure su complejo energ\u00e9tico y la planta de procesos, que permitan a la Compa\u00f1\u00eda operar con mayor efectividad a escala global.  <\/span><\/p>\n<\/p>\n<p><span class=\"text1noticias\">\u00abEl desplome de los precios del N\u00edquel en los mercados internacionales y los altos precios del petr\u00f3leo nos llevan a que hagamos un alto y demos inicio al proceso de readecuaci\u00f3n y restructuraci\u00f3n de la empresa\u00bb, afirm\u00f3 Alain Astacio, Director de Comunicaciones y RSE.<\/span><\/p>\n<\/p>\n<p><span class=\"text1noticias\">Agreg\u00f3 que \u00abla empresa realiza grandes esfuerzos para que esta parada temporal sea lo m\u00e1s breve posible dentro de las circunstancias globales y locales\u00bb.<\/span><\/p>\n<\/p>\n<p><span class=\"text1noticias\">Durante este periodo, FALCONDO continuar\u00e1 fortaleciendo  una amplia gama de iniciativas a favor de las comunidades a trav\u00e9s de la Fundaci\u00f3n Falcondo y su Direcci\u00f3n de Responsabilidad Social, en \u00e1reas como la salud, educaci\u00f3n, deportes, cultura y servicios b\u00e1sicos de infraestructura en las comunidades.<\/span><\/p>\n<\/p>\n<p><span class=\"text1noticias\">A su vez, se ejecutar\u00e1n programas de rehabilitaci\u00f3n, readecuaci\u00f3n y reforestaci\u00f3n de las \u00e1reas minadas, monitoreo ambientales y mantenimiento y mejoras a los equipos de producci\u00f3n. Al mismo tiempo se har\u00e1n diferentes trabajos livianos y recuperaci\u00f3n de materiales reciclables.  <\/span><\/p>\n<\/p>\n<p><span class=\"text1noticias\">\u00abLamentamos la dif\u00edcil decisi\u00f3n tomada pues sabemos los efectos negativos que la misma tiene a corto plazo sobre nuestros empleados, sus familias, suplidores, las comunidades y los habitantes de Monse\u00f1or Noel y La Vega.  Esta decisi\u00f3n implica una disminuci\u00f3n significativa de nuestra fuerza laboral\u00bb.  <\/span><\/p>\n<p><span class=\"text1noticias\">La decisi\u00f3n futura de reiniciar las operaciones est\u00e1 condicionada avarios factores, entre los que se encuentran:<\/span><\/p>\n<p><span class=\"text1noticias\">1.\tRe-estructuraci\u00f3n del complejo energ\u00e9tico y de la planta de procesos, que permita a Falcondo operar de nuevo al 100% de su capacidad productiva, de manera competitiva a escala mundial.La casa matriz de Falcondo, Glencore, est\u00e1 evaluando la posibilidad de hacer inversiones de capitales significativas, para estos fines.  <\/span><\/p>\n<\/p>\n<p><span class=\"text1noticias\">2.\tLa certeza en el acceso alos  recursos mineros situados en nuestras propiedades privadas, incluyendo  nuestra propiedad en Loma Miranda, que garanticen el futuro de FALCONDO por 20 a\u00f1os m\u00e1s.<\/span><\/p>\n<\/p>\n<p><span class=\"text1noticias\">La empresa reitera su compromiso de trabajar de la mano con el Estado Dominicano en contribuir al  desarrollo, en especial por las provincias de Monse\u00f1or Nouel y La Vega, como lo ha hecho por los \u00faltimos 56 a\u00f1os.  Falcondo contin\u00faa trabajando para mejorar su desempe\u00f1o econ\u00f3mico, ambiental y social, de manera que puedaseguir contribuyendo con los planes trazados para el desarrollo del pa\u00eds.(HG)<\/span>.  <\/p>\n<h6> 2013-10-02 21:41:24 <\/h6>\n<p><!--\n<link rel=\"stylesheet\" href=\"css\/bootstrap.min.css\">\n\n\n<ul class=\"pagination\">\n\t    \n\t\n\n<li >\n\t<a href='?page_no=14733'>Previous<\/a>\n\t<\/li>\n\n\n       \n    \n\n<li><a href='?page_no=1'>1<\/a><\/li>\n\n\n\n<li><a href='?page_no=2'>2<\/a><\/li>\n\n\n\n<li><a>...<\/a><\/li>\n\n\n\n<li><a href='?page_no=14732'>14732<\/a><\/li>\n\n\n\n<li><a href='?page_no=14733'>14733<\/a><\/li>\n\n\n\n<li class='active'><a>14734<\/a><\/li>\n\n\n\n<li><a href='?page_no=14735'>14735<\/a><\/li>\n\n\n\n<li><a href='?page_no=14736'>14736<\/a><\/li>\n\n\n\n<li><a>...<\/a><\/li>\n\n\n\n<li><a href='?page_no=30472'>30472<\/a><\/li>\n\n\n\n<li><a href='?page_no=30473'>30473<\/a><\/li>\n\n    \n\t\n\n<li >\n\t<a href='?page_no=14735'>Next<\/a>\n\t<\/li>\n\n\n    \n\n<li><a href='?page_no=30473'>Last &rsaquo;&rsaquo;<\/a><\/li>\n\n<\/ul>\n\n\n--><br \/>\n<\/body><\/p>\n","protected":false},"excerpt":{"rendered":"<p>Santo Domingo, RD, 2 de Octubre.-La empresa minera Falcondo anunci\u00f3 la decisi\u00f3n de paralizar temporalmente sus operaciones para dar inicio a un per\u00edodo de cuidado y mantenimiento de sus instalaciones, hasta tanto reestructure su complejo energ\u00e9tico y la planta de procesos, que permitan a la Compa\u00f1\u00eda operar con mayor efectividad a escala global. \u00abEl desplome [&hellip;]<\/p>\n","protected":false},"author":3,"featured_media":0,"comment_status":"open","ping_status":"open","sticky":false,"template":"","format":"standard","meta":{"footnotes":""},"categories":[18],"tags":[],"class_list":["post-99258","post","type-post","status-publish","format-standard","hentry","category-economia"],"_links":{"self":[{"href":"https:\/\/diariodominicano.com\/index.php?rest_route=\/wp\/v2\/posts\/99258","targetHints":{"allow":["GET"]}}],"collection":[{"href":"https:\/\/diariodominicano.com\/index.php?rest_route=\/wp\/v2\/posts"}],"about":[{"href":"https:\/\/diariodominicano.com\/index.php?rest_route=\/wp\/v2\/types\/post"}],"author":[{"embeddable":true,"href":"https:\/\/diariodominicano.com\/index.php?rest_route=\/wp\/v2\/users\/3"}],"replies":[{"embeddable":true,"href":"https:\/\/diariodominicano.com\/index.php?rest_route=%2Fwp%2Fv2%2Fcomments&post=99258"}],"version-history":[{"count":0,"href":"https:\/\/diariodominicano.com\/index.php?rest_route=\/wp\/v2\/posts\/99258\/revisions"}],"wp:attachment":[{"href":"https:\/\/diariodominicano.com\/index.php?rest_route=%2Fwp%2Fv2%2Fmedia&parent=99258"}],"wp:term":[{"taxonomy":"category","embeddable":true,"href":"https:\/\/diariodominicano.com\/index.php?rest_route=%2Fwp%2Fv2%2Fcategories&post=99258"},{"taxonomy":"post_tag","embeddable":true,"href":"https:\/\/diariodominicano.com\/index.php?rest_route=%2Fwp%2Fv2%2Ftags&post=99258"}],"curies":[{"name":"wp","href":"https:\/\/api.w.org\/{rel}","templated":true}]}}