{"id":99257,"date":"2013-10-03T13:11:41","date_gmt":"2013-10-03T13:11:41","guid":{"rendered":"http:\/\/diariodominicano.ddns.net\/?p=99257"},"modified":"2013-10-03T13:11:41","modified_gmt":"2013-10-03T13:11:41","slug":"analizaran-las-perspectivaseconomicas-los-avances-y-los-desafios-de-la-region","status":"publish","type":"post","link":"https:\/\/diariodominicano.com\/?p=99257","title":{"rendered":"Analizar\u00e1n las perspectivasecon\u00f3micas, los avances y los desaf\u00edos de la regi\u00f3n"},"content":{"rendered":"<p><body><\/p>\n<p>Washington DC 3 octubre.- El Banco Mundial (BM) invita a los medios de comunicaci\u00f3n a dos grandes eventos que tendr\u00e1n lugar con ocasi\u00f3n de las Reuniones Anuales del Grupo del Banco Mundial-FMI la pr\u00f3xima semana. <\/p>\n<\/p>\n<p>El aumento de la clase media ? El jueves, un evento de alto nivel organizado por el Banco Mundial y el peri\u00f3dico global en espa\u00f1ol El Pa\u00eds se centrar\u00e1 en los desaf\u00edos generados por uno de los acontecimientos recientes m\u00e1s impactantes en Am\u00e9rica Latina: si bien por primera vez en la historia de la regi\u00f3n la clase media supera al n\u00famero de pobres, este logro subraya la brecha en los servicios p\u00fablicos y la creciente demanda ciudadana por una prestaci\u00f3n de servicios de calidad. El foro contar\u00e1 con la participaci\u00f3n del Presidente del Grupo del Banco MundialJimYong Kim, as\u00ed como destacados ministrosy expertos en desarrollo.<\/p>\n<\/p>\n<p>Perspectivas econ\u00f3micas para Am\u00e9rica Latina ? El d\u00eda anterior, el panorama econ\u00f3mico semestral para Am\u00e9rica Latina y el Caribe, por Augusto de la Torre, economista en jefe del Banco Mundial para la regi\u00f3n, identificar\u00e1 las m\u00e1s recientes perspectivas econ\u00f3micas para Am\u00e9rica Latina y el Caribe y evaluar\u00e1 el papel de los ajustes en el tipo de cambio como forma de sobrellevar la reciente desaceleraci\u00f3n en el crecimiento. <\/p>\n<h6> 2013-10-03 13:11:41 <\/h6>\n<p><!--\n<link rel=\"stylesheet\" href=\"css\/bootstrap.min.css\">\n\n\n<ul class=\"pagination\">\n\t    \n\t\n\n<li >\n\t<a href='?page_no=14732'>Previous<\/a>\n\t<\/li>\n\n\n       \n    \n\n<li><a href='?page_no=1'>1<\/a><\/li>\n\n\n\n<li><a href='?page_no=2'>2<\/a><\/li>\n\n\n\n<li><a>...<\/a><\/li>\n\n\n\n<li><a href='?page_no=14731'>14731<\/a><\/li>\n\n\n\n<li><a href='?page_no=14732'>14732<\/a><\/li>\n\n\n\n<li class='active'><a>14733<\/a><\/li>\n\n\n\n<li><a href='?page_no=14734'>14734<\/a><\/li>\n\n\n\n<li><a href='?page_no=14735'>14735<\/a><\/li>\n\n\n\n<li><a>...<\/a><\/li>\n\n\n\n<li><a href='?page_no=30472'>30472<\/a><\/li>\n\n\n\n<li><a href='?page_no=30473'>30473<\/a><\/li>\n\n    \n\t\n\n<li >\n\t<a href='?page_no=14734'>Next<\/a>\n\t<\/li>\n\n\n    \n\n<li><a href='?page_no=30473'>Last &rsaquo;&rsaquo;<\/a><\/li>\n\n<\/ul>\n\n\n--><br \/>\n<\/body><\/p>\n","protected":false},"excerpt":{"rendered":"<p>Washington DC 3 octubre.- El Banco Mundial (BM) invita a los medios de comunicaci\u00f3n a dos grandes eventos que tendr\u00e1n lugar con ocasi\u00f3n de las Reuniones Anuales del Grupo del Banco Mundial-FMI la pr\u00f3xima semana. El aumento de la clase media ? El jueves, un evento de alto nivel organizado por el Banco Mundial y [&hellip;]<\/p>\n","protected":false},"author":3,"featured_media":0,"comment_status":"open","ping_status":"open","sticky":false,"template":"","format":"standard","meta":{"footnotes":""},"categories":[18],"tags":[],"class_list":["post-99257","post","type-post","status-publish","format-standard","hentry","category-economia"],"_links":{"self":[{"href":"https:\/\/diariodominicano.com\/index.php?rest_route=\/wp\/v2\/posts\/99257","targetHints":{"allow":["GET"]}}],"collection":[{"href":"https:\/\/diariodominicano.com\/index.php?rest_route=\/wp\/v2\/posts"}],"about":[{"href":"https:\/\/diariodominicano.com\/index.php?rest_route=\/wp\/v2\/types\/post"}],"author":[{"embeddable":true,"href":"https:\/\/diariodominicano.com\/index.php?rest_route=\/wp\/v2\/users\/3"}],"replies":[{"embeddable":true,"href":"https:\/\/diariodominicano.com\/index.php?rest_route=%2Fwp%2Fv2%2Fcomments&post=99257"}],"version-history":[{"count":0,"href":"https:\/\/diariodominicano.com\/index.php?rest_route=\/wp\/v2\/posts\/99257\/revisions"}],"wp:attachment":[{"href":"https:\/\/diariodominicano.com\/index.php?rest_route=%2Fwp%2Fv2%2Fmedia&parent=99257"}],"wp:term":[{"taxonomy":"category","embeddable":true,"href":"https:\/\/diariodominicano.com\/index.php?rest_route=%2Fwp%2Fv2%2Fcategories&post=99257"},{"taxonomy":"post_tag","embeddable":true,"href":"https:\/\/diariodominicano.com\/index.php?rest_route=%2Fwp%2Fv2%2Ftags&post=99257"}],"curies":[{"name":"wp","href":"https:\/\/api.w.org\/{rel}","templated":true}]}}