{"id":99256,"date":"2013-10-03T15:41:57","date_gmt":"2013-10-03T15:41:57","guid":{"rendered":"http:\/\/diariodominicano.ddns.net\/?p=99256"},"modified":"2013-10-03T15:41:57","modified_gmt":"2013-10-03T15:41:57","slug":"el-banco-central-convoca-a-competencia-academica-economistas-del-futuro","status":"publish","type":"post","link":"https:\/\/diariodominicano.com\/?p=99256","title":{"rendered":"El Banco Central convoca a competencia acad\u00e9mica \u00abEconomistas del futuro\u00bb"},"content":{"rendered":"<p><body><\/p>\n<p><img decoding=\"async\" src=\"img3\/banco 3.jpeg\" \/>  <\/p>\n<p>Santo Domingo RD 3 octubre.- El Departamento de Comunicaciones del Banco Central, a trav\u00e9s de su programa Aula Central para la educaci\u00f3n econ\u00f3mica y financiera, anunci\u00f3 la segunda convocatoria para el concurso \u00abEconomistas del futuro\u00bb, dirigido a estudiantes de \u00faltimo a\u00f1o del bachillerato de las escuelas y colegios de todo el pa\u00eds.<\/p>\n<\/p>\n<p>Con esta actividad, el Banco Central busca despertar el inter\u00e9s de la poblaci\u00f3n estudiantil por los temas econ\u00f3micos y financieros.<\/p>\n<\/p>\n<p>Las bases de la competencia especifican que los trabajos deber\u00e1n tratar sobre uno de estos dos temas: \u00ab\u00bfC\u00f3mo contribuye la estabilidad de precios al bienestar de la poblaci\u00f3n?\u00bb y \u00abLa tasa de cambio y sus efectos sobre la inflaci\u00f3n\u00bb.<\/p>\n<\/p>\n<p>A\u00f1aden que los concursantes deber\u00e1n ser estudiantes de \u00faltimo a\u00f1o de bachillerato de centros educativos y trabajar\u00e1n en grupos de tres, asistidos por un profesor o profesora de su grado.<\/p>\n<\/p>\n<p>Indican que los trabajos deber\u00e1n presentarse en papel bond, 81\/2 x 11, a 11\/2 de espacio, y en un CD o una memoria USB en formato Word.<\/p>\n<\/p>\n<p>La extensi\u00f3n no puede superar las diez p\u00e1ginas y el trabajo deber\u00e1 estar identificado con un seud\u00f3nimo. En sobre separado y cerrado, en cuya car\u00e1tula deber\u00e1 figurar el seud\u00f3nimo, el grupo concursante consignar\u00e1 sus datos personales: nombres, edades, direcciones, y el nombre del centro en el cual cursan sus estudios. Ning\u00fan centro educativo podr\u00e1 concursar con m\u00e1s de un trabajo grupal.<\/p>\n<\/p>\n<p>Los trabajos ser\u00e1n evaluados en base a 100 puntos: 35 para el ensayo escrito, 35 para la presentaci\u00f3n ante los jurados, y 30 basados en respuestas a las preguntas de los jurados sobre la metodolog\u00eda del trabajo. <\/p>\n<h6> 2013-10-03 15:41:57 <\/h6>\n<p><!--\n<link rel=\"stylesheet\" href=\"css\/bootstrap.min.css\">\n\n\n<ul class=\"pagination\">\n\t    \n\t\n\n<li >\n\t<a href='?page_no=14731'>Previous<\/a>\n\t<\/li>\n\n\n       \n    \n\n<li><a href='?page_no=1'>1<\/a><\/li>\n\n\n\n<li><a href='?page_no=2'>2<\/a><\/li>\n\n\n\n<li><a>...<\/a><\/li>\n\n\n\n<li><a href='?page_no=14730'>14730<\/a><\/li>\n\n\n\n<li><a href='?page_no=14731'>14731<\/a><\/li>\n\n\n\n<li class='active'><a>14732<\/a><\/li>\n\n\n\n<li><a href='?page_no=14733'>14733<\/a><\/li>\n\n\n\n<li><a href='?page_no=14734'>14734<\/a><\/li>\n\n\n\n<li><a>...<\/a><\/li>\n\n\n\n<li><a href='?page_no=30472'>30472<\/a><\/li>\n\n\n\n<li><a href='?page_no=30473'>30473<\/a><\/li>\n\n    \n\t\n\n<li >\n\t<a href='?page_no=14733'>Next<\/a>\n\t<\/li>\n\n\n    \n\n<li><a href='?page_no=30473'>Last &rsaquo;&rsaquo;<\/a><\/li>\n\n<\/ul>\n\n\n--><br \/>\n<\/body><\/p>\n","protected":false},"excerpt":{"rendered":"<p>Santo Domingo RD 3 octubre.- El Departamento de Comunicaciones del Banco Central, a trav\u00e9s de su programa Aula Central para la educaci\u00f3n econ\u00f3mica y financiera, anunci\u00f3 la segunda convocatoria para el concurso \u00abEconomistas del futuro\u00bb, dirigido a estudiantes de \u00faltimo a\u00f1o del bachillerato de las escuelas y colegios de todo el pa\u00eds. Con esta actividad, [&hellip;]<\/p>\n","protected":false},"author":3,"featured_media":0,"comment_status":"open","ping_status":"open","sticky":false,"template":"","format":"standard","meta":{"footnotes":""},"categories":[18],"tags":[],"class_list":["post-99256","post","type-post","status-publish","format-standard","hentry","category-economia"],"_links":{"self":[{"href":"https:\/\/diariodominicano.com\/index.php?rest_route=\/wp\/v2\/posts\/99256","targetHints":{"allow":["GET"]}}],"collection":[{"href":"https:\/\/diariodominicano.com\/index.php?rest_route=\/wp\/v2\/posts"}],"about":[{"href":"https:\/\/diariodominicano.com\/index.php?rest_route=\/wp\/v2\/types\/post"}],"author":[{"embeddable":true,"href":"https:\/\/diariodominicano.com\/index.php?rest_route=\/wp\/v2\/users\/3"}],"replies":[{"embeddable":true,"href":"https:\/\/diariodominicano.com\/index.php?rest_route=%2Fwp%2Fv2%2Fcomments&post=99256"}],"version-history":[{"count":0,"href":"https:\/\/diariodominicano.com\/index.php?rest_route=\/wp\/v2\/posts\/99256\/revisions"}],"wp:attachment":[{"href":"https:\/\/diariodominicano.com\/index.php?rest_route=%2Fwp%2Fv2%2Fmedia&parent=99256"}],"wp:term":[{"taxonomy":"category","embeddable":true,"href":"https:\/\/diariodominicano.com\/index.php?rest_route=%2Fwp%2Fv2%2Fcategories&post=99256"},{"taxonomy":"post_tag","embeddable":true,"href":"https:\/\/diariodominicano.com\/index.php?rest_route=%2Fwp%2Fv2%2Ftags&post=99256"}],"curies":[{"name":"wp","href":"https:\/\/api.w.org\/{rel}","templated":true}]}}