{"id":99255,"date":"2013-10-03T17:53:43","date_gmt":"2013-10-03T17:53:43","guid":{"rendered":"http:\/\/diariodominicano.ddns.net\/?p=99255"},"modified":"2013-10-03T17:53:43","modified_gmt":"2013-10-03T17:53:43","slug":"gobierno-buscara-una-salida-al-cierre-de-la-empresa-falconbridge-con-los-trabajadores-despedidos","status":"publish","type":"post","link":"https:\/\/diariodominicano.com\/?p=99255","title":{"rendered":"&#13;&#13;&#13;Gobierno buscar\u00e1 una salida al cierre de la empresa Falconbridge  con los trabajadores despedidos"},"content":{"rendered":"<p><body><\/p>\n<p><img decoding=\"async\" src=\"img3\/administrativo.jpg\" \/>  <\/p>\n<\/p>\n<p><span class=\"text1noticias\">Por Roberto Rodr\u00edguez<\/span><\/p>\n<\/p>\n<p><span class=\"text1noticias\">Santo Domingo, RD, 3 de  octubre.- El gobierno buscar\u00e1 una salida a la crisis que ha creado el cierre de la operaci\u00f3n de la empresa Falconbridge, donde mil 500 trabajadores han sido afectados  por ese tipo de medida tomada de forma repentina, seg\u00fan comunico el ministro Administrativo de la presidencia, Jos\u00e9 Ram\u00f3n Peralta, tras reunirse con una comisi\u00f3n de trabajadores de la referida empresa.<\/span><\/p>\n<\/p>\n<p><span class=\"text1noticias\">Expres\u00f3 el funcionario que el gobierno central va a intervenir con el fin de establecer un di\u00e1logo con los ejecutivo de la empresa Falconbridge , los trabajadores de la empresa y la comunidad de la provincia Monse\u00f1or Nouel  con el objetivo de buscarle una salida a la problem\u00e1tica que se ha creado .<\/span><\/p>\n<\/p>\n<p><span class=\"text1noticias\">Es objetivo del gobierno escuchar a los ejecutivos de la empresa y poder establecer alg\u00fan  tipo de acuerdo con los trabajadores para poder preservar esos empleos que han sido afectados con el cierre, sentencio el funcionario.<\/span><\/p>\n<\/p>\n<p><span class=\"text1noticias\">La delegaci\u00f3n de trabajadores de la empresa Falconbridge  estuvo acompa\u00f1ada por su secretario general Raffy Bueno, Jos\u00e9 V\u00e1squez, de la cooperativa de FALCONDO y Rafael Abreu de la CTU.<\/span><\/p>\n<\/p>\n<p><span class=\"text1noticias\">Los trabajadores al ser cuestionado  expusieron que solamente uno tres kil\u00f3metros de la Loma Miranda, es que ser\u00e1 afectado  por la explotaci\u00f3n minera.<\/span><\/p>\n<h6> 2013-10-03 17:53:43 <\/h6>\n<p><!--\n<link rel=\"stylesheet\" href=\"css\/bootstrap.min.css\">\n\n\n<ul class=\"pagination\">\n\t    \n\t\n\n<li >\n\t<a href='?page_no=14730'>Previous<\/a>\n\t<\/li>\n\n\n       \n    \n\n<li><a href='?page_no=1'>1<\/a><\/li>\n\n\n\n<li><a href='?page_no=2'>2<\/a><\/li>\n\n\n\n<li><a>...<\/a><\/li>\n\n\n\n<li><a href='?page_no=14729'>14729<\/a><\/li>\n\n\n\n<li><a href='?page_no=14730'>14730<\/a><\/li>\n\n\n\n<li class='active'><a>14731<\/a><\/li>\n\n\n\n<li><a href='?page_no=14732'>14732<\/a><\/li>\n\n\n\n<li><a href='?page_no=14733'>14733<\/a><\/li>\n\n\n\n<li><a>...<\/a><\/li>\n\n\n\n<li><a href='?page_no=30472'>30472<\/a><\/li>\n\n\n\n<li><a href='?page_no=30473'>30473<\/a><\/li>\n\n    \n\t\n\n<li >\n\t<a href='?page_no=14732'>Next<\/a>\n\t<\/li>\n\n\n    \n\n<li><a href='?page_no=30473'>Last &rsaquo;&rsaquo;<\/a><\/li>\n\n<\/ul>\n\n\n--><br \/>\n<\/body><\/p>\n","protected":false},"excerpt":{"rendered":"<p>Por Roberto Rodr\u00edguez Santo Domingo, RD, 3 de octubre.- El gobierno buscar\u00e1 una salida a la crisis que ha creado el cierre de la operaci\u00f3n de la empresa Falconbridge, donde mil 500 trabajadores han sido afectados por ese tipo de medida tomada de forma repentina, seg\u00fan comunico el ministro Administrativo de la presidencia, Jos\u00e9 Ram\u00f3n [&hellip;]<\/p>\n","protected":false},"author":3,"featured_media":0,"comment_status":"open","ping_status":"open","sticky":false,"template":"","format":"standard","meta":{"footnotes":""},"categories":[18],"tags":[],"class_list":["post-99255","post","type-post","status-publish","format-standard","hentry","category-economia"],"_links":{"self":[{"href":"https:\/\/diariodominicano.com\/index.php?rest_route=\/wp\/v2\/posts\/99255","targetHints":{"allow":["GET"]}}],"collection":[{"href":"https:\/\/diariodominicano.com\/index.php?rest_route=\/wp\/v2\/posts"}],"about":[{"href":"https:\/\/diariodominicano.com\/index.php?rest_route=\/wp\/v2\/types\/post"}],"author":[{"embeddable":true,"href":"https:\/\/diariodominicano.com\/index.php?rest_route=\/wp\/v2\/users\/3"}],"replies":[{"embeddable":true,"href":"https:\/\/diariodominicano.com\/index.php?rest_route=%2Fwp%2Fv2%2Fcomments&post=99255"}],"version-history":[{"count":0,"href":"https:\/\/diariodominicano.com\/index.php?rest_route=\/wp\/v2\/posts\/99255\/revisions"}],"wp:attachment":[{"href":"https:\/\/diariodominicano.com\/index.php?rest_route=%2Fwp%2Fv2%2Fmedia&parent=99255"}],"wp:term":[{"taxonomy":"category","embeddable":true,"href":"https:\/\/diariodominicano.com\/index.php?rest_route=%2Fwp%2Fv2%2Fcategories&post=99255"},{"taxonomy":"post_tag","embeddable":true,"href":"https:\/\/diariodominicano.com\/index.php?rest_route=%2Fwp%2Fv2%2Ftags&post=99255"}],"curies":[{"name":"wp","href":"https:\/\/api.w.org\/{rel}","templated":true}]}}