{"id":99252,"date":"2013-10-03T19:03:32","date_gmt":"2013-10-03T19:03:32","guid":{"rendered":"http:\/\/diariodominicano.ddns.net\/?p=99252"},"modified":"2013-10-03T19:03:32","modified_gmt":"2013-10-03T19:03:32","slug":"rd-afianza-su-liderazgo-como-exportador-cacao-organico","status":"publish","type":"post","link":"https:\/\/diariodominicano.com\/?p=99252","title":{"rendered":"RD afianza su liderazgo como exportador cacao org\u00e1nico"},"content":{"rendered":"<p><body><\/p>\n<p><img decoding=\"async\" src=\"img3\/CACAO.jpg\" \/>  <\/p>\n<p><span class=\"text1noticias\">Santo Domingo, RD, 3 de Octubre.-La Rep\u00fablica Dominicana increment\u00f3 su liderazgo como el principal exportador mundial de cacao org\u00e1nico, al colocar este a\u00f1o en los mercados internacionales 23 mil 473.74 toneladas m\u00e9tricas hacia diferentes partes del mundo.<\/span><\/p>\n<\/p>\n<p><span class=\"text1noticias\">El Ministerio de Agricultura, Luis Ram\u00f3n Rodr\u00edguez, inform\u00f3 que el pa\u00eds aument\u00f3 de un 23.57%  a un 40.62% las exportaciones de cacao org\u00e1nico en el cierre del reci\u00e9n finalizado a\u00f1o cacaotero.<\/span><\/p>\n<\/p>\n<p><span class=\"text1noticias\">Explic\u00f3 que gracias al esfuerzo de los productores y el apoyo del sector oficial, se obtuvo ese aumento sustancial en este importante rengl\u00f3n, que es una marca pa\u00eds reconocida a nivel mundial.<\/span><\/p>\n<\/p>\n<p><span class=\"text1noticias\">Rodr\u00edguez se\u00f1al\u00f3 que el pa\u00eds pas\u00f3 de exportar 15 mil 456 toneladas m\u00e9tricas de cacao org\u00e1nico en el a\u00f1o 2012 a 23 mil 473 toneladas m\u00e9tricas en el 2013. <\/span><\/p>\n<\/p>\n<p><span class=\"text1noticias\">Dijo adem\u00e1s, que la variaci\u00f3n tambi\u00e9n signific\u00f3 un incremento en la generaci\u00f3n de divisas, al pasar de 44,2 millones a 61.1 millones de d\u00f3lares.<\/span><\/p>\n<\/p>\n<p><span class=\"text1noticias\">Fomento <\/span><\/p>\n<p><span class=\"text1noticias\"> <\/span><\/p>\n<p><span class=\"text1noticias\">Durante un encuentro celebrado en la Estaci\u00f3n Experimental Mata Larga, provincia Duarte, para celebrar el D\u00eda Nacional del Cacao, Luis Ram\u00f3n Rodr\u00edguez inform\u00f3 que el a\u00f1o cacaotero dominicano finaliz\u00f3 el pasado 30 de septiembre, con una producci\u00f3n de 66 mil 650 toneladas m\u00e9tricas,  lo que gener\u00f3 divisas por valor de 146 millones 688 451 d\u00f3lares  a un precio de dos mil 538 d\u00f3lares la tonelada.<\/span><\/p>\n<\/p>\n<p><span class=\"text1noticias\">Indic\u00f3 que a partir del presente a\u00f1o cacaotero, la cartera invertir\u00e1 1,359 millones 682 mil 500 pesos en un programa de injertos de clones de alta productividad que permitir\u00e1 renovar las plantaciones y duplicar la producci\u00f3n de cacao en los pr\u00f3ximos a\u00f1os.<\/span><\/p>\n<\/p>\n<p><span class=\"text1noticias\">El programa de injert\u00eda se iniciar\u00e1 en 200 mil tareas, que producir\u00e1n al cabo de dos a\u00f1os el material vegetativo suficiente para disponer de los clones que sustituyan a los actuales h\u00edbridos decadentes y plantaciones viejas que impiden una alta producci\u00f3n.<\/span><\/p>\n<\/p>\n<p><span class=\"text1noticias\">\u00abEstamos apostando a la injert\u00eda de clones de alta producci\u00f3n y as\u00ed llevar la producci\u00f3n a 150 \u00f3 200 libras por tarea, lo que finalmente nos va a permitir m\u00e1s que duplicar la producci\u00f3n nacional\u00bb, exclam\u00f3 el funcionario.(HG)<\/span>.<\/p>\n<h6> 2013-10-03 19:03:32 <\/h6>\n<p><!--\n<link rel=\"stylesheet\" href=\"css\/bootstrap.min.css\">\n\n\n<ul class=\"pagination\">\n\t    \n\t\n\n<li >\n\t<a href='?page_no=14728'>Previous<\/a>\n\t<\/li>\n\n\n       \n    \n\n<li><a href='?page_no=1'>1<\/a><\/li>\n\n\n\n<li><a href='?page_no=2'>2<\/a><\/li>\n\n\n\n<li><a>...<\/a><\/li>\n\n\n\n<li><a href='?page_no=14727'>14727<\/a><\/li>\n\n\n\n<li><a href='?page_no=14728'>14728<\/a><\/li>\n\n\n\n<li class='active'><a>14729<\/a><\/li>\n\n\n\n<li><a href='?page_no=14730'>14730<\/a><\/li>\n\n\n\n<li><a href='?page_no=14731'>14731<\/a><\/li>\n\n\n\n<li><a>...<\/a><\/li>\n\n\n\n<li><a href='?page_no=30472'>30472<\/a><\/li>\n\n\n\n<li><a href='?page_no=30473'>30473<\/a><\/li>\n\n    \n\t\n\n<li >\n\t<a href='?page_no=14730'>Next<\/a>\n\t<\/li>\n\n\n    \n\n<li><a href='?page_no=30473'>Last &rsaquo;&rsaquo;<\/a><\/li>\n\n<\/ul>\n\n\n--><br \/>\n<\/body><\/p>\n","protected":false},"excerpt":{"rendered":"<p>Santo Domingo, RD, 3 de Octubre.-La Rep\u00fablica Dominicana increment\u00f3 su liderazgo como el principal exportador mundial de cacao org\u00e1nico, al colocar este a\u00f1o en los mercados internacionales 23 mil 473.74 toneladas m\u00e9tricas hacia diferentes partes del mundo. El Ministerio de Agricultura, Luis Ram\u00f3n Rodr\u00edguez, inform\u00f3 que el pa\u00eds aument\u00f3 de un 23.57% a un 40.62% [&hellip;]<\/p>\n","protected":false},"author":3,"featured_media":0,"comment_status":"open","ping_status":"open","sticky":false,"template":"","format":"standard","meta":{"footnotes":""},"categories":[18],"tags":[],"class_list":["post-99252","post","type-post","status-publish","format-standard","hentry","category-economia"],"_links":{"self":[{"href":"https:\/\/diariodominicano.com\/index.php?rest_route=\/wp\/v2\/posts\/99252","targetHints":{"allow":["GET"]}}],"collection":[{"href":"https:\/\/diariodominicano.com\/index.php?rest_route=\/wp\/v2\/posts"}],"about":[{"href":"https:\/\/diariodominicano.com\/index.php?rest_route=\/wp\/v2\/types\/post"}],"author":[{"embeddable":true,"href":"https:\/\/diariodominicano.com\/index.php?rest_route=\/wp\/v2\/users\/3"}],"replies":[{"embeddable":true,"href":"https:\/\/diariodominicano.com\/index.php?rest_route=%2Fwp%2Fv2%2Fcomments&post=99252"}],"version-history":[{"count":0,"href":"https:\/\/diariodominicano.com\/index.php?rest_route=\/wp\/v2\/posts\/99252\/revisions"}],"wp:attachment":[{"href":"https:\/\/diariodominicano.com\/index.php?rest_route=%2Fwp%2Fv2%2Fmedia&parent=99252"}],"wp:term":[{"taxonomy":"category","embeddable":true,"href":"https:\/\/diariodominicano.com\/index.php?rest_route=%2Fwp%2Fv2%2Fcategories&post=99252"},{"taxonomy":"post_tag","embeddable":true,"href":"https:\/\/diariodominicano.com\/index.php?rest_route=%2Fwp%2Fv2%2Ftags&post=99252"}],"curies":[{"name":"wp","href":"https:\/\/api.w.org\/{rel}","templated":true}]}}