{"id":99251,"date":"2013-10-03T19:36:22","date_gmt":"2013-10-03T19:36:22","guid":{"rendered":"http:\/\/diariodominicano.ddns.net\/?p=99251"},"modified":"2013-10-03T19:36:22","modified_gmt":"2013-10-03T19:36:22","slug":"amas-de-casa-rechazan-aumenten-el-precio-del-pan","status":"publish","type":"post","link":"https:\/\/diariodominicano.com\/?p=99251","title":{"rendered":"Amas de casa rechazan aumenten el precio del pan"},"content":{"rendered":"<p><body><\/p>\n<p><span class=\"text1noticias\">Santo Domingo, RD, 3 de Octubre.-La presidente de la Asociaci\u00f3n de Comit\u00e9s de Amas de Casa, Ana Bertilia Cabrera rechaz\u00f3 las pretensiones de los industriales de la harina de aumentar  el precio del pan.<\/span><\/p>\n<p><span class=\"text1noticias\">Califica de un duro golpe a  la econom\u00eda popular,  ya que el pan es un art\u00edculo de primera necesidad  y el cual representa unos de principales producto de la alimentaci\u00f3n de los hogares dominicanos. <\/span><\/p>\n<\/p>\n<p><span class=\"text1noticias\">\u00abEs el desayuno y la cena de los que muchas veces no tienen otras alternativas de paliar el hambre\u00bb.<\/span><\/p>\n<\/p>\n<p><span class=\"text1noticias\">Ana Bertilia Cabrera, dijo que despu\u00e9s de la aprobaci\u00f3n de la Reforma Fiscal se establecieron dispararon todos los precios de la materia prima que  intervienen en la elaboraci\u00f3n del pan, y aun as\u00ed este se sigui\u00f3 vendiendo al mismo precio.<\/span><\/p>\n<\/p>\n<p><span class=\"text1noticias\">Manifest\u00f3  que aumentar el precio del pan es un abuso que han estado cometiendo los empresario  de la harina que teniendo en su poder el control de precio de estas materia prima lo han incrementado cuantas veces ellos han querido.<\/span><\/p>\n<\/p>\n<p><span class=\"text1noticias\">Ana Bertilia Cabrera, llam\u00f3 a las amas de casa y a la poblaci\u00f3n en sentido general a luchar por nuestro derecho, que el  poder adquisitivo  est\u00e1 por debajo de nuestro poder econ\u00f3mico, que de esto suceder nos vamos a la jornada de un d\u00eda sin pan en rechazo al aumento de un alimento de primera necesidad para nuestras familias.(HG)<\/span>. <\/p>\n<h6> 2013-10-03 19:36:22 <\/h6>\n<p><!--\n<link rel=\"stylesheet\" href=\"css\/bootstrap.min.css\">\n\n\n<ul class=\"pagination\">\n\t    \n\t\n\n<li >\n\t<a href='?page_no=14727'>Previous<\/a>\n\t<\/li>\n\n\n       \n    \n\n<li><a href='?page_no=1'>1<\/a><\/li>\n\n\n\n<li><a href='?page_no=2'>2<\/a><\/li>\n\n\n\n<li><a>...<\/a><\/li>\n\n\n\n<li><a href='?page_no=14726'>14726<\/a><\/li>\n\n\n\n<li><a href='?page_no=14727'>14727<\/a><\/li>\n\n\n\n<li class='active'><a>14728<\/a><\/li>\n\n\n\n<li><a href='?page_no=14729'>14729<\/a><\/li>\n\n\n\n<li><a href='?page_no=14730'>14730<\/a><\/li>\n\n\n\n<li><a>...<\/a><\/li>\n\n\n\n<li><a href='?page_no=30472'>30472<\/a><\/li>\n\n\n\n<li><a href='?page_no=30473'>30473<\/a><\/li>\n\n    \n\t\n\n<li >\n\t<a href='?page_no=14729'>Next<\/a>\n\t<\/li>\n\n\n    \n\n<li><a href='?page_no=30473'>Last &rsaquo;&rsaquo;<\/a><\/li>\n\n<\/ul>\n\n\n--><br \/>\n<\/body><\/p>\n","protected":false},"excerpt":{"rendered":"<p>Santo Domingo, RD, 3 de Octubre.-La presidente de la Asociaci\u00f3n de Comit\u00e9s de Amas de Casa, Ana Bertilia Cabrera rechaz\u00f3 las pretensiones de los industriales de la harina de aumentar el precio del pan. Califica de un duro golpe a la econom\u00eda popular, ya que el pan es un art\u00edculo de primera necesidad y el [&hellip;]<\/p>\n","protected":false},"author":3,"featured_media":0,"comment_status":"open","ping_status":"open","sticky":false,"template":"","format":"standard","meta":{"footnotes":""},"categories":[18],"tags":[],"class_list":["post-99251","post","type-post","status-publish","format-standard","hentry","category-economia"],"_links":{"self":[{"href":"https:\/\/diariodominicano.com\/index.php?rest_route=\/wp\/v2\/posts\/99251","targetHints":{"allow":["GET"]}}],"collection":[{"href":"https:\/\/diariodominicano.com\/index.php?rest_route=\/wp\/v2\/posts"}],"about":[{"href":"https:\/\/diariodominicano.com\/index.php?rest_route=\/wp\/v2\/types\/post"}],"author":[{"embeddable":true,"href":"https:\/\/diariodominicano.com\/index.php?rest_route=\/wp\/v2\/users\/3"}],"replies":[{"embeddable":true,"href":"https:\/\/diariodominicano.com\/index.php?rest_route=%2Fwp%2Fv2%2Fcomments&post=99251"}],"version-history":[{"count":0,"href":"https:\/\/diariodominicano.com\/index.php?rest_route=\/wp\/v2\/posts\/99251\/revisions"}],"wp:attachment":[{"href":"https:\/\/diariodominicano.com\/index.php?rest_route=%2Fwp%2Fv2%2Fmedia&parent=99251"}],"wp:term":[{"taxonomy":"category","embeddable":true,"href":"https:\/\/diariodominicano.com\/index.php?rest_route=%2Fwp%2Fv2%2Fcategories&post=99251"},{"taxonomy":"post_tag","embeddable":true,"href":"https:\/\/diariodominicano.com\/index.php?rest_route=%2Fwp%2Fv2%2Ftags&post=99251"}],"curies":[{"name":"wp","href":"https:\/\/api.w.org\/{rel}","templated":true}]}}