{"id":99249,"date":"2013-10-03T20:49:52","date_gmt":"2013-10-03T20:49:52","guid":{"rendered":"http:\/\/diariodominicano.ddns.net\/?p=99249"},"modified":"2013-10-03T20:49:52","modified_gmt":"2013-10-03T20:49:52","slug":"vicepresidenta-inicia-proyecto-para-mejorar-vino-de-neyba","status":"publish","type":"post","link":"https:\/\/diariodominicano.com\/?p=99249","title":{"rendered":"Vicepresidenta inicia proyecto para mejorar vino de Neyba"},"content":{"rendered":"<p><body><\/p>\n<p><img decoding=\"async\" src=\"img3\/vice.jpg\" \/>  <\/p>\n<p><span class=\"text1noticias\">Neyba, Bahoruco, RD, 3 de Octubre.- La vicepresidenta de la Rep\u00fablica, doctora Margarita Cede\u00f1o de Fern\u00e1ndez visit\u00f3 a productores del vino de Neyba con el objetivo de potencializar la producci\u00f3n de la bebida y construir con ella una marca pa\u00eds, que desarrolle a la provincia Bahoruco y toda la naci\u00f3n. <\/span><\/p>\n<\/p>\n<p><span class=\"text1noticias\">La Vicepresidenta de la Rep\u00fablica se reuni\u00f3 con los productores de vino de la zona y con las autoridades del Instituto Nacional de la Uva, para evaluar la posibilidad de desarrollar un proyecto que permita fortalecer la producci\u00f3n de los vinicultores de la zona.<\/span><\/p>\n<p><span class=\"text1noticias\"> <\/span><\/p>\n<p><span class=\"text1noticias\">Cede\u00f1o de Fern\u00e1ndez estuvo acompa\u00f1ada por el vinicultor Roberto Reyes, un dominicano residente en los Estados Unidos que se ha destacado en la producci\u00f3n de vinos en el Estado de California y que ha mostrado su inter\u00e9s por trabajar con los productores de Neyba para mejorar ese producto.<\/span><\/p>\n<\/p>\n<p><span class=\"text1noticias\">Cede\u00f1o de Fern\u00e1ndez indic\u00f3 que se pretende hacer un levantamiento de la zona para conocer el tipo de cepa usada por los productores de vino, la metodolog\u00eda empleada y la cosecha obtenida, para de esa manera ofrecer la asesor\u00eda t\u00e9cnica que permita mejorar la calidad del producto para su comercializaci\u00f3n, y crear del ella una marca pa\u00eds. <\/span><\/p>\n<\/p>\n<p><span class=\"text1noticias\">Inform\u00f3 que el Gobierno iniciar\u00e1 un programa de microcr\u00e9ditos a tazas blandas para los productores de vino y mermeladas de la zona, y un programa de capacitaci\u00f3n con asesor\u00eda internacional, lo que permitir\u00e1 la comercializaci\u00f3n de la producci\u00f3n vin\u00edcola.<\/span><\/p>\n<p><span class=\"text1noticias\"> <\/span><\/p>\n<p><span class=\"text1noticias\">\u00abCuando se unen voluntades, cuando se unen afectos, cuando se unen compromisos, cuando se unen capacidades, lo que sucede generalmente son cosas milagrosas. Y eso va a suceder con esta provincia de Bahoruco y con los productores de vino de aqu\u00ed, sobre todo de este valle de Neyba, donde vamos a poner bien en alto, a\u00fan m\u00e1s, el nombre de la Rep\u00fablica Dominicana\u00bb, sostuvo.<\/span><\/p>\n<\/p>\n<p><span class=\"text1noticias\">Exhort\u00f3 a los vinicultores a integrase al proceso de capacitaci\u00f3n que iniciar\u00e1 el Gobierno tendente a mejorar el vino de Neyba, en donde sus familiares podr\u00e1n participar para aprender t\u00e9cnicas m\u00e1s modernas para la elaboraci\u00f3n de este y otros productos.<\/span><\/p>\n<\/p>\n<p><span class=\"text1noticias\">Durante el encuentro, los productores de vino presentaron los problemas que enfrenta el sector y que impiden elevar la calidad del vino de Neyba.<\/span><\/p>\n<p><span class=\"text1noticias\"> <\/span><\/p>\n<p><span class=\"text1noticias\">La vicepresidenta Cede\u00f1o de Fern\u00e1ndez se mostr\u00f3 confiada en el desarrollo de una industria rentable para la zona de Neyba, a trav\u00e9s del uso de tecnolog\u00edas para mejorar la calidad del vino, de manera que se aprovechen las facilidades de exportaci\u00f3n que ofrecen los acuerdos comerciales. Tambi\u00e9n se mostr\u00f3 interesada en desarrollar un turismo de vino en la zona.<\/span><\/p>\n<p><span class=\"text1noticias\"> <\/span><\/p>\n<p><span class=\"text1noticias\">De su parte, Reyes se comprometi\u00f3 a prestar toda la asistencia t\u00e9cnica a los productores de la zona, adem\u00e1s de ense\u00f1arles las t\u00e9cnicas y tecnolog\u00edas que son aplicadas en California, en el Napa Valley, donde tiene sus vi\u00f1edos.<\/span><\/p>\n<p><span class=\"text1noticias\"> <\/span><\/p>\n<p><span class=\"text1noticias\">En el encuentro participaron el gobernador, Emilio Pe\u00f1a; Mario Medina, director del Instituto Nacional de la Uva; el se\u00f1or Orlando Medina, de Clusters y Cooperativa Vitivin\u00edcola; Rigoberto Escalante, de la Junta de Regantes, y la se\u00f1ora Benancia M\u00e9ndez.<\/span><\/p>\n<p><span class=\"text1noticias\"> <\/span><\/p>\n<p><span class=\"text1noticias\">La vicepresidenta Cede\u00f1o de Fern\u00e1ndez, acompa\u00f1ada por el vinicultor Roberto Reyes y productores de uvas, recorri\u00f3 una bodega experimental y uno de los vi\u00f1edos de la zona.(HG)<\/span>.<\/p>\n<\/p>\n<\/p>\n<\/p>\n<\/p>\n<h6> 2013-10-03 20:49:52 <\/h6>\n<p><!--\n<link rel=\"stylesheet\" href=\"css\/bootstrap.min.css\">\n\n\n<ul class=\"pagination\">\n\t    \n\t\n\n<li >\n\t<a href='?page_no=14725'>Previous<\/a>\n\t<\/li>\n\n\n       \n    \n\n<li><a href='?page_no=1'>1<\/a><\/li>\n\n\n\n<li><a href='?page_no=2'>2<\/a><\/li>\n\n\n\n<li><a>...<\/a><\/li>\n\n\n\n<li><a href='?page_no=14724'>14724<\/a><\/li>\n\n\n\n<li><a href='?page_no=14725'>14725<\/a><\/li>\n\n\n\n<li class='active'><a>14726<\/a><\/li>\n\n\n\n<li><a href='?page_no=14727'>14727<\/a><\/li>\n\n\n\n<li><a href='?page_no=14728'>14728<\/a><\/li>\n\n\n\n<li><a>...<\/a><\/li>\n\n\n\n<li><a href='?page_no=30472'>30472<\/a><\/li>\n\n\n\n<li><a href='?page_no=30473'>30473<\/a><\/li>\n\n    \n\t\n\n<li >\n\t<a href='?page_no=14727'>Next<\/a>\n\t<\/li>\n\n\n    \n\n<li><a href='?page_no=30473'>Last &rsaquo;&rsaquo;<\/a><\/li>\n\n<\/ul>\n\n\n--><br \/>\n<\/body><\/p>\n","protected":false},"excerpt":{"rendered":"<p>Neyba, Bahoruco, RD, 3 de Octubre.- La vicepresidenta de la Rep\u00fablica, doctora Margarita Cede\u00f1o de Fern\u00e1ndez visit\u00f3 a productores del vino de Neyba con el objetivo de potencializar la producci\u00f3n de la bebida y construir con ella una marca pa\u00eds, que desarrolle a la provincia Bahoruco y toda la naci\u00f3n. La Vicepresidenta de la Rep\u00fablica [&hellip;]<\/p>\n","protected":false},"author":3,"featured_media":0,"comment_status":"open","ping_status":"open","sticky":false,"template":"","format":"standard","meta":{"footnotes":""},"categories":[18],"tags":[],"class_list":["post-99249","post","type-post","status-publish","format-standard","hentry","category-economia"],"_links":{"self":[{"href":"https:\/\/diariodominicano.com\/index.php?rest_route=\/wp\/v2\/posts\/99249","targetHints":{"allow":["GET"]}}],"collection":[{"href":"https:\/\/diariodominicano.com\/index.php?rest_route=\/wp\/v2\/posts"}],"about":[{"href":"https:\/\/diariodominicano.com\/index.php?rest_route=\/wp\/v2\/types\/post"}],"author":[{"embeddable":true,"href":"https:\/\/diariodominicano.com\/index.php?rest_route=\/wp\/v2\/users\/3"}],"replies":[{"embeddable":true,"href":"https:\/\/diariodominicano.com\/index.php?rest_route=%2Fwp%2Fv2%2Fcomments&post=99249"}],"version-history":[{"count":0,"href":"https:\/\/diariodominicano.com\/index.php?rest_route=\/wp\/v2\/posts\/99249\/revisions"}],"wp:attachment":[{"href":"https:\/\/diariodominicano.com\/index.php?rest_route=%2Fwp%2Fv2%2Fmedia&parent=99249"}],"wp:term":[{"taxonomy":"category","embeddable":true,"href":"https:\/\/diariodominicano.com\/index.php?rest_route=%2Fwp%2Fv2%2Fcategories&post=99249"},{"taxonomy":"post_tag","embeddable":true,"href":"https:\/\/diariodominicano.com\/index.php?rest_route=%2Fwp%2Fv2%2Ftags&post=99249"}],"curies":[{"name":"wp","href":"https:\/\/api.w.org\/{rel}","templated":true}]}}