{"id":99248,"date":"2013-10-04T13:18:49","date_gmt":"2013-10-04T13:18:49","guid":{"rendered":"http:\/\/diariodominicano.ddns.net\/?p=99248"},"modified":"2013-10-04T13:18:49","modified_gmt":"2013-10-04T13:18:49","slug":"arroceros-de-san-cristobal-satisfechos-con-apoyo-del-gobierno-a-traves-del-iad","status":"publish","type":"post","link":"https:\/\/diariodominicano.com\/?p=99248","title":{"rendered":"Arroceros de San Crist\u00f3bal satisfechos con apoyo del Gobierno a trav\u00e9s del IAD"},"content":{"rendered":"<p><body><\/p>\n<p><img decoding=\"async\" src=\"img3\/arroz 4.jpg\" \/>  <\/p>\n<p>San Crist\u00f3bal RD 4 octubre.- La Asociaci\u00f3n de Agricultores La Esperanza del municipio Sabana Grande de Palenque en San Crist\u00f3bal, calific\u00f3 de excelente el apoyo y el aporte econ\u00f3mico brindado por el gobierno a trav\u00e9s de las autoridades del Instituto Agrario Dominicano (IAD), para el remozamiento y equipamiento de la factor\u00eda arrocera, la cual ya est\u00e1 ofreciendo grandes beneficios a productores de arroz y a los residentes de la comunidad. <\/p>\n<\/p>\n<p>Los productores de arroz de esta zona m\u00e1s que satisfechos est\u00e1n agradecidos con las actuales autoridades, luego que a ra\u00edz de la visita sorpresa que realizara el Presidente Danilo Medina a la factor\u00eda arrocera, la condici\u00f3n de vida para ellos ha cambiado significativamente por los beneficios que est\u00e1n obteniendo despu\u00e9s de los equipos entregados para  el procesamiento del cereal.<\/p>\n<\/p>\n<p>El presidente en funciones de la entidad, Seraf\u00ecn Paulino Guante, revel\u00f3 que la situaci\u00f3n ca\u00f3tica por la que atravesaban anteriormente pas\u00f3 al olvido, debido al apoyo que han recibido del Presidente Danilo Medina a trav\u00e9s del IAD, al dejar en funcionamiento  la factor\u00eda arrocera y preparar miles de tareas de tierras para la siembra y cosecha de otros productos agr\u00edcolas en la zona.<\/p>\n<\/p>\n<p>\u00abEl IAD ha sido para nosotros un motor impulsador con el dise\u00f1o de echar hacia delante la factor\u00eda que ten\u00eda varios a\u00f1os en declive y hoy en d\u00eda es un ente de producci\u00f3n, porque cuenta con empleados de la comunidad y beneficia a los moradores de la zona que compran el producto a un bajo precio y de buena calidad\u00bb, asegur\u00f3 Guante.<\/p>\n<\/p>\n<p>De su lado, Jos\u00e9 M\u00e9ndez, vocero de las asociaciones que trabajan con diferentes cultivos en la zona manifest\u00f3 que los moradores de Palenque fueron bendecidos por las actuales autoridades, ya que desde la visita del Jefe de Estado a la zona, la condici\u00f3n econ\u00f3mica ha mejorado sustancialmente.<\/p>\n<\/p>\n<p>Indic\u00f3 que anteriormente ten\u00edan que salir a vender el cereal a varios pueblos de la regi\u00f3n sur y actualmente lo est\u00e1n haciendo en la misma provincia de San Crist\u00f3bal y zonas aleda\u00f1as.<\/p>\n<\/p>\n<p>Jos\u00e9 M\u00e9ndez asegur\u00f3 que son muchas las expectativas que tienen los productores de arroz ya que buscan aumentar la producci\u00f3n y el empleo en la zona.<\/p>\n<\/p>\n<p>Dijo que la econom\u00eda se ha reactivado significativamente en ese lugar, y que \u00abhay que hablar de un antes y un despu\u00e9s\u00bb por lo que mostr\u00f3 su agradecimiento al director del IAD, ingeniero Radham\u00e8s Valenzuela y al equipo de trabajo que les acompa\u00f1an.<\/p>\n<\/p>\n<p>Asimismo, el productor de arroz Aladino Paulino M\u00e9ndez agradeci\u00f3 al Gobierno su apoyo para que los hombres y mujeres de esta zona puedan seguir trabajando y produciendo los principales cultivos de la canasta familiar.<\/p>\n<\/p>\n<p>Sostuvo que se est\u00e1n preparando  cientos de tareas de tierras para la siembra de cultivos de ciclo corto, como cebolla, ma\u00edz y otros cultivos agr\u00edcolas.<\/p>\n<h6> 2013-10-04 13:18:49 <\/h6>\n<p><!--\n<link rel=\"stylesheet\" href=\"css\/bootstrap.min.css\">\n\n\n<ul class=\"pagination\">\n\t    \n\t\n\n<li >\n\t<a href='?page_no=14724'>Previous<\/a>\n\t<\/li>\n\n\n       \n    \n\n<li><a href='?page_no=1'>1<\/a><\/li>\n\n\n\n<li><a href='?page_no=2'>2<\/a><\/li>\n\n\n\n<li><a>...<\/a><\/li>\n\n\n\n<li><a href='?page_no=14723'>14723<\/a><\/li>\n\n\n\n<li><a href='?page_no=14724'>14724<\/a><\/li>\n\n\n\n<li class='active'><a>14725<\/a><\/li>\n\n\n\n<li><a href='?page_no=14726'>14726<\/a><\/li>\n\n\n\n<li><a href='?page_no=14727'>14727<\/a><\/li>\n\n\n\n<li><a>...<\/a><\/li>\n\n\n\n<li><a href='?page_no=30472'>30472<\/a><\/li>\n\n\n\n<li><a href='?page_no=30473'>30473<\/a><\/li>\n\n    \n\t\n\n<li >\n\t<a href='?page_no=14726'>Next<\/a>\n\t<\/li>\n\n\n    \n\n<li><a href='?page_no=30473'>Last &rsaquo;&rsaquo;<\/a><\/li>\n\n<\/ul>\n\n\n--><br \/>\n<\/body><\/p>\n","protected":false},"excerpt":{"rendered":"<p>San Crist\u00f3bal RD 4 octubre.- La Asociaci\u00f3n de Agricultores La Esperanza del municipio Sabana Grande de Palenque en San Crist\u00f3bal, calific\u00f3 de excelente el apoyo y el aporte econ\u00f3mico brindado por el gobierno a trav\u00e9s de las autoridades del Instituto Agrario Dominicano (IAD), para el remozamiento y equipamiento de la factor\u00eda arrocera, la cual ya [&hellip;]<\/p>\n","protected":false},"author":3,"featured_media":0,"comment_status":"open","ping_status":"open","sticky":false,"template":"","format":"standard","meta":{"footnotes":""},"categories":[18],"tags":[],"class_list":["post-99248","post","type-post","status-publish","format-standard","hentry","category-economia"],"_links":{"self":[{"href":"https:\/\/diariodominicano.com\/index.php?rest_route=\/wp\/v2\/posts\/99248","targetHints":{"allow":["GET"]}}],"collection":[{"href":"https:\/\/diariodominicano.com\/index.php?rest_route=\/wp\/v2\/posts"}],"about":[{"href":"https:\/\/diariodominicano.com\/index.php?rest_route=\/wp\/v2\/types\/post"}],"author":[{"embeddable":true,"href":"https:\/\/diariodominicano.com\/index.php?rest_route=\/wp\/v2\/users\/3"}],"replies":[{"embeddable":true,"href":"https:\/\/diariodominicano.com\/index.php?rest_route=%2Fwp%2Fv2%2Fcomments&post=99248"}],"version-history":[{"count":0,"href":"https:\/\/diariodominicano.com\/index.php?rest_route=\/wp\/v2\/posts\/99248\/revisions"}],"wp:attachment":[{"href":"https:\/\/diariodominicano.com\/index.php?rest_route=%2Fwp%2Fv2%2Fmedia&parent=99248"}],"wp:term":[{"taxonomy":"category","embeddable":true,"href":"https:\/\/diariodominicano.com\/index.php?rest_route=%2Fwp%2Fv2%2Fcategories&post=99248"},{"taxonomy":"post_tag","embeddable":true,"href":"https:\/\/diariodominicano.com\/index.php?rest_route=%2Fwp%2Fv2%2Ftags&post=99248"}],"curies":[{"name":"wp","href":"https:\/\/api.w.org\/{rel}","templated":true}]}}