{"id":99247,"date":"2013-10-04T13:44:05","date_gmt":"2013-10-04T13:44:05","guid":{"rendered":"http:\/\/diariodominicano.ddns.net\/?p=99247"},"modified":"2013-10-04T13:44:05","modified_gmt":"2013-10-04T13:44:05","slug":"el-pais-podria-convertirse-en-lider-de-la-region-en-invernaderos","status":"publish","type":"post","link":"https:\/\/diariodominicano.com\/?p=99247","title":{"rendered":"El pa\u00eds podr\u00eda convertirse en l\u00edder de  la regi\u00f3n en invernaderos"},"content":{"rendered":"<p><body><\/p>\n<p>El pa\u00eds podr\u00eda convertirse en l\u00edder de  la regi\u00f3n en invernaderos<\/p>\n<\/p>\n<p>La buena planificaci\u00f3n multiplicar\u00eda el espacio en un cien por ciento en este sector<\/p>\n<\/p>\n<p>El Director Ejecutivo de Investigaciones Agropecuarias y Forestales CONIAF, Juan Modesto Ch\u00e1vez consider\u00f3 que la naci\u00f3n dominicana puede llegar a tener seis millones de metros cuadrados de invernaderos al 2016, pero debe hacerse con planificaci\u00f3n.<\/p>\n<\/p>\n<p>El director del CONIAF se expres\u00f3 en esos t\u00e9rminos al presentar su reciente libro  \u00abMI CAJA DE HERRAMIENTAS, Practicas Apropiadas para el Manejo de Invernaderos como Instrumento de Productividad y Sostenibilidad\u00bb, durante el desarrollo del Desayuno de las Confederaci\u00f3n Nacional de Productores (CONFENAGRO).<\/p>\n<\/p>\n<p>Manifest\u00f3 que Rep\u00fablica Dominicana tiene buenas perspectivas para los invernaderos, tras indicar que podr\u00eda multiplicarse por cien el espacio que de dispone en la actualidad.<\/p>\n<\/p>\n<p>En el marco de desarrollo de la presentaci\u00f3n el director del CONIAF  comparti\u00f3 sus experiencias sobre Modelos de Agricultura Bajo Ambientes Controlados en la Rep\u00fablica Dominicana y explic\u00f3 en detalles los principales cap\u00edtulos de la obra.<\/p>\n<p>Ch\u00e1vez subray\u00f3 que, \u00abdando a conocer este conjunto de pr\u00e1cticas apropiadas para el manejo de los invernaderos, se busca proveer a los cl\u00faster,  asociaciones y cooperativas que producen bajo este modelo de producci\u00f3n una herramienta para mejorar su productividad impactando lo menos posible en el medio que han seleccionado para realizar la noble actividad de alimentar una parte del mundo\u00bb.<\/p>\n<\/p>\n<p>Asimismo, MI CAJA DE HERRAMIENTAS, toca temas vitales del  sistema de producci\u00f3n moderna, la Agricultura Bajo Ambientes Controlados, los cuales \u00absin duda alguna llegan en un momento perentorio para poder seguir desarrollando este sector de la econom\u00eda dominicana\u00bb. <\/p>\n<\/p>\n<\/p>\n<\/p>\n<p>En el contenido del libro se desarrollan temas como Manejo de Recursos Humanos en Sistemas de Producci\u00f3n Agr\u00edcola  Bajo Ambiente Controlado, Manejo del Agua, Suelo, Nutrientes, Manejo Integrado de Plagas, as\u00ed como Manipulaci\u00f3n y Almacenamiento de Fertilizantes y Pesticidas, entre otros.  <\/p>\n<h6> 2013-10-04 13:44:05 <\/h6>\n<p><!--\n<link rel=\"stylesheet\" href=\"css\/bootstrap.min.css\">\n\n\n<ul class=\"pagination\">\n\t    \n\t\n\n<li >\n\t<a href='?page_no=14723'>Previous<\/a>\n\t<\/li>\n\n\n       \n    \n\n<li><a href='?page_no=1'>1<\/a><\/li>\n\n\n\n<li><a href='?page_no=2'>2<\/a><\/li>\n\n\n\n<li><a>...<\/a><\/li>\n\n\n\n<li><a href='?page_no=14722'>14722<\/a><\/li>\n\n\n\n<li><a href='?page_no=14723'>14723<\/a><\/li>\n\n\n\n<li class='active'><a>14724<\/a><\/li>\n\n\n\n<li><a href='?page_no=14725'>14725<\/a><\/li>\n\n\n\n<li><a href='?page_no=14726'>14726<\/a><\/li>\n\n\n\n<li><a>...<\/a><\/li>\n\n\n\n<li><a href='?page_no=30472'>30472<\/a><\/li>\n\n\n\n<li><a href='?page_no=30473'>30473<\/a><\/li>\n\n    \n\t\n\n<li >\n\t<a href='?page_no=14725'>Next<\/a>\n\t<\/li>\n\n\n    \n\n<li><a href='?page_no=30473'>Last &rsaquo;&rsaquo;<\/a><\/li>\n\n<\/ul>\n\n\n--><br \/>\n<\/body><\/p>\n","protected":false},"excerpt":{"rendered":"<p>El pa\u00eds podr\u00eda convertirse en l\u00edder de la regi\u00f3n en invernaderos La buena planificaci\u00f3n multiplicar\u00eda el espacio en un cien por ciento en este sector El Director Ejecutivo de Investigaciones Agropecuarias y Forestales CONIAF, Juan Modesto Ch\u00e1vez consider\u00f3 que la naci\u00f3n dominicana puede llegar a tener seis millones de metros cuadrados de invernaderos al 2016, [&hellip;]<\/p>\n","protected":false},"author":3,"featured_media":0,"comment_status":"open","ping_status":"open","sticky":false,"template":"","format":"standard","meta":{"footnotes":""},"categories":[18],"tags":[],"class_list":["post-99247","post","type-post","status-publish","format-standard","hentry","category-economia"],"_links":{"self":[{"href":"https:\/\/diariodominicano.com\/index.php?rest_route=\/wp\/v2\/posts\/99247","targetHints":{"allow":["GET"]}}],"collection":[{"href":"https:\/\/diariodominicano.com\/index.php?rest_route=\/wp\/v2\/posts"}],"about":[{"href":"https:\/\/diariodominicano.com\/index.php?rest_route=\/wp\/v2\/types\/post"}],"author":[{"embeddable":true,"href":"https:\/\/diariodominicano.com\/index.php?rest_route=\/wp\/v2\/users\/3"}],"replies":[{"embeddable":true,"href":"https:\/\/diariodominicano.com\/index.php?rest_route=%2Fwp%2Fv2%2Fcomments&post=99247"}],"version-history":[{"count":0,"href":"https:\/\/diariodominicano.com\/index.php?rest_route=\/wp\/v2\/posts\/99247\/revisions"}],"wp:attachment":[{"href":"https:\/\/diariodominicano.com\/index.php?rest_route=%2Fwp%2Fv2%2Fmedia&parent=99247"}],"wp:term":[{"taxonomy":"category","embeddable":true,"href":"https:\/\/diariodominicano.com\/index.php?rest_route=%2Fwp%2Fv2%2Fcategories&post=99247"},{"taxonomy":"post_tag","embeddable":true,"href":"https:\/\/diariodominicano.com\/index.php?rest_route=%2Fwp%2Fv2%2Ftags&post=99247"}],"curies":[{"name":"wp","href":"https:\/\/api.w.org\/{rel}","templated":true}]}}