{"id":99246,"date":"2013-10-04T14:27:44","date_gmt":"2013-10-04T14:27:44","guid":{"rendered":"http:\/\/diariodominicano.ddns.net\/?p=99246"},"modified":"2013-10-04T14:27:44","modified_gmt":"2013-10-04T14:27:44","slug":"the-business-year-destaca-oportunidades-que-brinda-rd-para-la-inversion-extranjera","status":"publish","type":"post","link":"https:\/\/diariodominicano.com\/?p=99246","title":{"rendered":"The Business Year destaca oportunidades que brinda RD para la inversi\u00f3n extranjera"},"content":{"rendered":"<p><body><\/p>\n<p><img decoding=\"async\" src=\"img3\/ingles 4.jpg\" \/>  <\/p>\n<p>Santo Domingo RD 4 octubre.- La publicaci\u00f3n brit\u00e1nica \u00abThe Business Year\u00bb, especializada en temas econ\u00f3micos, en su edici\u00f3n dedicada a la  Rep\u00fablica Dominicana, destaca las ventajas que ofrece el pa\u00eds para el desarrollo de las inversiones extranjeras en las diferentes \u00e1reas de negocios.<\/p>\n<\/p>\n<p>La edici\u00f3n de Rep\u00fablica Dominicana 2013,  incluy\u00f3 entrevistas con el presidente Danilo Medina, cuya foto ilustra la portada, y los principales l\u00edderes de los sectores p\u00fablico y privado, donde se resaltan los cambios que ha  experimentado la naci\u00f3n caribe\u00f1a en los \u00faltimos a\u00f1os, precisando que la misma constituye el centro clave de negocio en la regi\u00f3n.<\/p>\n<\/p>\n<p>\u00abHemos cubierto en esta publicaci\u00f3n especial todos los sectores relevantes de la econom\u00eda, poniendo de relieve el papel de la inversi\u00f3n p\u00fablica\u00bb, precisa The Business Year.<\/p>\n<\/p>\n<p>Asimismo, la publicaci\u00f3n especializada en temas econ\u00f3micos  rese\u00f1a las  visiones y perspectivas de m\u00e1s de 100 l\u00edderes pol\u00edticos y empresarios dominicanos sobre el futuro del pa\u00eds, incluyendo una entrevista con el gobernador del Banco Central, licenciado H\u00e9ctor Valdez Albizu, quien puso de relieve el papel de la inversi\u00f3n p\u00fablica, rengl\u00f3n que ha contribuido decididamente al crecimiento econ\u00f3mico.<\/p>\n<\/p>\n<p>Tambi\u00e9n incluy\u00f3 entrevistas con los actores del sector energ\u00eda, quienes narraron los grandes retos en la generaci\u00f3n y distribuci\u00f3n, enfoc\u00e1ndose especialmente en las oportunidades en el desarrollo de proyectos de energ\u00edas renovables.<\/p>\n<\/p>\n<p>Los ejecutivos de la referida publicaci\u00f3n, quienes respondieron un cuestionario sometido por la direcci\u00f3n de El Nuevo Diario, sobre el objetivo que persigue The Business Year, informaron que la publicaci\u00f3n consta de 120 p\u00e1ginas y recoge adem\u00e1s las opiniones de l\u00edderes extranjeros sobre la econom\u00eda de la Rep\u00fablica Dominicana.<\/p>\n<\/p>\n<p>Expresaron, asimismo, que el pasado a\u00f1o, incluyeron a Laurent Salvador Lamothe, primer ministro de Hait\u00ed,  a Victorin Lurel, ministro de Ultramar de Francia, y a Karel de Gutch, comisario europeo de Comercio, entre otros. <\/p>\n<\/p>\n<p>Manifestaron, asimismo, que  The Business Year, publicaci\u00f3n independiente que se edita en sus oficinas de Estambul y Londres, y que se distribuye en todo el mundo a trav\u00e9s de suscripciones, en esta ocasi\u00f3n incluy\u00f3 entrevistas a funcionarios del Ministerio de Industria y Comercio, y con el Centro de Inversi\u00f3n dominicano, CEI-RD, entidades del Estado dominicano que tienen como sus socios estrat\u00e9gicos en Rep\u00fablica Dominicana.<\/p>\n<\/p>\n<p>En la actualidad, The Business Year  cuenta con 87,400 subscriptores corporativos y l\u00edderes pol\u00edticos alrededor del mundo y  en Rep\u00fablica Dominicana est\u00e1n circulando m\u00e1s de 7,000 ejemplares, precisando que dentro sus lectores, el 79% son altos ejecutivos, adem\u00e1s instituciones internacionales como el Fondo Monetario Internacional (FMI) y el Banco Mundial.<\/p>\n<\/p>\n<p>Para la edici\u00f3n dedicada a la Rep\u00fablica Dominicana, dijeron haber contado, adem\u00e1s, con el apoyo de otras organizaciones como las asaciones,  de Inversionistas y  de Exportadores,  ASIEX y ADOEXPO.<\/p>\n<\/p>\n<h6> 2013-10-04 14:27:44 <\/h6>\n<p><!--\n<link rel=\"stylesheet\" href=\"css\/bootstrap.min.css\">\n\n\n<ul class=\"pagination\">\n\t    \n\t\n\n<li >\n\t<a href='?page_no=14722'>Previous<\/a>\n\t<\/li>\n\n\n       \n    \n\n<li><a href='?page_no=1'>1<\/a><\/li>\n\n\n\n<li><a href='?page_no=2'>2<\/a><\/li>\n\n\n\n<li><a>...<\/a><\/li>\n\n\n\n<li><a href='?page_no=14721'>14721<\/a><\/li>\n\n\n\n<li><a href='?page_no=14722'>14722<\/a><\/li>\n\n\n\n<li class='active'><a>14723<\/a><\/li>\n\n\n\n<li><a href='?page_no=14724'>14724<\/a><\/li>\n\n\n\n<li><a href='?page_no=14725'>14725<\/a><\/li>\n\n\n\n<li><a>...<\/a><\/li>\n\n\n\n<li><a href='?page_no=30472'>30472<\/a><\/li>\n\n\n\n<li><a href='?page_no=30473'>30473<\/a><\/li>\n\n    \n\t\n\n<li >\n\t<a href='?page_no=14724'>Next<\/a>\n\t<\/li>\n\n\n    \n\n<li><a href='?page_no=30473'>Last &rsaquo;&rsaquo;<\/a><\/li>\n\n<\/ul>\n\n\n--><br \/>\n<\/body><\/p>\n","protected":false},"excerpt":{"rendered":"<p>Santo Domingo RD 4 octubre.- La publicaci\u00f3n brit\u00e1nica \u00abThe Business Year\u00bb, especializada en temas econ\u00f3micos, en su edici\u00f3n dedicada a la Rep\u00fablica Dominicana, destaca las ventajas que ofrece el pa\u00eds para el desarrollo de las inversiones extranjeras en las diferentes \u00e1reas de negocios. La edici\u00f3n de Rep\u00fablica Dominicana 2013, incluy\u00f3 entrevistas con el presidente Danilo [&hellip;]<\/p>\n","protected":false},"author":3,"featured_media":0,"comment_status":"open","ping_status":"open","sticky":false,"template":"","format":"standard","meta":{"footnotes":""},"categories":[18],"tags":[],"class_list":["post-99246","post","type-post","status-publish","format-standard","hentry","category-economia"],"_links":{"self":[{"href":"https:\/\/diariodominicano.com\/index.php?rest_route=\/wp\/v2\/posts\/99246","targetHints":{"allow":["GET"]}}],"collection":[{"href":"https:\/\/diariodominicano.com\/index.php?rest_route=\/wp\/v2\/posts"}],"about":[{"href":"https:\/\/diariodominicano.com\/index.php?rest_route=\/wp\/v2\/types\/post"}],"author":[{"embeddable":true,"href":"https:\/\/diariodominicano.com\/index.php?rest_route=\/wp\/v2\/users\/3"}],"replies":[{"embeddable":true,"href":"https:\/\/diariodominicano.com\/index.php?rest_route=%2Fwp%2Fv2%2Fcomments&post=99246"}],"version-history":[{"count":0,"href":"https:\/\/diariodominicano.com\/index.php?rest_route=\/wp\/v2\/posts\/99246\/revisions"}],"wp:attachment":[{"href":"https:\/\/diariodominicano.com\/index.php?rest_route=%2Fwp%2Fv2%2Fmedia&parent=99246"}],"wp:term":[{"taxonomy":"category","embeddable":true,"href":"https:\/\/diariodominicano.com\/index.php?rest_route=%2Fwp%2Fv2%2Fcategories&post=99246"},{"taxonomy":"post_tag","embeddable":true,"href":"https:\/\/diariodominicano.com\/index.php?rest_route=%2Fwp%2Fv2%2Ftags&post=99246"}],"curies":[{"name":"wp","href":"https:\/\/api.w.org\/{rel}","templated":true}]}}