{"id":99243,"date":"2013-10-04T15:19:24","date_gmt":"2013-10-04T15:19:24","guid":{"rendered":"http:\/\/diariodominicano.ddns.net\/?p=99243"},"modified":"2013-10-04T15:19:24","modified_gmt":"2013-10-04T15:19:24","slug":"expo-monte-plata-con-un-homenaje-a-la-dominicanidad","status":"publish","type":"post","link":"https:\/\/diariodominicano.com\/?p=99243","title":{"rendered":"Expo Monte Plata con un homenaje a la dominicanidad"},"content":{"rendered":"<p><body><\/p>\n<p><img decoding=\"async\" src=\"img3\/miriam 4.jpg\" \/>  <\/p>\n<p>Santo Domingo RD 4 octubre. El caso de Charlie Mariotti parece ser casi una excepci\u00f3n. Sin ser de Monte Plata, para los que no son de all\u00ed \u00e9l es la fiel representaci\u00f3n de la tierra del r\u00edo Socoa y del cerdo al Buc\u00e1n.<\/p>\n<\/p>\n<p>A su iniciativa se debe Expo Monte Plata, que ya en su sexta edici\u00f3n se desarrollar\u00e1 desde hoy hasta el d\u00eda 6 en la Ciudad Ganadera.<\/p>\n<\/p>\n<p>\u00abQueremos hacer visibles los valores culturales, en su m\u00e1s amplia acepci\u00f3n, de Monte Plata. Esta es una zona llena de tesoros tur\u00edsticos, de los cuales ustedes han podido ver apenas dos. Te puedo decir que su potencial ecotur\u00edstico es enorme. Por eso insistimos en la necesidad de que la provincia sea declarada Provincia de Turismo Ecol\u00f3gico, para que se pueda beneficiar de las facilidades que esto le otorgar\u00eda\u00bb, dijo el senador provincial en un recorrido realizado con algunos representantes de la prensa por algunos sitios de esa zona.<\/p>\n<\/p>\n<p>Agreg\u00f3 que \u00abcomo ven hemos hecho algunos esfuerzos y queremos avanzar en la pavimentaci\u00f3n de las carreteras, y en el mantenimiento y la concientizaci\u00f3n de los visitantes a los sitios de inter\u00e9s tur\u00edstico, para que no ensucien, recojan y se lleven a un safac\u00f3n sobras de comidas o bebidas\u00bb.<\/p>\n<p><strong> <\/strong><\/p>\n<p><strong>Programa para toda la familia<\/strong><\/p>\n<\/p>\n<p>Merengue, Salsa, m\u00fasica urbana, bachata, palos, salves, gag\u00e1, comparsas de carnaval, ballet folkl\u00f3rico, djs y un \u00e1rea infantil ser\u00e1n el plato fuerte del entretenimiento de Expo Monte Plata 2013.<\/p>\n<\/p>\n<p>Mozar La Para, Vaker\u00f3 y Poeta Callejero componen la oferta urbana, mientras que la salsa estar\u00e1 representada por Alex Matos, Sexappeal y Javier y el merengue por Amalfis, Miriam Cruz, Sergio Vargas y la Orquesta Plateada, quienes junto al talento art\u00edstico de la provincia componen la oferta popular.<\/p>\n<\/p>\n<p>Mientras, que el \u00e1rea tradicional estar\u00e1 compuesta por Los paleros San Rafael, de Bayaguana, Salve de Rinc\u00f3n Hondo, los gag\u00e1s de Sabana Grande de Boy\u00e1 y Bermejo, Ballet Folkl\u00f3rico Am\u00e9rica Morena, de Monte Plata, Comparsas y un elenco especial de la provincia invitada, S\u00e1nchez Ram\u00edrez, Cotu\u00ed.<\/p>\n<\/p>\n<p>Viernes<\/p>\n<p>El viernes tocan Mozar La Para, Alex Matos y Miriam Cruz, el s\u00e1bado Orquesta Plateada, Amalfis, Vaker\u00f3 y Seaxappeal y el domingo Luis Miguel del Amargue, el Poeta Callejero, Javier y Sergio Vargas.<\/p>\n<\/p>\n<p>Entradas libre<\/p>\n<\/p>\n<p>Lugar: Ciudad Ganadera<\/p>\n<\/p>\n<p>D\u00edas: 4, 5 y 6 de octubre<\/p>\n<h6> 2013-10-04 15:19:24 <\/h6>\n<p><!--\n<link rel=\"stylesheet\" href=\"css\/bootstrap.min.css\">\n\n\n<ul class=\"pagination\">\n\t    \n\t\n\n<li >\n\t<a href='?page_no=14719'>Previous<\/a>\n\t<\/li>\n\n\n       \n    \n\n<li><a href='?page_no=1'>1<\/a><\/li>\n\n\n\n<li><a href='?page_no=2'>2<\/a><\/li>\n\n\n\n<li><a>...<\/a><\/li>\n\n\n\n<li><a href='?page_no=14718'>14718<\/a><\/li>\n\n\n\n<li><a href='?page_no=14719'>14719<\/a><\/li>\n\n\n\n<li class='active'><a>14720<\/a><\/li>\n\n\n\n<li><a href='?page_no=14721'>14721<\/a><\/li>\n\n\n\n<li><a href='?page_no=14722'>14722<\/a><\/li>\n\n\n\n<li><a>...<\/a><\/li>\n\n\n\n<li><a href='?page_no=30472'>30472<\/a><\/li>\n\n\n\n<li><a href='?page_no=30473'>30473<\/a><\/li>\n\n    \n\t\n\n<li >\n\t<a href='?page_no=14721'>Next<\/a>\n\t<\/li>\n\n\n    \n\n<li><a href='?page_no=30473'>Last &rsaquo;&rsaquo;<\/a><\/li>\n\n<\/ul>\n\n\n--><br \/>\n<\/body><\/p>\n","protected":false},"excerpt":{"rendered":"<p>Santo Domingo RD 4 octubre. El caso de Charlie Mariotti parece ser casi una excepci\u00f3n. Sin ser de Monte Plata, para los que no son de all\u00ed \u00e9l es la fiel representaci\u00f3n de la tierra del r\u00edo Socoa y del cerdo al Buc\u00e1n. A su iniciativa se debe Expo Monte Plata, que ya en su [&hellip;]<\/p>\n","protected":false},"author":3,"featured_media":0,"comment_status":"open","ping_status":"open","sticky":false,"template":"","format":"standard","meta":{"footnotes":""},"categories":[18],"tags":[],"class_list":["post-99243","post","type-post","status-publish","format-standard","hentry","category-economia"],"_links":{"self":[{"href":"https:\/\/diariodominicano.com\/index.php?rest_route=\/wp\/v2\/posts\/99243","targetHints":{"allow":["GET"]}}],"collection":[{"href":"https:\/\/diariodominicano.com\/index.php?rest_route=\/wp\/v2\/posts"}],"about":[{"href":"https:\/\/diariodominicano.com\/index.php?rest_route=\/wp\/v2\/types\/post"}],"author":[{"embeddable":true,"href":"https:\/\/diariodominicano.com\/index.php?rest_route=\/wp\/v2\/users\/3"}],"replies":[{"embeddable":true,"href":"https:\/\/diariodominicano.com\/index.php?rest_route=%2Fwp%2Fv2%2Fcomments&post=99243"}],"version-history":[{"count":0,"href":"https:\/\/diariodominicano.com\/index.php?rest_route=\/wp\/v2\/posts\/99243\/revisions"}],"wp:attachment":[{"href":"https:\/\/diariodominicano.com\/index.php?rest_route=%2Fwp%2Fv2%2Fmedia&parent=99243"}],"wp:term":[{"taxonomy":"category","embeddable":true,"href":"https:\/\/diariodominicano.com\/index.php?rest_route=%2Fwp%2Fv2%2Fcategories&post=99243"},{"taxonomy":"post_tag","embeddable":true,"href":"https:\/\/diariodominicano.com\/index.php?rest_route=%2Fwp%2Fv2%2Ftags&post=99243"}],"curies":[{"name":"wp","href":"https:\/\/api.w.org\/{rel}","templated":true}]}}