{"id":99240,"date":"2013-10-04T19:24:30","date_gmt":"2013-10-04T19:24:30","guid":{"rendered":"http:\/\/diariodominicano.ddns.net\/?p=99240"},"modified":"2013-10-04T19:24:30","modified_gmt":"2013-10-04T19:24:30","slug":"consejo-empresarial-america-latina-destaca-vision-social-del-presidente-medina","status":"publish","type":"post","link":"https:\/\/diariodominicano.com\/?p=99240","title":{"rendered":"Consejo Empresarial Am\u00e9rica Latina destaca visi\u00f3n social del presidente Medina"},"content":{"rendered":"<p><body><\/p>\n<p><img decoding=\"async\" src=\"img3\/vision.jpg\" \/>  <\/p>\n<p><span class=\"text1noticias\">Santo Domingo, RD, 04 de octubre.-El Consejo Empresarial de Am\u00e9rica Latina (CEAL) invit\u00f3 al presidente Danilo Medina a participar en el IX Encuentro Empresarial Iberoamericano, que tendr\u00e1 lugar del 16 al 18 de octubre en Panam\u00e1.<\/span><\/p>\n<p><span class=\"text1noticias\"> <\/span><\/p>\n<p><span class=\"text1noticias\">La informaci\u00f3n fue ofrecida en el Sal\u00f3n Orlando Mart\u00ednez del Palacio Nacional, luego de una visita al Primer Mandatario hecha por el presidente del CEAL, Samuel Urrutia Cantoral y del presidente del Consejo para Am\u00e9rica Latina, Manuel Garc\u00eda Ar\u00e9valo.<\/span><\/p>\n<p><span class=\"text1noticias\"> <\/span><\/p>\n<p><span class=\"text1noticias\">Tambi\u00e9n estuvieron presentes, Nisma Goldory, directora ejecutiva de esa entidad, el consultor y analista internacional Carlos Alberto Montaner y el ministro de Industria y Comercio, Jos\u00e9 del Castillo Savi\u00f1\u00f3n.<\/span><\/p>\n<p><span class=\"text1noticias\"> <\/span><\/p>\n<p><span class=\"text1noticias\">Alianza p\u00fablico-privada<\/span><\/p>\n<\/p>\n<p><span class=\"text1noticias\">\u00abB\u00e1sicamente la idea de la invitaci\u00f3n al presidente Medina es para que \u00e9l pueda, de manera individual presentarle a todos los empresarios de Iberoam\u00e9rica, lo que est\u00e1 haciendo Rep\u00fablica Dominicana, las oportunidades de inversi\u00f3n que tiene este gran pa\u00eds y sobre todo la gran visi\u00f3n social que tiene sobre c\u00f3mo diseminar el crecimiento a trav\u00e9s de la peque\u00f1a y mediana empresa\u00bb, explic\u00f3 Urrutia Cantoral.<\/span><\/p>\n<p><span class=\"text1noticias\"> <\/span><\/p>\n<p><span class=\"text1noticias\">Dijo que el jefe de Estado le expres\u00f3 \u00absu convencimiento de la necesidad de crear una alianza p\u00fablica y privada y coincido con su filosof\u00eda como Presidente; los empresarios y la sociedad somos part\u00edcipes y responsables del crecimiento y desarrollo de nuestros pa\u00edses\u00bb.<\/span><\/p>\n<p><span class=\"text1noticias\"> <\/span><\/p>\n<p><span class=\"text1noticias\">Manifest\u00f3 que el evento a realizarse en Panam\u00e1 re\u00fane a los 300 empresarios l\u00edderes de Am\u00e9rica Latina, en el que esperan la compa\u00f1\u00eda adem\u00e1s del presidente Danilo Medina, de Horacio Cartes, de Paraguay. Adem\u00e1s habr\u00e1 un panel de la Alianza del Pac\u00edfico con otros mandatarios latinoamericanos y representantes de organismos internacionales.<\/span><\/p>\n<p><span class=\"text1noticias\"> <\/span><\/p>\n<p><span class=\"text1noticias\">RD modelo de emprendurismo<\/span><\/p>\n<\/p>\n<p><span class=\"text1noticias\">Seg\u00fan expuso es importante la experiencia de Rep\u00fablica Dominicana para la integraci\u00f3n de miles de j\u00f3venes de la regi\u00f3n al emprendurismo, con la creaci\u00f3n de negocios y peque\u00f1as empresas, esto en alusi\u00f3n a las iniciativas impulsadas por el presidente Medina, de apoyo a las pymes.<\/span><\/p>\n<p><span class=\"text1noticias\"> <\/span><\/p>\n<p><span class=\"text1noticias\">\u00abCreemos que con la presencia del presidente Medina se va a lucir el evento\u00bb, apunt\u00f3.<\/span><\/p>\n<p><span class=\"text1noticias\"> <\/span><\/p>\n<p><span class=\"text1noticias\">Dijo que Medina se mostr\u00f3 a favor de la iniciativa y que en principio ten\u00eda la disposici\u00f3n de asistir, \u00abtiene la intenci\u00f3n de ir, pero dentro de las posibilidades de tiempo que le permitan sus responsabilidades, hizo la salvedad que su pa\u00eds va primero\u00bb.<\/span><\/p>\n<p><span class=\"text1noticias\"> <\/span><\/p>\n<p><span class=\"text1noticias\">Explic\u00f3 que la participaci\u00f3n de Rep\u00fablica Dominicana es importante, dentro del contexto regional, que permitir\u00e1 la b\u00fasqueda de oportunidades de los empresarios dominicanos.(HG)<\/span>.<\/p>\n<\/p>\n<h6> 2013-10-04 19:24:30 <\/h6>\n<p><!--\n<link rel=\"stylesheet\" href=\"css\/bootstrap.min.css\">\n\n\n<ul class=\"pagination\">\n\t    \n\t\n\n<li >\n\t<a href='?page_no=14717'>Previous<\/a>\n\t<\/li>\n\n\n       \n    \n\n<li><a href='?page_no=1'>1<\/a><\/li>\n\n\n\n<li><a href='?page_no=2'>2<\/a><\/li>\n\n\n\n<li><a>...<\/a><\/li>\n\n\n\n<li><a href='?page_no=14716'>14716<\/a><\/li>\n\n\n\n<li><a href='?page_no=14717'>14717<\/a><\/li>\n\n\n\n<li class='active'><a>14718<\/a><\/li>\n\n\n\n<li><a href='?page_no=14719'>14719<\/a><\/li>\n\n\n\n<li><a href='?page_no=14720'>14720<\/a><\/li>\n\n\n\n<li><a>...<\/a><\/li>\n\n\n\n<li><a href='?page_no=30472'>30472<\/a><\/li>\n\n\n\n<li><a href='?page_no=30473'>30473<\/a><\/li>\n\n    \n\t\n\n<li >\n\t<a href='?page_no=14719'>Next<\/a>\n\t<\/li>\n\n\n    \n\n<li><a href='?page_no=30473'>Last &rsaquo;&rsaquo;<\/a><\/li>\n\n<\/ul>\n\n\n--><br \/>\n<\/body><\/p>\n","protected":false},"excerpt":{"rendered":"<p>Santo Domingo, RD, 04 de octubre.-El Consejo Empresarial de Am\u00e9rica Latina (CEAL) invit\u00f3 al presidente Danilo Medina a participar en el IX Encuentro Empresarial Iberoamericano, que tendr\u00e1 lugar del 16 al 18 de octubre en Panam\u00e1. La informaci\u00f3n fue ofrecida en el Sal\u00f3n Orlando Mart\u00ednez del Palacio Nacional, luego de una visita al Primer Mandatario [&hellip;]<\/p>\n","protected":false},"author":3,"featured_media":0,"comment_status":"open","ping_status":"open","sticky":false,"template":"","format":"standard","meta":{"footnotes":""},"categories":[18],"tags":[],"class_list":["post-99240","post","type-post","status-publish","format-standard","hentry","category-economia"],"_links":{"self":[{"href":"https:\/\/diariodominicano.com\/index.php?rest_route=\/wp\/v2\/posts\/99240","targetHints":{"allow":["GET"]}}],"collection":[{"href":"https:\/\/diariodominicano.com\/index.php?rest_route=\/wp\/v2\/posts"}],"about":[{"href":"https:\/\/diariodominicano.com\/index.php?rest_route=\/wp\/v2\/types\/post"}],"author":[{"embeddable":true,"href":"https:\/\/diariodominicano.com\/index.php?rest_route=\/wp\/v2\/users\/3"}],"replies":[{"embeddable":true,"href":"https:\/\/diariodominicano.com\/index.php?rest_route=%2Fwp%2Fv2%2Fcomments&post=99240"}],"version-history":[{"count":0,"href":"https:\/\/diariodominicano.com\/index.php?rest_route=\/wp\/v2\/posts\/99240\/revisions"}],"wp:attachment":[{"href":"https:\/\/diariodominicano.com\/index.php?rest_route=%2Fwp%2Fv2%2Fmedia&parent=99240"}],"wp:term":[{"taxonomy":"category","embeddable":true,"href":"https:\/\/diariodominicano.com\/index.php?rest_route=%2Fwp%2Fv2%2Fcategories&post=99240"},{"taxonomy":"post_tag","embeddable":true,"href":"https:\/\/diariodominicano.com\/index.php?rest_route=%2Fwp%2Fv2%2Ftags&post=99240"}],"curies":[{"name":"wp","href":"https:\/\/api.w.org\/{rel}","templated":true}]}}