{"id":99239,"date":"2013-10-04T19:24:34","date_gmt":"2013-10-04T19:24:34","guid":{"rendered":"http:\/\/diariodominicano.ddns.net\/?p=99239"},"modified":"2013-10-04T19:24:34","modified_gmt":"2013-10-04T19:24:34","slug":"agilizan-los-trabajos-distribuidor-del-transito-del-merca-santo-domingo","status":"publish","type":"post","link":"https:\/\/diariodominicano.com\/?p=99239","title":{"rendered":"&#13;&#13;Agilizan los trabajos distribuidor del tr\u00e1nsito  del Merca Santo Domingo"},"content":{"rendered":"<p><body><\/p>\n<\/p>\n<p><span class=\"text1noticias\">Pedro Brand, RD, 4 de octubre.-  Avanzan a ritmo acelerado los trabajos de construcci\u00f3n del distribuidor de tr\u00e1nsito y de la carretera de entrada al Merca Santo Domingo, estructuras necesarias para la entrada en funcionamiento del nuevo sistema de comercializaci\u00f3n de productos agropecuarios.<\/span><\/p>\n<\/p>\n<p><span class=\"text1noticias\">Eusebio Guzm\u00e1n, director del programa de Mercados, Frigor\u00edficos e Invernaderos (Promefr\u00edn), del Ministerio de Agricultura, dijo que de acuerdo a la \u00faltima evaluaci\u00f3n de los trabajos, la obra estar\u00e1 concluida en tres semanas. <\/span><\/p>\n<\/p>\n<p><span class=\"text1noticias\">\u00abSe avanza a marcha acelerada para solucionar uno de los problemas que ten\u00eda el Merca Santo Domingo para comenzar su funcionamiento, como era el atraso del distribuidor del tr\u00e1nsito\u00bb, afirm\u00f3 Guzm\u00e1n durante una visita al merca, en la que represent\u00f3 del ministro Luis Ram\u00f3n Rodr\u00edguez..<\/span><\/p>\n<\/p>\n<p><span class=\"text1noticias\">Dijo que se trabaja en las labores para colocaci\u00f3n de asfalto, tanto al puente, como al corredor, as\u00ed como al \u00e1rea de entrada al Merca, que tiene un carril de 90 grados para el giro de los veh\u00edculos pesados. <\/span><\/p>\n<\/p>\n<p><span class=\"text1noticias\">Manifest\u00f3 que tambi\u00e9n se encuentra en la fase final la construcci\u00f3n de un carril de aceleraci\u00f3n para el tr\u00e1nsito, con el que se evitar\u00e1 cruzar la autopista Duarte.<\/span><\/p>\n<\/p>\n<p><span class=\"text1noticias\">\u00abS\u00f3lo faltar\u00eda la salida del corredor con rumbo a la zona Norte y el Cibao, y se dan los toques finales a los aspectos log\u00edsticos de la infraestructura, como son el sistema el\u00e9ctrico y las facilidades de comunicaci\u00f3n\u00bb, acot\u00f3.<\/span><\/p>\n<\/p>\n<p><span class=\"text1noticias\">En el Merca se recibir\u00e1n los productos del campo, para redistribuirlos a los dem\u00e1s mercados que conforman la Red Nacional Alimentaria, dando paso a un sistema moderno de comercializaci\u00f3n, con un alto nivel de sanidad e inocuidad.<\/span><\/p>\n<\/p>\n<p><span class=\"text1noticias\">\u00abLa calidad de lo que se vende y la forma como se empacan y se distribuyen, va a corresponder a mercados del primer mundo, dijo Guzm\u00e1n.<\/span><\/p>\n<\/p>\n<p><span class=\"text1noticias\">En la visita participaron adem\u00e1s, Jorge Pep\u00edn, Viceministro de Obras P\u00fablicas, Miguel Pimentel Kareh, y el director de la Oficina de Ingenieros Supervisores de Obras del Estado (Oisoe).<\/span><\/p>\n<h6> 2013-10-04 19:24:34 <\/h6>\n<p><!--\n<link rel=\"stylesheet\" href=\"css\/bootstrap.min.css\">\n\n\n<ul class=\"pagination\">\n\t    \n\t\n\n<li >\n\t<a href='?page_no=14716'>Previous<\/a>\n\t<\/li>\n\n\n       \n    \n\n<li><a href='?page_no=1'>1<\/a><\/li>\n\n\n\n<li><a href='?page_no=2'>2<\/a><\/li>\n\n\n\n<li><a>...<\/a><\/li>\n\n\n\n<li><a href='?page_no=14715'>14715<\/a><\/li>\n\n\n\n<li><a href='?page_no=14716'>14716<\/a><\/li>\n\n\n\n<li class='active'><a>14717<\/a><\/li>\n\n\n\n<li><a href='?page_no=14718'>14718<\/a><\/li>\n\n\n\n<li><a href='?page_no=14719'>14719<\/a><\/li>\n\n\n\n<li><a>...<\/a><\/li>\n\n\n\n<li><a href='?page_no=30472'>30472<\/a><\/li>\n\n\n\n<li><a href='?page_no=30473'>30473<\/a><\/li>\n\n    \n\t\n\n<li >\n\t<a href='?page_no=14718'>Next<\/a>\n\t<\/li>\n\n\n    \n\n<li><a href='?page_no=30473'>Last &rsaquo;&rsaquo;<\/a><\/li>\n\n<\/ul>\n\n\n--><br \/>\n<\/body><\/p>\n","protected":false},"excerpt":{"rendered":"<p>Pedro Brand, RD, 4 de octubre.- Avanzan a ritmo acelerado los trabajos de construcci\u00f3n del distribuidor de tr\u00e1nsito y de la carretera de entrada al Merca Santo Domingo, estructuras necesarias para la entrada en funcionamiento del nuevo sistema de comercializaci\u00f3n de productos agropecuarios. Eusebio Guzm\u00e1n, director del programa de Mercados, Frigor\u00edficos e Invernaderos (Promefr\u00edn), del [&hellip;]<\/p>\n","protected":false},"author":3,"featured_media":0,"comment_status":"open","ping_status":"open","sticky":false,"template":"","format":"standard","meta":{"footnotes":""},"categories":[18],"tags":[],"class_list":["post-99239","post","type-post","status-publish","format-standard","hentry","category-economia"],"_links":{"self":[{"href":"https:\/\/diariodominicano.com\/index.php?rest_route=\/wp\/v2\/posts\/99239","targetHints":{"allow":["GET"]}}],"collection":[{"href":"https:\/\/diariodominicano.com\/index.php?rest_route=\/wp\/v2\/posts"}],"about":[{"href":"https:\/\/diariodominicano.com\/index.php?rest_route=\/wp\/v2\/types\/post"}],"author":[{"embeddable":true,"href":"https:\/\/diariodominicano.com\/index.php?rest_route=\/wp\/v2\/users\/3"}],"replies":[{"embeddable":true,"href":"https:\/\/diariodominicano.com\/index.php?rest_route=%2Fwp%2Fv2%2Fcomments&post=99239"}],"version-history":[{"count":0,"href":"https:\/\/diariodominicano.com\/index.php?rest_route=\/wp\/v2\/posts\/99239\/revisions"}],"wp:attachment":[{"href":"https:\/\/diariodominicano.com\/index.php?rest_route=%2Fwp%2Fv2%2Fmedia&parent=99239"}],"wp:term":[{"taxonomy":"category","embeddable":true,"href":"https:\/\/diariodominicano.com\/index.php?rest_route=%2Fwp%2Fv2%2Fcategories&post=99239"},{"taxonomy":"post_tag","embeddable":true,"href":"https:\/\/diariodominicano.com\/index.php?rest_route=%2Fwp%2Fv2%2Ftags&post=99239"}],"curies":[{"name":"wp","href":"https:\/\/api.w.org\/{rel}","templated":true}]}}