{"id":99236,"date":"2013-10-04T20:11:26","date_gmt":"2013-10-04T20:11:26","guid":{"rendered":"http:\/\/diariodominicano.ddns.net\/?p=99236"},"modified":"2013-10-04T20:11:26","modified_gmt":"2013-10-04T20:11:26","slug":"sector-cooperativismo-en-rd-agrupa-1305632-socios-agrupados-en-685-cooperativas","status":"publish","type":"post","link":"https:\/\/diariodominicano.com\/?p=99236","title":{"rendered":"Sector cooperativismo en RD agrupa 1,305,632 socios agrupados en 685 cooperativas"},"content":{"rendered":"<p><body><\/p>\n<p><img decoding=\"async\" src=\"img3\/julito.jpg\" \/>  <\/p>\n<p><span class=\"text1noticias\">Santo Domingo, RD, 4 de Octubre.-El presidente del Consejo Nacional de Cooperativas expres\u00f3 que en la actualidad en Rep\u00fablica Dominicana  hay 1,305,632 socios agrupados en 685 cooperativas, que representan el 28% de la poblaci\u00f3n econ\u00f3micamente activa y movilizan el 7% de todo el sistema financiero nacional. <\/span><\/p>\n<\/p>\n<p><span class=\"text1noticias\">Julito Furcal destac\u00f3 el crecimiento y desarrollo alcanzado por el cooperativismo en el mundo, el cual aglutina en el mundo a m\u00e1s de mil cien millones de personas, emplea a cien millones y se ha convertido en generador de riquezas en todo el mundo, impulsando la creaci\u00f3n de micro, peque\u00f1as y medianas empresas y promoviendo la innovaci\u00f3n y el emprendimiento con miras a la creaci\u00f3n de empleos y oportunidades para los sectores de peque\u00f1os y medianos ingresos.<\/span><\/p>\n<\/p>\n<p><span class=\"text1noticias\">El presidente CONACOOP precis\u00f3 sobre la  dimensi\u00f3n en los aportes que hacen las cooperativas en el pa\u00eds a la generaci\u00f3n de empleos, elevaci\u00f3n de la calidad de vida de sus asociados y superaci\u00f3n de la brecha social, llevando seguridad alimentaria, educaci\u00f3n y capacitaci\u00f3n a amplios sectores de la poblaci\u00f3n como parte de su pol\u00edtica de responsabilidad social. <\/span><\/p>\n<\/p>\n<p><span class=\"text1noticias\">Furcal habl\u00f3 en esos t\u00e9rminos al encabezar una ofrenda floral ante el Altar de la Patria junto a decenas de dirigentes cooperativistas, con motivo del inicio del  mes del Cooperativismo.<\/span><\/p>\n<\/p>\n<p><span class=\"text1noticias\">destac\u00f3  que mientras de fundaba la rep\u00fablica dominicana en 1844,  un grupo de visionarios en Manchester, Inglaterra creaba la primera cooperativa.<\/span><\/p>\n<\/p>\n<p><span class=\"text1noticias\">\u00abNo es casual que as\u00ed como Los Trinitarios concibieron la creaci\u00f3n de una sociedad democr\u00e1tica, justa y participativa, los pioneros de Rochale se plantear\u00e1n dentro de las reglas que dieron origen al cooperativismo, la igualdad, equidad, control democr\u00e1tico y la libertad de adhesi\u00f3n de los ciudadanos\u00bb dijo Fulcar. <\/span><\/p>\n<\/p>\n<p><span class=\"text1noticias\">Dadas estas coincidencias, no cabe duda en destacar la similitud de visi\u00f3n entre la naturaleza del cooperativismo y la visi\u00f3n del proyecto de naci\u00f3n enarbolado por los padres fundadores de la Rep\u00fablica, quienes lucharon no solo por la independencia como naci\u00f3n sino tambi\u00e9n por la democracia econ\u00f3mica, social y pol\u00edtica de nuestra sociedad, la cual constituye la esencia de un estado social, democr\u00e1tico de derechos por lo que sin duda alguna aseguramos que nuestros padres fundadores fueron verdaderos cooperativistas.<\/span><\/p>\n<\/p>\n<p><span class=\"text1noticias\">Dijo en el  altar de la Patria que el cooperativismo es una de las m\u00e1s fieles representaciones del proyecto  naci\u00f3n planteado por Juan Pablo Duarte y los Trinitarios para crear una Rep\u00fablica Dominicana soberana, autosuficiente y digna.<\/span><\/p>\n<\/p>\n<p><span class=\"text1noticias\">La ofrenda floral es el inicio de un amplio programa de actividades que durante el mes de octubre estar\u00e1 desarrollando el Consejo Nacional de Cooperativas-CONACOOP, la Federaci\u00f3n Dominicana de Cooperativas-FEDOCOOP, la Federaci\u00f3n de Cooperativas del Cibao Central-FECOOPCEN y las cooperativas de base.<\/span><\/p>\n<p><span class=\"text1noticias\"> <\/span><\/p>\n<p><span class=\"text1noticias\">El presidente del CONACOOP llamo a los cooperativistas a pronunciarse y apoyar sin reservas a Loma Miranda para que sea declarada Parque Nacional y evitar la explotaci\u00f3n que pretenden dirigir sectores a quienes no les importa la ecolog\u00eda, el medio ambiente, ni la vida de los ciudadanos.(HG)<\/span>.<\/p>\n<\/p>\n<\/p>\n<\/p>\n<\/p>\n<h6> 2013-10-04 20:11:26 <\/h6>\n<p><!--\n<link rel=\"stylesheet\" href=\"css\/bootstrap.min.css\">\n\n\n<ul class=\"pagination\">\n\t    \n\t\n\n<li >\n\t<a href='?page_no=14713'>Previous<\/a>\n\t<\/li>\n\n\n       \n    \n\n<li><a href='?page_no=1'>1<\/a><\/li>\n\n\n\n<li><a href='?page_no=2'>2<\/a><\/li>\n\n\n\n<li><a>...<\/a><\/li>\n\n\n\n<li><a href='?page_no=14712'>14712<\/a><\/li>\n\n\n\n<li><a href='?page_no=14713'>14713<\/a><\/li>\n\n\n\n<li class='active'><a>14714<\/a><\/li>\n\n\n\n<li><a href='?page_no=14715'>14715<\/a><\/li>\n\n\n\n<li><a href='?page_no=14716'>14716<\/a><\/li>\n\n\n\n<li><a>...<\/a><\/li>\n\n\n\n<li><a href='?page_no=30472'>30472<\/a><\/li>\n\n\n\n<li><a href='?page_no=30473'>30473<\/a><\/li>\n\n    \n\t\n\n<li >\n\t<a href='?page_no=14715'>Next<\/a>\n\t<\/li>\n\n\n    \n\n<li><a href='?page_no=30473'>Last &rsaquo;&rsaquo;<\/a><\/li>\n\n<\/ul>\n\n\n--><br \/>\n<\/body><\/p>\n","protected":false},"excerpt":{"rendered":"<p>Santo Domingo, RD, 4 de Octubre.-El presidente del Consejo Nacional de Cooperativas expres\u00f3 que en la actualidad en Rep\u00fablica Dominicana hay 1,305,632 socios agrupados en 685 cooperativas, que representan el 28% de la poblaci\u00f3n econ\u00f3micamente activa y movilizan el 7% de todo el sistema financiero nacional. Julito Furcal destac\u00f3 el crecimiento y desarrollo alcanzado por [&hellip;]<\/p>\n","protected":false},"author":3,"featured_media":0,"comment_status":"open","ping_status":"open","sticky":false,"template":"","format":"standard","meta":{"footnotes":""},"categories":[18],"tags":[],"class_list":["post-99236","post","type-post","status-publish","format-standard","hentry","category-economia"],"_links":{"self":[{"href":"https:\/\/diariodominicano.com\/index.php?rest_route=\/wp\/v2\/posts\/99236","targetHints":{"allow":["GET"]}}],"collection":[{"href":"https:\/\/diariodominicano.com\/index.php?rest_route=\/wp\/v2\/posts"}],"about":[{"href":"https:\/\/diariodominicano.com\/index.php?rest_route=\/wp\/v2\/types\/post"}],"author":[{"embeddable":true,"href":"https:\/\/diariodominicano.com\/index.php?rest_route=\/wp\/v2\/users\/3"}],"replies":[{"embeddable":true,"href":"https:\/\/diariodominicano.com\/index.php?rest_route=%2Fwp%2Fv2%2Fcomments&post=99236"}],"version-history":[{"count":0,"href":"https:\/\/diariodominicano.com\/index.php?rest_route=\/wp\/v2\/posts\/99236\/revisions"}],"wp:attachment":[{"href":"https:\/\/diariodominicano.com\/index.php?rest_route=%2Fwp%2Fv2%2Fmedia&parent=99236"}],"wp:term":[{"taxonomy":"category","embeddable":true,"href":"https:\/\/diariodominicano.com\/index.php?rest_route=%2Fwp%2Fv2%2Fcategories&post=99236"},{"taxonomy":"post_tag","embeddable":true,"href":"https:\/\/diariodominicano.com\/index.php?rest_route=%2Fwp%2Fv2%2Ftags&post=99236"}],"curies":[{"name":"wp","href":"https:\/\/api.w.org\/{rel}","templated":true}]}}