{"id":99230,"date":"2013-10-05T15:24:14","date_gmt":"2013-10-05T15:24:14","guid":{"rendered":"http:\/\/diariodominicano.ddns.net\/?p=99230"},"modified":"2013-10-05T15:24:14","modified_gmt":"2013-10-05T15:24:14","slug":"cree-que-la-crisis-en-estados-unidos-podria-afectar-la-economia-de-la-republica-dominicana","status":"publish","type":"post","link":"https:\/\/diariodominicano.com\/?p=99230","title":{"rendered":"Cree que la crisis en Estados Unidos podr\u00eda afectar la econom\u00eda de la Rep\u00fablica Dominicana"},"content":{"rendered":"<p><body><\/p>\n<p>Santo Domingo RD 5 octubre.- El ministro de Industria y Comercio, Jos\u00e9 Manuel del Castillo Savi\u00f1\u00f3n, consider\u00f3 que podr\u00eda afectar a la econom\u00eda nacional que se prolongue en el tiempo el impasse que ocasiona el cierre temporal de los servicios p\u00fablicos federales en Estados Unidos ante el rechazo en el Capitolio del proyecto de Presupuesto.<\/p>\n<\/p>\n<p>Afirm\u00f3 que el impacto ser\u00eda en las remesas, en las inversiones de Estados Unidos en el pa\u00eds y en las exportaciones, por ser nuestro primer socio comercial.<\/p>\n<\/p>\n<p>El funcionario record\u00f3 que el refr\u00e1n popular de que cuando Estados Unidos tiene gripe a la Rep\u00fablica Dominicana le da neumon\u00eda, lo que significa que cualquier situaci\u00f3n que ocurra en esa econom\u00eda influye en el pa\u00eds.<\/p>\n<\/p>\n<p>Por otro lado, dijo esperar que las relaciones comerciales con Hait\u00ed no se vean afectadas por la sentencia del Tribunal Constitucional sobre los hijos de madres de nacionalidad haitiana porque afirm\u00f3 \u00abse trata de temas diferentes\u00bb.<\/p>\n<\/p>\n<p>\u00abCreo que se debe valorar, como ha dicho el embajador (dominicano en Hait\u00ed) Rub\u00e9n Sili\u00e9, el hecho de que esas decisiones provienen de una Corte y en ese sentido debe aplicarse\u00bb, expres\u00f3.<\/p>\n<h6> 2013-10-05 15:24:14 <\/h6>\n<p><!--\n<link rel=\"stylesheet\" href=\"css\/bootstrap.min.css\">\n\n\n<ul class=\"pagination\">\n\t    \n\t\n\n<li >\n\t<a href='?page_no=14708'>Previous<\/a>\n\t<\/li>\n\n\n       \n    \n\n<li><a href='?page_no=1'>1<\/a><\/li>\n\n\n\n<li><a href='?page_no=2'>2<\/a><\/li>\n\n\n\n<li><a>...<\/a><\/li>\n\n\n\n<li><a href='?page_no=14707'>14707<\/a><\/li>\n\n\n\n<li><a href='?page_no=14708'>14708<\/a><\/li>\n\n\n\n<li class='active'><a>14709<\/a><\/li>\n\n\n\n<li><a href='?page_no=14710'>14710<\/a><\/li>\n\n\n\n<li><a href='?page_no=14711'>14711<\/a><\/li>\n\n\n\n<li><a>...<\/a><\/li>\n\n\n\n<li><a href='?page_no=30472'>30472<\/a><\/li>\n\n\n\n<li><a href='?page_no=30473'>30473<\/a><\/li>\n\n    \n\t\n\n<li >\n\t<a href='?page_no=14710'>Next<\/a>\n\t<\/li>\n\n\n    \n\n<li><a href='?page_no=30473'>Last &rsaquo;&rsaquo;<\/a><\/li>\n\n<\/ul>\n\n\n--><br \/>\n<\/body><\/p>\n","protected":false},"excerpt":{"rendered":"<p>Santo Domingo RD 5 octubre.- El ministro de Industria y Comercio, Jos\u00e9 Manuel del Castillo Savi\u00f1\u00f3n, consider\u00f3 que podr\u00eda afectar a la econom\u00eda nacional que se prolongue en el tiempo el impasse que ocasiona el cierre temporal de los servicios p\u00fablicos federales en Estados Unidos ante el rechazo en el Capitolio del proyecto de Presupuesto. [&hellip;]<\/p>\n","protected":false},"author":3,"featured_media":0,"comment_status":"open","ping_status":"open","sticky":false,"template":"","format":"standard","meta":{"footnotes":""},"categories":[18],"tags":[],"class_list":["post-99230","post","type-post","status-publish","format-standard","hentry","category-economia"],"_links":{"self":[{"href":"https:\/\/diariodominicano.com\/index.php?rest_route=\/wp\/v2\/posts\/99230","targetHints":{"allow":["GET"]}}],"collection":[{"href":"https:\/\/diariodominicano.com\/index.php?rest_route=\/wp\/v2\/posts"}],"about":[{"href":"https:\/\/diariodominicano.com\/index.php?rest_route=\/wp\/v2\/types\/post"}],"author":[{"embeddable":true,"href":"https:\/\/diariodominicano.com\/index.php?rest_route=\/wp\/v2\/users\/3"}],"replies":[{"embeddable":true,"href":"https:\/\/diariodominicano.com\/index.php?rest_route=%2Fwp%2Fv2%2Fcomments&post=99230"}],"version-history":[{"count":0,"href":"https:\/\/diariodominicano.com\/index.php?rest_route=\/wp\/v2\/posts\/99230\/revisions"}],"wp:attachment":[{"href":"https:\/\/diariodominicano.com\/index.php?rest_route=%2Fwp%2Fv2%2Fmedia&parent=99230"}],"wp:term":[{"taxonomy":"category","embeddable":true,"href":"https:\/\/diariodominicano.com\/index.php?rest_route=%2Fwp%2Fv2%2Fcategories&post=99230"},{"taxonomy":"post_tag","embeddable":true,"href":"https:\/\/diariodominicano.com\/index.php?rest_route=%2Fwp%2Fv2%2Ftags&post=99230"}],"curies":[{"name":"wp","href":"https:\/\/api.w.org\/{rel}","templated":true}]}}