{"id":99228,"date":"2013-10-05T23:30:47","date_gmt":"2013-10-05T23:30:47","guid":{"rendered":"http:\/\/diariodominicano.ddns.net\/?p=99228"},"modified":"2013-10-05T23:30:47","modified_gmt":"2013-10-05T23:30:47","slug":"aird-presentara-resultados-clusteres-proyecto-en-los-sectores-plasticos-productos-de-belleza-y-cacao-fortalece-cultura-exportadora","status":"publish","type":"post","link":"https:\/\/diariodominicano.com\/?p=99228","title":{"rendered":"AIRD presentar\u00e1 resultados cl\u00fasteres: Proyecto en los sectores pl\u00e1sticos, productos de belleza y cacao fortalece cultura exportadora&#13;"},"content":{"rendered":"<p><body><\/p>\n<p><span class=\"text1noticias\">SANTO DOMINGO, RD, 5 de Octubre.- La Asociaci\u00f3n de Industrias de la Rep\u00fablica Dominicana (AIRD) presentar\u00e1 ma\u00f1ana, martes, los resultados del Programa de Innovaci\u00f3n Industrial, compitiendo en Rapidez y Flexibilidad, que benefici\u00f3 a un conjunto de empresas del \u00e1rea de pl\u00e1sticos, productos de belleza y cacao, organizadas en cl\u00fasteres.<\/span><\/p>\n<p><span class=\"text1noticias\"> <\/span><\/p>\n<p><span class=\"text1noticias\">Circe Alm\u00e1nzar, vicepresidenta ejecutiva de la AIRD, al anunciar el Seminario \u00abConstruyendo el Futuro en Base a la Asociatividad\u00bb, explic\u00f3 que estos segmentos industriales vieron fortalecida su cultura exportadora y se contribuy\u00f3 a incrementar la asociatividad entre las empresas \u00abde modo que hoy estos cl\u00fasteres son una realidad y constituyen ejemplos a seguir en otros segmentos, como ya hemos anunciado para los segmentos de papel, cart\u00f3n e industria gr\u00e1fica; pastas y galletas alimenticias; y jabones y detergentes\u00bb<\/span><\/p>\n<p><span class=\"text1noticias\"> <\/span><\/p>\n<p><span class=\"text1noticias\">Alm\u00e1nzar inform\u00f3 que el seminario contar\u00e1 con la presencia  de Fiora Montealegre Porter, representante del BID en Rep\u00fablica Dominicana, as\u00ed como del Ministro de Industria y Comercio, Jos\u00e9 del Castillo Savi\u00f1\u00f3n y el director del Consejo Nacional de Competitividad (CNC), Andr\u00e9s van der Horst. Adem\u00e1s, un representante de cada cl\u00faster participar\u00e1 en un panel para exponer logros y desaf\u00edos en torno a los mismos.<\/span><\/p>\n<p><span class=\"text1noticias\"> <\/span><\/p>\n<p><span class=\"text1noticias\">\u00abLa prensa podr\u00e1 contar con mucha informaci\u00f3n sobre la realidad de estos segmentos organizados en cl\u00faster, los aciertos, los desaf\u00edos, as\u00ed como las perspectivas\u00bb, asegur\u00f3 Alm\u00e1nzar.<\/span><\/p>\n<p><span class=\"text1noticias\"> <\/span><\/p>\n<p><span class=\"text1noticias\">Tambi\u00e9n ser\u00e1n expositores Ligia Bonetti, presidente de la AIRD, as\u00ed como Juan Mej\u00eda, consultor internacional experto en temas de industrializaci\u00f3n y competitividad y Gabriel Schneider, responsable de la evaluaci\u00f3n del proyecto.<\/span><\/p>\n<p><span class=\"text1noticias\"> <\/span><\/p>\n<p><span class=\"text1noticias\">La actividad se llevar\u00e1 a cabo a partir de las 8:30 a.m.,  en el Garden Tent, del Hotel Embajador.<\/span><\/p>\n<\/p>\n<\/p>\n<\/p>\n<h6> 2013-10-05 23:30:47 <\/h6>\n<p><!--\n<link rel=\"stylesheet\" href=\"css\/bootstrap.min.css\">\n\n\n<ul class=\"pagination\">\n\t    \n\t\n\n<li >\n\t<a href='?page_no=14706'>Previous<\/a>\n\t<\/li>\n\n\n       \n    \n\n<li><a href='?page_no=1'>1<\/a><\/li>\n\n\n\n<li><a href='?page_no=2'>2<\/a><\/li>\n\n\n\n<li><a>...<\/a><\/li>\n\n\n\n<li><a href='?page_no=14705'>14705<\/a><\/li>\n\n\n\n<li><a href='?page_no=14706'>14706<\/a><\/li>\n\n\n\n<li class='active'><a>14707<\/a><\/li>\n\n\n\n<li><a href='?page_no=14708'>14708<\/a><\/li>\n\n\n\n<li><a href='?page_no=14709'>14709<\/a><\/li>\n\n\n\n<li><a>...<\/a><\/li>\n\n\n\n<li><a href='?page_no=30472'>30472<\/a><\/li>\n\n\n\n<li><a href='?page_no=30473'>30473<\/a><\/li>\n\n    \n\t\n\n<li >\n\t<a href='?page_no=14708'>Next<\/a>\n\t<\/li>\n\n\n    \n\n<li><a href='?page_no=30473'>Last &rsaquo;&rsaquo;<\/a><\/li>\n\n<\/ul>\n\n\n--><br \/>\n<\/body><\/p>\n","protected":false},"excerpt":{"rendered":"<p>SANTO DOMINGO, RD, 5 de Octubre.- La Asociaci\u00f3n de Industrias de la Rep\u00fablica Dominicana (AIRD) presentar\u00e1 ma\u00f1ana, martes, los resultados del Programa de Innovaci\u00f3n Industrial, compitiendo en Rapidez y Flexibilidad, que benefici\u00f3 a un conjunto de empresas del \u00e1rea de pl\u00e1sticos, productos de belleza y cacao, organizadas en cl\u00fasteres. Circe Alm\u00e1nzar, vicepresidenta ejecutiva de la [&hellip;]<\/p>\n","protected":false},"author":3,"featured_media":0,"comment_status":"open","ping_status":"open","sticky":false,"template":"","format":"standard","meta":{"footnotes":""},"categories":[18],"tags":[],"class_list":["post-99228","post","type-post","status-publish","format-standard","hentry","category-economia"],"_links":{"self":[{"href":"https:\/\/diariodominicano.com\/index.php?rest_route=\/wp\/v2\/posts\/99228","targetHints":{"allow":["GET"]}}],"collection":[{"href":"https:\/\/diariodominicano.com\/index.php?rest_route=\/wp\/v2\/posts"}],"about":[{"href":"https:\/\/diariodominicano.com\/index.php?rest_route=\/wp\/v2\/types\/post"}],"author":[{"embeddable":true,"href":"https:\/\/diariodominicano.com\/index.php?rest_route=\/wp\/v2\/users\/3"}],"replies":[{"embeddable":true,"href":"https:\/\/diariodominicano.com\/index.php?rest_route=%2Fwp%2Fv2%2Fcomments&post=99228"}],"version-history":[{"count":0,"href":"https:\/\/diariodominicano.com\/index.php?rest_route=\/wp\/v2\/posts\/99228\/revisions"}],"wp:attachment":[{"href":"https:\/\/diariodominicano.com\/index.php?rest_route=%2Fwp%2Fv2%2Fmedia&parent=99228"}],"wp:term":[{"taxonomy":"category","embeddable":true,"href":"https:\/\/diariodominicano.com\/index.php?rest_route=%2Fwp%2Fv2%2Fcategories&post=99228"},{"taxonomy":"post_tag","embeddable":true,"href":"https:\/\/diariodominicano.com\/index.php?rest_route=%2Fwp%2Fv2%2Ftags&post=99228"}],"curies":[{"name":"wp","href":"https:\/\/api.w.org\/{rel}","templated":true}]}}