{"id":99227,"date":"2013-10-06T12:11:05","date_gmt":"2013-10-06T12:11:05","guid":{"rendered":"http:\/\/diariodominicano.ddns.net\/?p=99227"},"modified":"2013-10-06T12:11:05","modified_gmt":"2013-10-06T12:11:05","slug":"el-presidente-de-la-camara-de-comercio-y-produccion-de-santo-domingo-dice-pese-austeridad-gasto-corriente-se-ha-disparado","status":"publish","type":"post","link":"https:\/\/diariodominicano.com\/?p=99227","title":{"rendered":"&#13;El presidente de la C\u00e1mara de Comercio y Producci\u00f3n de Santo Domingo dice pese austeridad gasto corriente se ha disparado"},"content":{"rendered":"<p><body><\/p>\n<p><img decoding=\"async\" src=\"img3\/empresario.jpg\" \/>  <\/p>\n<p><span class=\"text1noticias\">Santo Domingo, RD, 6 de Octubre.-El presidente de la C\u00e1mara de Comercio y Producci\u00f3n de Santo Domingo, Pedro P\u00e9rez Gonz\u00e1lez  dijo  que la pol\u00edtica de austeridad puesta en marcha por el gobierno para nada se ha sentido en el gasto corriente, el cual se ha incrementado considerablemente.<\/span><\/p>\n<\/p>\n<p><span class=\"text1noticias\">Sostuvo  que por el contrario el que si se ha desplomado es el gasto de capital el cual  tuvo una ca\u00edda en el primer semestre de 52 por ciento con respeto al mismo periodo del pasado a\u00f1o.<\/span><\/p>\n<p><span class=\"text1noticias\">P\u00e9rez Gonz\u00e1lez explic\u00f3 que para los primeros seis meses del a\u00f1o en curso, del gasto total, el de capital apenas alcanz\u00f3 un 18 por ciento.<\/span><\/p>\n<\/p>\n<p><span class=\"text1noticias\">Entrevistado por H\u00e9ctor Herrera Cabral en el programa D\u00b4AGENDA que cada domingo se difunde por Telesistema Canal 11, el presidente de la C\u00e1mara de Comercio y Producci\u00f3n de Santo Domingo se\u00f1al\u00f3 que en ese mismo periodo el gasto corriente alcanz\u00f3 el 82 por ciento.<\/span><\/p>\n<\/p>\n<p><span class=\"text1noticias\">Dijo que esa ca\u00edda del gasto de capital coincidi\u00f3 con una disminuci\u00f3n del consumo y una ca\u00edda del sector comercio que experiment\u00f3 una baja del 3 \u00f3 el 4 por ciento con respeto al 2012.<\/span><\/p>\n<\/p>\n<p><span class=\"text1noticias\">\u00abLo que se puede ver es que la austeridad que ha dispuesto el Gobierno no se ha reflejado en el gasto corriente, el cual se ha incrementado, y por el contrario lo que si se ha sentido es una dr\u00e1stica disminuci\u00f3n del gasto de capital\u00bb. <\/span><\/p>\n<\/p>\n<p><span class=\"text1noticias\">El dirigente empresarial record\u00f3 que el gasto de capital es el que dinamiza las actividades econ\u00f3micas, generando empleos y provocando un c\u00edrculo virtuoso en la econom\u00eda.<\/span><\/p>\n<\/p>\n<p><span class=\"text1noticias\">Mostr\u00f3 su preocupaci\u00f3n por el hecho de que m\u00e1s de 189 mil millones de pesos del presupuesto del pr\u00f3ximo a\u00f1o provendr\u00e1n de fuentes externas, principalmente a trav\u00e9s del endeudamiento.<\/span><\/p>\n<\/p>\n<p><span class=\"text1noticias\">Advirti\u00f3 que el pa\u00eds no se puede seguir endeudando para destinarlo a gastos corrientes, y sugiri\u00f3 que en caso de que se recurra a pr\u00e9stamos internacionales los recursos sean asignados a inversiones productivas.<\/span><\/p>\n<\/p>\n<p><span class=\"text1noticias\"> <\/span><\/p>\n<p><span class=\"text1noticias\"><strong>Rechaza aumento de ITBIS a productos de consumo masivo<\/strong><\/span><\/p>\n<\/p>\n<p><span class=\"text1noticias\"> Pedro P\u00e9rez Gonz\u00e1lez rechaz\u00f3 la iniciativa del Gobierno de incrementar el Impuesto a la Transferencia de Bienes Industrializados y Servicios a productos de consumo masivo de la poblaci\u00f3n.<\/span><\/p>\n<\/p>\n<p><span class=\"text1noticias\">El presidente de la C\u00e1mara de Comercio y Producci\u00f3n de Santo Domingo se refiri\u00f3 al anuncio de que en el presupuesto del pr\u00f3ximo a\u00f1o se contempla incrementar el ITBIS de un ocho a un 11 por ciento a los precios del az\u00facar, caf\u00e9, aceite y chocolate.<\/span><\/p>\n<\/p>\n<p><span class=\"text1noticias\">P\u00e9rez Gonz\u00e1lez advirti\u00f3 que ni la econom\u00eda ni la poblaci\u00f3n est\u00e1n en capacidad de soportar nuevas cargas impositivas.<\/span><\/p>\n<\/p>\n<p><span class=\"text1noticias\">Record\u00f3 que como consecuencias de la m\u00e1s reciente reforma fiscal, las actividades econ\u00f3micas y comerciales del pa\u00eds se han visto resentidas.<\/span><\/p>\n<\/p>\n<p><span class=\"text1noticias\">En otro orden, el dirigente empresarial mostr\u00f3 su preocupaci\u00f3n por el cese de las operaciones de la empresa minera Falcondo.<\/span><\/p>\n<\/p>\n<p><span class=\"text1noticias\">Dijo que la situaci\u00f3n es m\u00e1s preocupante a\u00fan debido a que el  cierre supone la eliminaci\u00f3n de m\u00e1s de mil puestos de empleos directos y formales en las provincias del Cibao Central.<\/span><\/p>\n<\/p>\n<p><span class=\"text1noticias\">Consider\u00f3 que el pa\u00eds no se puede dar el lujo de perder una gran cantidad de empleos en momento en que la tasa de desocupaci\u00f3n est\u00e1 tan alta.(HG)<\/span>.<\/p>\n<\/p>\n<\/p>\n<h6> 2013-10-06 12:11:05 <\/h6>\n<p><!--\n<link rel=\"stylesheet\" href=\"css\/bootstrap.min.css\">\n\n\n<ul class=\"pagination\">\n\t    \n\t\n\n<li >\n\t<a href='?page_no=14705'>Previous<\/a>\n\t<\/li>\n\n\n       \n    \n\n<li><a href='?page_no=1'>1<\/a><\/li>\n\n\n\n<li><a href='?page_no=2'>2<\/a><\/li>\n\n\n\n<li><a>...<\/a><\/li>\n\n\n\n<li><a href='?page_no=14704'>14704<\/a><\/li>\n\n\n\n<li><a href='?page_no=14705'>14705<\/a><\/li>\n\n\n\n<li class='active'><a>14706<\/a><\/li>\n\n\n\n<li><a href='?page_no=14707'>14707<\/a><\/li>\n\n\n\n<li><a href='?page_no=14708'>14708<\/a><\/li>\n\n\n\n<li><a>...<\/a><\/li>\n\n\n\n<li><a href='?page_no=30472'>30472<\/a><\/li>\n\n\n\n<li><a href='?page_no=30473'>30473<\/a><\/li>\n\n    \n\t\n\n<li >\n\t<a href='?page_no=14707'>Next<\/a>\n\t<\/li>\n\n\n    \n\n<li><a href='?page_no=30473'>Last &rsaquo;&rsaquo;<\/a><\/li>\n\n<\/ul>\n\n\n--><br \/>\n<\/body><\/p>\n","protected":false},"excerpt":{"rendered":"<p>Santo Domingo, RD, 6 de Octubre.-El presidente de la C\u00e1mara de Comercio y Producci\u00f3n de Santo Domingo, Pedro P\u00e9rez Gonz\u00e1lez dijo que la pol\u00edtica de austeridad puesta en marcha por el gobierno para nada se ha sentido en el gasto corriente, el cual se ha incrementado considerablemente. Sostuvo que por el contrario el que si [&hellip;]<\/p>\n","protected":false},"author":3,"featured_media":0,"comment_status":"open","ping_status":"open","sticky":false,"template":"","format":"standard","meta":{"footnotes":""},"categories":[18],"tags":[],"class_list":["post-99227","post","type-post","status-publish","format-standard","hentry","category-economia"],"_links":{"self":[{"href":"https:\/\/diariodominicano.com\/index.php?rest_route=\/wp\/v2\/posts\/99227","targetHints":{"allow":["GET"]}}],"collection":[{"href":"https:\/\/diariodominicano.com\/index.php?rest_route=\/wp\/v2\/posts"}],"about":[{"href":"https:\/\/diariodominicano.com\/index.php?rest_route=\/wp\/v2\/types\/post"}],"author":[{"embeddable":true,"href":"https:\/\/diariodominicano.com\/index.php?rest_route=\/wp\/v2\/users\/3"}],"replies":[{"embeddable":true,"href":"https:\/\/diariodominicano.com\/index.php?rest_route=%2Fwp%2Fv2%2Fcomments&post=99227"}],"version-history":[{"count":0,"href":"https:\/\/diariodominicano.com\/index.php?rest_route=\/wp\/v2\/posts\/99227\/revisions"}],"wp:attachment":[{"href":"https:\/\/diariodominicano.com\/index.php?rest_route=%2Fwp%2Fv2%2Fmedia&parent=99227"}],"wp:term":[{"taxonomy":"category","embeddable":true,"href":"https:\/\/diariodominicano.com\/index.php?rest_route=%2Fwp%2Fv2%2Fcategories&post=99227"},{"taxonomy":"post_tag","embeddable":true,"href":"https:\/\/diariodominicano.com\/index.php?rest_route=%2Fwp%2Fv2%2Ftags&post=99227"}],"curies":[{"name":"wp","href":"https:\/\/api.w.org\/{rel}","templated":true}]}}