{"id":99224,"date":"2013-10-07T18:00:08","date_gmt":"2013-10-07T18:00:08","guid":{"rendered":"http:\/\/diariodominicano.ddns.net\/?p=99224"},"modified":"2013-10-07T18:00:08","modified_gmt":"2013-10-07T18:00:08","slug":"ejecutivos-de-falcondo-visitan-palacio-nacional","status":"publish","type":"post","link":"https:\/\/diariodominicano.com\/?p=99224","title":{"rendered":"&#13;Ejecutivos de Falcondo visitan Palacio Nacional&#13;"},"content":{"rendered":"<p><body><\/p>\n<\/p>\n<p>Santo Domingo, RD, 7 de octubre.- El presidente Danilo Medina recibi\u00f3 en su despacho a los principales ejecutivos de la empresa minera Falconbridge Dominicana (Falcondo), quienes aseguraron que se esforzar\u00e1n para que el cese de operaciones sea el menor posible.<\/p>\n<\/p>\n<p>Del mismo modo, manifestaron su inter\u00e9s de que la relaci\u00f3n que han mantenido por 40 a\u00f1os trabajando de la mano con el Estado dominicano contin\u00fae por muchos a\u00f1os m\u00e1s.<\/p>\n<\/p>\n<p>\u00abFalcondo har\u00e1 todos los esfuerzos para que el tiempo que perdure la parada sea el menor posible y de esa manera contribuir al desarrollo del pa\u00eds y del pueblo de Bonao\u00bb, afirm\u00f3 Darren Bowden, presidente de la empresa minera, en declaraciones ofrecidas luego del encuentro con el Primer Mandatario, en el sal\u00f3n Orlando Mart\u00ednez del Palacio Nacional.<\/p>\n<\/p>\n<p>En la visita de cortes\u00eda al Jefe del Estado tambi\u00e9n particip\u00f3 el senador de la provincia Monse\u00f1or Nouel.<\/p>\n<\/p>\n<p>El legislador manifest\u00f3 su preocupaci\u00f3n por la situaci\u00f3n, la cual ?asegur\u00f3- es compartida por el Presidente Danilo Medina.<\/p>\n<\/p>\n<p>\u00abEl presidente se mostr\u00f3 muy interesado en hacer todo lo posible por auxiliar a esas familias\u00bb, precis\u00f3 F\u00e9lix Nova, tras reconocer la sensibilidad que caracteriza al Primer Mandatario y afirmar que lo que desea es que no se pierdan empleos, sino proteger a los ciudadanos, al comercio y a las empresas.<\/p>\n<\/p>\n<p>Junto al presidente de Falcondo estuvieron adem\u00e1s David Soares, CFO de la minera; Alain Astacio, encargado de Responsabilidad Social y Arelis Rodr\u00edguez, directora ejecutiva de la Fundaci\u00f3n Falcondo.<\/p>\n<\/p>\n<p>Durante el encuentro, que se extendi\u00f3 por m\u00e1s de una hora, el presidente Danilo Medina estuvo acompa\u00f1ado por el Ministro Administrativo de la Presidencia, Jos\u00e9 Ram\u00f3n Peralta<\/p>\n<h6> 2013-10-07 18:00:08 <\/h6>\n<p><!--\n<link rel=\"stylesheet\" href=\"css\/bootstrap.min.css\">\n\n\n<ul class=\"pagination\">\n\t    \n\t\n\n<li >\n\t<a href='?page_no=14702'>Previous<\/a>\n\t<\/li>\n\n\n       \n    \n\n<li><a href='?page_no=1'>1<\/a><\/li>\n\n\n\n<li><a href='?page_no=2'>2<\/a><\/li>\n\n\n\n<li><a>...<\/a><\/li>\n\n\n\n<li><a href='?page_no=14701'>14701<\/a><\/li>\n\n\n\n<li><a href='?page_no=14702'>14702<\/a><\/li>\n\n\n\n<li class='active'><a>14703<\/a><\/li>\n\n\n\n<li><a href='?page_no=14704'>14704<\/a><\/li>\n\n\n\n<li><a href='?page_no=14705'>14705<\/a><\/li>\n\n\n\n<li><a>...<\/a><\/li>\n\n\n\n<li><a href='?page_no=30472'>30472<\/a><\/li>\n\n\n\n<li><a href='?page_no=30473'>30473<\/a><\/li>\n\n    \n\t\n\n<li >\n\t<a href='?page_no=14704'>Next<\/a>\n\t<\/li>\n\n\n    \n\n<li><a href='?page_no=30473'>Last &rsaquo;&rsaquo;<\/a><\/li>\n\n<\/ul>\n\n\n--><br \/>\n<\/body><\/p>\n","protected":false},"excerpt":{"rendered":"<p>Santo Domingo, RD, 7 de octubre.- El presidente Danilo Medina recibi\u00f3 en su despacho a los principales ejecutivos de la empresa minera Falconbridge Dominicana (Falcondo), quienes aseguraron que se esforzar\u00e1n para que el cese de operaciones sea el menor posible. Del mismo modo, manifestaron su inter\u00e9s de que la relaci\u00f3n que han mantenido por 40 [&hellip;]<\/p>\n","protected":false},"author":3,"featured_media":0,"comment_status":"open","ping_status":"open","sticky":false,"template":"","format":"standard","meta":{"footnotes":""},"categories":[18],"tags":[],"class_list":["post-99224","post","type-post","status-publish","format-standard","hentry","category-economia"],"_links":{"self":[{"href":"https:\/\/diariodominicano.com\/index.php?rest_route=\/wp\/v2\/posts\/99224","targetHints":{"allow":["GET"]}}],"collection":[{"href":"https:\/\/diariodominicano.com\/index.php?rest_route=\/wp\/v2\/posts"}],"about":[{"href":"https:\/\/diariodominicano.com\/index.php?rest_route=\/wp\/v2\/types\/post"}],"author":[{"embeddable":true,"href":"https:\/\/diariodominicano.com\/index.php?rest_route=\/wp\/v2\/users\/3"}],"replies":[{"embeddable":true,"href":"https:\/\/diariodominicano.com\/index.php?rest_route=%2Fwp%2Fv2%2Fcomments&post=99224"}],"version-history":[{"count":0,"href":"https:\/\/diariodominicano.com\/index.php?rest_route=\/wp\/v2\/posts\/99224\/revisions"}],"wp:attachment":[{"href":"https:\/\/diariodominicano.com\/index.php?rest_route=%2Fwp%2Fv2%2Fmedia&parent=99224"}],"wp:term":[{"taxonomy":"category","embeddable":true,"href":"https:\/\/diariodominicano.com\/index.php?rest_route=%2Fwp%2Fv2%2Fcategories&post=99224"},{"taxonomy":"post_tag","embeddable":true,"href":"https:\/\/diariodominicano.com\/index.php?rest_route=%2Fwp%2Fv2%2Ftags&post=99224"}],"curies":[{"name":"wp","href":"https:\/\/api.w.org\/{rel}","templated":true}]}}