{"id":99223,"date":"2013-10-07T18:34:20","date_gmt":"2013-10-07T18:34:20","guid":{"rendered":"http:\/\/diariodominicano.ddns.net\/?p=99223"},"modified":"2013-10-07T18:34:20","modified_gmt":"2013-10-07T18:34:20","slug":"camara-dominico-suiza-presenta-dialogo-sobre-el-mercado-de-capitales-en-republica-dominicana","status":"publish","type":"post","link":"https:\/\/diariodominicano.com\/?p=99223","title":{"rendered":"&#13;&#13;C\u00e1mara Dominico-Suiza presenta di\u00e1logo sobre el Mercado de Capitales en Rep\u00fablica Dominicana"},"content":{"rendered":"<p><body><\/p>\n<p><span class=\"text1noticias\"> <\/span><\/p>\n<p><span class=\"text1noticias\">Santo Domingo, RD, 7  de octubre.- Con el objetivo de orientar a sus miembros, as\u00ed como a la comunidad empresarial del pa\u00eds, la C\u00e1mara de Comercio y Turismo Dom\u00ednico-Suiza estar\u00e1 tratando el tema del mercado de capitales.<\/span><\/p>\n<\/p>\n<p><span class=\"text1noticias\">La entidad ha organizado un almuerzo-conferencia denominado \u00abEl mercado de capitales en la Rep\u00fablica Dominicana\u00bb, el cual contar\u00e1 con las ponencias de los expertos Javier Guerrero, Vicepresidente de Tesorer\u00eda del Banco del Progreso y Ram\u00f3n Hasbun, Tesorero del Citibank en el pa\u00eds.<\/span><\/p>\n<\/p>\n<p><span class=\"text1noticias\">La actividad se llevar\u00e1 a cabo el mi\u00e9rcoles 9 de octubre en el Sal\u00f3n A del Hotel Hilton y tiene un costo de tres mil pesos, as\u00ed como un descuento de 10% para los socios de la C\u00e1mara.<\/span><\/p>\n<\/p>\n<p><span class=\"text1noticias\">La CCTDS cuenta con los patrocinadores oficiales CardNet, el \u00abIndependent Financial Centre of the Am\u00e9ricas\u00bb, WRV &amp;Co, Plantaciones del Norte, Panalpina y el Banco del Progreso.<\/span><\/p>\n<\/p>\n<p><span class=\"text1noticias\">Mark Silverman, Presidente de la C\u00e1mara Dom\u00ednico-Suiza, expres\u00f3 que con esta actividad esperan ampliar el conocimiento de los empresarios que participen para que conozcan mejor los mecanismos y facilidades de inversi\u00f3n y financiamiento que ofrece el mercado de capitales dominicano, como forma de que puedan aprovechar las ventajas del mismo.<\/span><\/p>\n<p><span class=\"text1noticias\"> <\/span><\/p>\n<p><span class=\"text1noticias\">Acerca de la CCTDS<\/span><\/p>\n<\/p>\n<p><span class=\"text1noticias\">La C\u00e1mara de Comercio y Turismo Dominico-Suiza, Inc. fue fundada por un peque\u00f1o grupo de suizos residentes en la Rep\u00fablica Dominicana en 1999 y es una entidad de derecho privado de car\u00e1cter gremial, sin \u00e1nimo de lucro que desarrolla y apoya programas y proyectos de fomento, promoci\u00f3n e inversi\u00f3n en beneficio del comercio, la industria y el turismo entre ambas naciones. Para m\u00e1s informaci\u00f3n visite: www.camaradominicosuiza.org<\/span><\/p>\n<\/p>\n<h6> 2013-10-07 18:34:20 <\/h6>\n<p><!--\n<link rel=\"stylesheet\" href=\"css\/bootstrap.min.css\">\n\n\n<ul class=\"pagination\">\n\t    \n\t\n\n<li >\n\t<a href='?page_no=14701'>Previous<\/a>\n\t<\/li>\n\n\n       \n    \n\n<li><a href='?page_no=1'>1<\/a><\/li>\n\n\n\n<li><a href='?page_no=2'>2<\/a><\/li>\n\n\n\n<li><a>...<\/a><\/li>\n\n\n\n<li><a href='?page_no=14700'>14700<\/a><\/li>\n\n\n\n<li><a href='?page_no=14701'>14701<\/a><\/li>\n\n\n\n<li class='active'><a>14702<\/a><\/li>\n\n\n\n<li><a href='?page_no=14703'>14703<\/a><\/li>\n\n\n\n<li><a href='?page_no=14704'>14704<\/a><\/li>\n\n\n\n<li><a>...<\/a><\/li>\n\n\n\n<li><a href='?page_no=30472'>30472<\/a><\/li>\n\n\n\n<li><a href='?page_no=30473'>30473<\/a><\/li>\n\n    \n\t\n\n<li >\n\t<a href='?page_no=14703'>Next<\/a>\n\t<\/li>\n\n\n    \n\n<li><a href='?page_no=30473'>Last &rsaquo;&rsaquo;<\/a><\/li>\n\n<\/ul>\n\n\n--><br \/>\n<\/body><\/p>\n","protected":false},"excerpt":{"rendered":"<p>Santo Domingo, RD, 7 de octubre.- Con el objetivo de orientar a sus miembros, as\u00ed como a la comunidad empresarial del pa\u00eds, la C\u00e1mara de Comercio y Turismo Dom\u00ednico-Suiza estar\u00e1 tratando el tema del mercado de capitales. La entidad ha organizado un almuerzo-conferencia denominado \u00abEl mercado de capitales en la Rep\u00fablica Dominicana\u00bb, el cual contar\u00e1 [&hellip;]<\/p>\n","protected":false},"author":3,"featured_media":0,"comment_status":"open","ping_status":"open","sticky":false,"template":"","format":"standard","meta":{"footnotes":""},"categories":[18],"tags":[],"class_list":["post-99223","post","type-post","status-publish","format-standard","hentry","category-economia"],"_links":{"self":[{"href":"https:\/\/diariodominicano.com\/index.php?rest_route=\/wp\/v2\/posts\/99223","targetHints":{"allow":["GET"]}}],"collection":[{"href":"https:\/\/diariodominicano.com\/index.php?rest_route=\/wp\/v2\/posts"}],"about":[{"href":"https:\/\/diariodominicano.com\/index.php?rest_route=\/wp\/v2\/types\/post"}],"author":[{"embeddable":true,"href":"https:\/\/diariodominicano.com\/index.php?rest_route=\/wp\/v2\/users\/3"}],"replies":[{"embeddable":true,"href":"https:\/\/diariodominicano.com\/index.php?rest_route=%2Fwp%2Fv2%2Fcomments&post=99223"}],"version-history":[{"count":0,"href":"https:\/\/diariodominicano.com\/index.php?rest_route=\/wp\/v2\/posts\/99223\/revisions"}],"wp:attachment":[{"href":"https:\/\/diariodominicano.com\/index.php?rest_route=%2Fwp%2Fv2%2Fmedia&parent=99223"}],"wp:term":[{"taxonomy":"category","embeddable":true,"href":"https:\/\/diariodominicano.com\/index.php?rest_route=%2Fwp%2Fv2%2Fcategories&post=99223"},{"taxonomy":"post_tag","embeddable":true,"href":"https:\/\/diariodominicano.com\/index.php?rest_route=%2Fwp%2Fv2%2Ftags&post=99223"}],"curies":[{"name":"wp","href":"https:\/\/api.w.org\/{rel}","templated":true}]}}