{"id":99221,"date":"2013-10-07T18:54:38","date_gmt":"2013-10-07T18:54:38","guid":{"rendered":"http:\/\/diariodominicano.ddns.net\/?p=99221"},"modified":"2013-10-07T18:54:38","modified_gmt":"2013-10-07T18:54:38","slug":"codopyme-afirma-que-altos-costos-para-registro-impiden-que-pequenas-y-medianas-empresas-se-organicen","status":"publish","type":"post","link":"https:\/\/diariodominicano.com\/?p=99221","title":{"rendered":"CODOPYME afirma que altos costos para registro impiden que peque\u00f1as y medianas empresas se organicen"},"content":{"rendered":"<p><body><\/p>\n<p><img decoding=\"async\" src=\"img3\/chen.jpg\" \/>  <\/p>\n<p><span class=\"text1noticias\">Santo Domingo, RD, 7 de Octubre.-El presidente de la Confederaci\u00f3n Dominicana de la Peque\u00f1a y Medina Empresa , CODOPYME, Yuri Chez, asegur\u00f3 que el numero de peque\u00f1as y medianas empresas no ha aumentado en el pa\u00eds, como el gobierno ha querido, debido a los altos costos que se tienen que pagar para su regularizaci\u00f3n.<\/span><\/p>\n<\/p>\n<p><span class=\"text1noticias\">Al participar en la entrevista central del programa Agenda Semanal que produce el periodista Balbueno Medina  todos los s\u00e1bados a las 12 del mediod\u00eda, por Santo Domingo TV, canales 69 de UHF y 24 de los sistemas nacional de cable, el dirigente empresarial se\u00f1alo que para constituir una peque\u00f1a o mediana empresa  que podr\u00eda tener un capital de 100 mil  pesos se necesitar\u00edan unos 25 mil pesos para constituirla , raz\u00f3n por la cual la misma nacer\u00eda quebrada.<\/span><\/p>\n<\/p>\n<p><span class=\"text1noticias\">Yuri Chez, explic\u00f3 que por esa situaci\u00f3n el programa de regularizaci\u00f3n y normalizaci\u00f3n que el gobierno ha puesto en marcha de las Peque\u00f1as y Medianas Empresas no ha funcionado adecuadamente, porque se necesita romper con algunas trabas burocr\u00e1ticas que permitan al Peque\u00f1o y Mediano Empresario acceder a las facilidades que otorga el gobierno mediante las compras y contrataciones gubernamentales.<\/span><\/p>\n<\/p>\n<p><span class=\"text1noticias\">El presidente de CODOPYME, sostuvo que para que se produzca el verdadero relanzamiento del sector de la Peque\u00f1a y Medina Empresa en el pa\u00eds, se necesita que se corrija esa situaci\u00f3n en t\u00e9rminos de los elevados costos de constituci\u00f3n de esas empresas y se aprueben una serie de leyes y reglamentos que permitan una efectiva regulariuzaci\u00f3n de las mismas.<\/span><\/p>\n<\/p>\n<p><span class=\"text1noticias\">Chez, explic\u00f3 que otros de los factores que ha incidido en que no se haya incrementado el numero de las Peque\u00f1as y Medinas Empresas en el mercado formal, ha sido debido a que ha sido ahora, hace pocos dias en que ese sector de la econom\u00eda nacional comenz\u00f3 a ser tomado en cuenta en las contrataciones y licitaciones publicas por parte de las instituciones del Estado.<\/span><\/p>\n<\/p>\n<p><span class=\"text1noticias\">El dirigente empresarial,subray\u00f3 que muchas Peque\u00f1as y Medianas Empresas se han formalizado con las facilidades que ha dado el gobierno, pero no en las medidas en que esperaban las autoridades y los dirigentes de la Confederaci\u00f3n Dominicana de la Peque\u00f1a y Medina Empresa , CODOPYME.(HG)<\/span>.<\/p>\n<\/p>\n<h6> 2013-10-07 18:54:38 <\/h6>\n<p><!--\n<link rel=\"stylesheet\" href=\"css\/bootstrap.min.css\">\n\n\n<ul class=\"pagination\">\n\t    \n\t\n\n<li >\n\t<a href='?page_no=14699'>Previous<\/a>\n\t<\/li>\n\n\n       \n    \n\n<li><a href='?page_no=1'>1<\/a><\/li>\n\n\n\n<li><a href='?page_no=2'>2<\/a><\/li>\n\n\n\n<li><a>...<\/a><\/li>\n\n\n\n<li><a href='?page_no=14698'>14698<\/a><\/li>\n\n\n\n<li><a href='?page_no=14699'>14699<\/a><\/li>\n\n\n\n<li class='active'><a>14700<\/a><\/li>\n\n\n\n<li><a href='?page_no=14701'>14701<\/a><\/li>\n\n\n\n<li><a href='?page_no=14702'>14702<\/a><\/li>\n\n\n\n<li><a>...<\/a><\/li>\n\n\n\n<li><a href='?page_no=30472'>30472<\/a><\/li>\n\n\n\n<li><a href='?page_no=30473'>30473<\/a><\/li>\n\n    \n\t\n\n<li >\n\t<a href='?page_no=14701'>Next<\/a>\n\t<\/li>\n\n\n    \n\n<li><a href='?page_no=30473'>Last &rsaquo;&rsaquo;<\/a><\/li>\n\n<\/ul>\n\n\n--><br \/>\n<\/body><\/p>\n","protected":false},"excerpt":{"rendered":"<p>Santo Domingo, RD, 7 de Octubre.-El presidente de la Confederaci\u00f3n Dominicana de la Peque\u00f1a y Medina Empresa , CODOPYME, Yuri Chez, asegur\u00f3 que el numero de peque\u00f1as y medianas empresas no ha aumentado en el pa\u00eds, como el gobierno ha querido, debido a los altos costos que se tienen que pagar para su regularizaci\u00f3n. Al [&hellip;]<\/p>\n","protected":false},"author":3,"featured_media":0,"comment_status":"open","ping_status":"open","sticky":false,"template":"","format":"standard","meta":{"footnotes":""},"categories":[18],"tags":[],"class_list":["post-99221","post","type-post","status-publish","format-standard","hentry","category-economia"],"_links":{"self":[{"href":"https:\/\/diariodominicano.com\/index.php?rest_route=\/wp\/v2\/posts\/99221","targetHints":{"allow":["GET"]}}],"collection":[{"href":"https:\/\/diariodominicano.com\/index.php?rest_route=\/wp\/v2\/posts"}],"about":[{"href":"https:\/\/diariodominicano.com\/index.php?rest_route=\/wp\/v2\/types\/post"}],"author":[{"embeddable":true,"href":"https:\/\/diariodominicano.com\/index.php?rest_route=\/wp\/v2\/users\/3"}],"replies":[{"embeddable":true,"href":"https:\/\/diariodominicano.com\/index.php?rest_route=%2Fwp%2Fv2%2Fcomments&post=99221"}],"version-history":[{"count":0,"href":"https:\/\/diariodominicano.com\/index.php?rest_route=\/wp\/v2\/posts\/99221\/revisions"}],"wp:attachment":[{"href":"https:\/\/diariodominicano.com\/index.php?rest_route=%2Fwp%2Fv2%2Fmedia&parent=99221"}],"wp:term":[{"taxonomy":"category","embeddable":true,"href":"https:\/\/diariodominicano.com\/index.php?rest_route=%2Fwp%2Fv2%2Fcategories&post=99221"},{"taxonomy":"post_tag","embeddable":true,"href":"https:\/\/diariodominicano.com\/index.php?rest_route=%2Fwp%2Fv2%2Ftags&post=99221"}],"curies":[{"name":"wp","href":"https:\/\/api.w.org\/{rel}","templated":true}]}}