{"id":99218,"date":"2013-10-07T19:05:39","date_gmt":"2013-10-07T19:05:39","guid":{"rendered":"http:\/\/diariodominicano.ddns.net\/?p=99218"},"modified":"2013-10-07T19:05:39","modified_gmt":"2013-10-07T19:05:39","slug":"agricultura-implementa-nuevo-modelo-del-servicio-de-extension-agropecuaria","status":"publish","type":"post","link":"https:\/\/diariodominicano.com\/?p=99218","title":{"rendered":"Agricultura implementa nuevo modelo del servicio de extensi\u00f3n agropecuaria"},"content":{"rendered":"<p><body><\/p>\n<p><img decoding=\"async\" src=\"img3\/platano.jpg\" \/>  <\/p>\n<p><span class=\"text1noticias\">Santo Domingo, RD, 7 de Octubre.-El ministro de Agricultura, Luis Ram\u00f3n Rodr\u00edguez, inform\u00f3 que esa cartera ejecutar\u00e1 en once provincias un  plan piloto de extensi\u00f3n agr\u00edcola,  con el objetivo de transformar la cultura productiva de los agricultores dominicanos.<\/span><\/p>\n<\/p>\n<p><span class=\"text1noticias\">Rodr\u00edguez dijo que el programa \u00abUnidad de servicio y desarrollo agropecuario\u00bb, cuenta con el auspicio de la Cooperaci\u00f3n Francesa y con la colaboraci\u00f3n t\u00e9cnica y econ\u00f3mica de la Organizaci\u00f3n de la Naciones Unidas para la Alimentaci\u00f3n y la Agricultura (FAO).<\/span><\/p>\n<\/p>\n<p><span class=\"text1noticias\">El funcionario apunt\u00f3 que  en estos momentos el problema b\u00e1sico de los productores es la falta de conocimientos y no de producci\u00f3n, por lo que se requiere modificar la cultura productiva de los agricultores. <\/span><\/p>\n<\/p>\n<p><span class=\"text1noticias\">\u00abSe ha hecho un redise\u00f1o de lo que es el sistema de asistencia t\u00e9cnica a los productores. Iniciamos en Azua, y luego nos iremos expandiendo por otras diez provincias, hasta cubrir todo el territorio\u00bb, expres\u00f3 el ministro de Agricultura. <\/span><\/p>\n<\/p>\n<p><span class=\"text1noticias\">Adelant\u00f3 que en una primera etapa se dar\u00e1 asistencia t\u00e9cnica directa a unos 600 agricultores, y se capacitar\u00e1 a dirigentes campesinos en el modelo asociativo, para que formen peque\u00f1as empresas productivas.<\/span><\/p>\n<\/p>\n<p><span class=\"text1noticias\">Explic\u00f3 que en  el  proyecto piloto iniciado en Azua est\u00e1n  involucrados 15 t\u00e9cnicos agr\u00edcolas, quienes fueron capacitados y entrenados para brindar una asistencia t\u00e9cnica directa y de buena calidad a los agricultores, y para que se conviertan en verdaderos agentes de desarrollo agropecuario.<\/span><\/p>\n<\/p>\n<p><span class=\"text1noticias\">El programa se implementa a trav\u00e9s del Departamento de Extensi\u00f3n, del Viceministerio de Extensi\u00f3n y Capacitaci\u00f3n, y se extender\u00e1 pr\u00f3ximamente a las  provincias San Juan, Barahona, Bahoruco,  Dajab\u00f3n, La Vega, San Jos\u00e9 de Ocoa, Peravia y Monte Plata.<\/span><\/p>\n<\/p>\n<p><span class=\"text1noticias\">\u00abQueremos que los agricultores cuenten con un servicio de asistencia t\u00e9cnica que promueva la innovaci\u00f3n, para transformar sus predios en fincas productivas que generen ingresos suficientes para su bienestar y el de su familia\u00bb, manifest\u00f3 Rodr\u00edguez.(HG)<\/span>.  <\/p>\n<h6> 2013-10-07 19:05:39 <\/h6>\n<p><!--\n<link rel=\"stylesheet\" href=\"css\/bootstrap.min.css\">\n\n\n<ul class=\"pagination\">\n\t    \n\t\n\n<li >\n\t<a href='?page_no=14698'>Previous<\/a>\n\t<\/li>\n\n\n       \n    \n\n<li><a href='?page_no=1'>1<\/a><\/li>\n\n\n\n<li><a href='?page_no=2'>2<\/a><\/li>\n\n\n\n<li><a>...<\/a><\/li>\n\n\n\n<li><a href='?page_no=14697'>14697<\/a><\/li>\n\n\n\n<li><a href='?page_no=14698'>14698<\/a><\/li>\n\n\n\n<li class='active'><a>14699<\/a><\/li>\n\n\n\n<li><a href='?page_no=14700'>14700<\/a><\/li>\n\n\n\n<li><a href='?page_no=14701'>14701<\/a><\/li>\n\n\n\n<li><a>...<\/a><\/li>\n\n\n\n<li><a href='?page_no=30472'>30472<\/a><\/li>\n\n\n\n<li><a href='?page_no=30473'>30473<\/a><\/li>\n\n    \n\t\n\n<li >\n\t<a href='?page_no=14700'>Next<\/a>\n\t<\/li>\n\n\n    \n\n<li><a href='?page_no=30473'>Last &rsaquo;&rsaquo;<\/a><\/li>\n\n<\/ul>\n\n\n--><br \/>\n<\/body><\/p>\n","protected":false},"excerpt":{"rendered":"<p>Santo Domingo, RD, 7 de Octubre.-El ministro de Agricultura, Luis Ram\u00f3n Rodr\u00edguez, inform\u00f3 que esa cartera ejecutar\u00e1 en once provincias un plan piloto de extensi\u00f3n agr\u00edcola, con el objetivo de transformar la cultura productiva de los agricultores dominicanos. Rodr\u00edguez dijo que el programa \u00abUnidad de servicio y desarrollo agropecuario\u00bb, cuenta con el auspicio de la [&hellip;]<\/p>\n","protected":false},"author":3,"featured_media":0,"comment_status":"open","ping_status":"open","sticky":false,"template":"","format":"standard","meta":{"footnotes":""},"categories":[18],"tags":[],"class_list":["post-99218","post","type-post","status-publish","format-standard","hentry","category-economia"],"_links":{"self":[{"href":"https:\/\/diariodominicano.com\/index.php?rest_route=\/wp\/v2\/posts\/99218","targetHints":{"allow":["GET"]}}],"collection":[{"href":"https:\/\/diariodominicano.com\/index.php?rest_route=\/wp\/v2\/posts"}],"about":[{"href":"https:\/\/diariodominicano.com\/index.php?rest_route=\/wp\/v2\/types\/post"}],"author":[{"embeddable":true,"href":"https:\/\/diariodominicano.com\/index.php?rest_route=\/wp\/v2\/users\/3"}],"replies":[{"embeddable":true,"href":"https:\/\/diariodominicano.com\/index.php?rest_route=%2Fwp%2Fv2%2Fcomments&post=99218"}],"version-history":[{"count":0,"href":"https:\/\/diariodominicano.com\/index.php?rest_route=\/wp\/v2\/posts\/99218\/revisions"}],"wp:attachment":[{"href":"https:\/\/diariodominicano.com\/index.php?rest_route=%2Fwp%2Fv2%2Fmedia&parent=99218"}],"wp:term":[{"taxonomy":"category","embeddable":true,"href":"https:\/\/diariodominicano.com\/index.php?rest_route=%2Fwp%2Fv2%2Fcategories&post=99218"},{"taxonomy":"post_tag","embeddable":true,"href":"https:\/\/diariodominicano.com\/index.php?rest_route=%2Fwp%2Fv2%2Ftags&post=99218"}],"curies":[{"name":"wp","href":"https:\/\/api.w.org\/{rel}","templated":true}]}}