{"id":99217,"date":"2013-10-07T19:38:13","date_gmt":"2013-10-07T19:38:13","guid":{"rendered":"http:\/\/diariodominicano.ddns.net\/?p=99217"},"modified":"2013-10-07T19:38:13","modified_gmt":"2013-10-07T19:38:13","slug":"digecoom-destinara-recursos-para-mejorar-produccion-de-uva-en-neyba-y-garantizar-calidad-del-vino-local","status":"publish","type":"post","link":"https:\/\/diariodominicano.com\/?p=99217","title":{"rendered":"DIGECOOM destinar\u00e1 recursos para mejorar producci\u00f3n de Uva en Neyba y garantizar calidad del Vino local"},"content":{"rendered":"<p><body><\/p>\n<p><img decoding=\"async\" src=\"http:\/\/localhost:8080\/economia\/img3\/Uva.jpg\" \/>  <\/p>\n<p><span class=\"text1noticias\">Santo Domingo, RD, 7 de Octubre.- La Direcci\u00f3n General de Cooperaci\u00f3n Multilateral (DIGECOOM) anunci\u00f3 su apoyo a la producci\u00f3n de Uva y a la industria vin\u00edcola de Neyba, provincia Bahoruco, en procura de mejorar la cantidad y calidad del producto, y garantizar a los productores mayor rentabilidad.<\/span><\/p>\n<\/p>\n<p><span class=\"text1noticias\">El ingeniero Antonio Vargas Hern\u00e1ndez, en compa\u00f1\u00eda del gobernador provincial, Luis Emilio Pe\u00f1a; el director  general de Desarrollo Provincial, Francisco del Valle y el director del instituto Nacional de la Uva, Mario P\u00e9rez, dijo que para garantizar una intervenci\u00f3n integral, propiciar\u00e1 la coordinaci\u00f3n correspondiente con las instancias oficiales de certificaci\u00f3n de la Calidad en el pa\u00eds. <\/span><\/p>\n<\/p>\n<p><span class=\"text1noticias\">Tras escuchar explicaciones sobre las etapas de siembra, producci\u00f3n y procesamiento de la bebida, afirm\u00f3 que gestionar\u00e1 los recursos necesarios para que esa industria sea dotada de infraestructura tecnol\u00f3gica de \u00faltima generaci\u00f3n, remozamiento de la estructura f\u00edsica del almac\u00e9n y del  laboratorio, as\u00ed la capacitaci\u00f3n t\u00e9cnica de los productores.<\/span><\/p>\n<\/p>\n<p><span class=\"text1noticias\">Destac\u00f3 que  la DIGECOOM contratar\u00eda a un especialista para que previamente realice un estudio de factibilidad a los fines de conocer la realidad del proyecto y proceder en consecuencia con la inversi\u00f3n necesaria.<\/span><\/p>\n<\/p>\n<p><span class=\"text1noticias\">      \u00abLa idea es dotar de equipos modernos que mejoren la calidad de la producci\u00f3n y establecer un sistema de control de calidad para explorar la introducci\u00f3n del vino local a los mercados internacionales\u00bb, sostuvo.<\/span><\/p>\n<\/p>\n<p><span class=\"text1noticias\">      El funcionario visit\u00f3 a Bahoruco en el marco de la presentaci\u00f3n y socializaci\u00f3n con los alcaldes y alcaldesas; regidores y representantes barriales y comunitarios, del Programa de Apoyo a las Autoridades Locales y la Sociedad Civil (PASCAL).<\/span><\/p>\n<\/p>\n<p><span class=\"text1noticias\">       El Programa ser\u00e1 implementado en forma piloto en cuarenta ayuntamientos del pa\u00eds a trav\u00e9s del Ministerio de Administraci\u00f3n P\u00fablica, con una inversi\u00f3n de 15.6 millones de euros, cooperaci\u00f3n no reembolsable de la Uni\u00f3n Europea. <\/span><\/p>\n<\/p>\n<p><span class=\"text1noticias\">      El recorrido por la regi\u00f3n Enriquillo, tambi\u00e9n incluy\u00f3  encuentros con los mismos fines, en la provincia de Barahona, y el municipio de Duverg\u00e9, en la provincia Independencia.(HG)<\/span>.<\/p>\n<\/p>\n<h6> 2013-10-07 19:38:13 <\/h6>\n<p><!--\n<link rel=\"stylesheet\" href=\"css\/bootstrap.min.css\">\n\n\n<ul class=\"pagination\">\n\t    \n\t\n\n<li >\n\t<a href='?page_no=14697'>Previous<\/a>\n\t<\/li>\n\n\n       \n    \n\n<li><a href='?page_no=1'>1<\/a><\/li>\n\n\n\n<li><a href='?page_no=2'>2<\/a><\/li>\n\n\n\n<li><a>...<\/a><\/li>\n\n\n\n<li><a href='?page_no=14696'>14696<\/a><\/li>\n\n\n\n<li><a href='?page_no=14697'>14697<\/a><\/li>\n\n\n\n<li class='active'><a>14698<\/a><\/li>\n\n\n\n<li><a href='?page_no=14699'>14699<\/a><\/li>\n\n\n\n<li><a href='?page_no=14700'>14700<\/a><\/li>\n\n\n\n<li><a>...<\/a><\/li>\n\n\n\n<li><a href='?page_no=30472'>30472<\/a><\/li>\n\n\n\n<li><a href='?page_no=30473'>30473<\/a><\/li>\n\n    \n\t\n\n<li >\n\t<a href='?page_no=14699'>Next<\/a>\n\t<\/li>\n\n\n    \n\n<li><a href='?page_no=30473'>Last &rsaquo;&rsaquo;<\/a><\/li>\n\n<\/ul>\n\n\n--><br \/>\n<\/body><\/p>\n","protected":false},"excerpt":{"rendered":"<p>Santo Domingo, RD, 7 de Octubre.- La Direcci\u00f3n General de Cooperaci\u00f3n Multilateral (DIGECOOM) anunci\u00f3 su apoyo a la producci\u00f3n de Uva y a la industria vin\u00edcola de Neyba, provincia Bahoruco, en procura de mejorar la cantidad y calidad del producto, y garantizar a los productores mayor rentabilidad. El ingeniero Antonio Vargas Hern\u00e1ndez, en compa\u00f1\u00eda del [&hellip;]<\/p>\n","protected":false},"author":3,"featured_media":0,"comment_status":"open","ping_status":"open","sticky":false,"template":"","format":"standard","meta":{"footnotes":""},"categories":[18],"tags":[],"class_list":["post-99217","post","type-post","status-publish","format-standard","hentry","category-economia"],"_links":{"self":[{"href":"https:\/\/diariodominicano.com\/index.php?rest_route=\/wp\/v2\/posts\/99217","targetHints":{"allow":["GET"]}}],"collection":[{"href":"https:\/\/diariodominicano.com\/index.php?rest_route=\/wp\/v2\/posts"}],"about":[{"href":"https:\/\/diariodominicano.com\/index.php?rest_route=\/wp\/v2\/types\/post"}],"author":[{"embeddable":true,"href":"https:\/\/diariodominicano.com\/index.php?rest_route=\/wp\/v2\/users\/3"}],"replies":[{"embeddable":true,"href":"https:\/\/diariodominicano.com\/index.php?rest_route=%2Fwp%2Fv2%2Fcomments&post=99217"}],"version-history":[{"count":0,"href":"https:\/\/diariodominicano.com\/index.php?rest_route=\/wp\/v2\/posts\/99217\/revisions"}],"wp:attachment":[{"href":"https:\/\/diariodominicano.com\/index.php?rest_route=%2Fwp%2Fv2%2Fmedia&parent=99217"}],"wp:term":[{"taxonomy":"category","embeddable":true,"href":"https:\/\/diariodominicano.com\/index.php?rest_route=%2Fwp%2Fv2%2Fcategories&post=99217"},{"taxonomy":"post_tag","embeddable":true,"href":"https:\/\/diariodominicano.com\/index.php?rest_route=%2Fwp%2Fv2%2Ftags&post=99217"}],"curies":[{"name":"wp","href":"https:\/\/api.w.org\/{rel}","templated":true}]}}