{"id":99216,"date":"2013-10-07T20:02:59","date_gmt":"2013-10-07T20:02:59","guid":{"rendered":"http:\/\/diariodominicano.ddns.net\/?p=99216"},"modified":"2013-10-07T20:02:59","modified_gmt":"2013-10-07T20:02:59","slug":"eted-instala-autotransformador-subestacion-de-herrera-nueva","status":"publish","type":"post","link":"https:\/\/diariodominicano.com\/?p=99216","title":{"rendered":"ETED instala Autotransformador Subestaci\u00f3n de Herrera Nueva"},"content":{"rendered":"<p><body><\/p>\n<p><span class=\"text1noticias\">Santo Domingo, RD, 7 de octubre.-La Empresa de Transmisi\u00f3n El\u00e9ctrica Dominicana (ETED), puso en servicio  un nuevo Autotransformador de 70 Mega Voltios Ampere (MVA)   a 138\/69 KV en la Subestaci\u00f3n de Herrera Nueva ubicada en la zona Industrial de Herrera. <\/span><\/p>\n<\/p>\n<p><span class=\"text1noticias\">Con la entrada al Sistema El\u00e9ctrico Nacional Interconectado (SENI) de dicho Autotransformador, el cual fue adquirido con recursos propios, la ETED logra eliminar las interrupciones por sobrecargas registradas en el  autotransformador 140 MVA de la Subestaci\u00f3n de Haina y as\u00ed reducir en unos 10 MVA la sobrecargas del autotransformador de la Subestaci\u00f3n Metropolitano.<\/span><\/p>\n<\/p>\n<p><span class=\"text1noticias\">Con la puesta en servicio de dicho autotransformador, ser\u00e1n beneficiados los sectores de Herrera, Residencial Santo Domingo, El Caf\u00e9, Km 12 de la Carretera Sanchez, Haina, entre otros, que se ve\u00edan afectados por las sobrecargas antes mencionadas, las cuales creaban dificultades en el servicio que recib\u00edan.<\/span><\/p>\n<\/p>\n<p><span class=\"text1noticias\">Una vez m\u00e1s, la ETED cumple con su rol de facilitar los medios, para que la transmisi\u00f3n de energ\u00eda en el pa\u00eds sea una realidad, dando cumplimiento a la responsabilidad existente con nuestros usuarios, brindando un servicio con la calidad requerida.(HG)<\/span>. <\/p>\n<h6> 2013-10-07 20:02:59 <\/h6>\n<p><!--\n<link rel=\"stylesheet\" href=\"css\/bootstrap.min.css\">\n\n\n<ul class=\"pagination\">\n\t    \n\t\n\n<li >\n\t<a href='?page_no=14696'>Previous<\/a>\n\t<\/li>\n\n\n       \n    \n\n<li><a href='?page_no=1'>1<\/a><\/li>\n\n\n\n<li><a href='?page_no=2'>2<\/a><\/li>\n\n\n\n<li><a>...<\/a><\/li>\n\n\n\n<li><a href='?page_no=14695'>14695<\/a><\/li>\n\n\n\n<li><a href='?page_no=14696'>14696<\/a><\/li>\n\n\n\n<li class='active'><a>14697<\/a><\/li>\n\n\n\n<li><a href='?page_no=14698'>14698<\/a><\/li>\n\n\n\n<li><a href='?page_no=14699'>14699<\/a><\/li>\n\n\n\n<li><a>...<\/a><\/li>\n\n\n\n<li><a href='?page_no=30472'>30472<\/a><\/li>\n\n\n\n<li><a href='?page_no=30473'>30473<\/a><\/li>\n\n    \n\t\n\n<li >\n\t<a href='?page_no=14698'>Next<\/a>\n\t<\/li>\n\n\n    \n\n<li><a href='?page_no=30473'>Last &rsaquo;&rsaquo;<\/a><\/li>\n\n<\/ul>\n\n\n--><br \/>\n<\/body><\/p>\n","protected":false},"excerpt":{"rendered":"<p>Santo Domingo, RD, 7 de octubre.-La Empresa de Transmisi\u00f3n El\u00e9ctrica Dominicana (ETED), puso en servicio un nuevo Autotransformador de 70 Mega Voltios Ampere (MVA) a 138\/69 KV en la Subestaci\u00f3n de Herrera Nueva ubicada en la zona Industrial de Herrera. Con la entrada al Sistema El\u00e9ctrico Nacional Interconectado (SENI) de dicho Autotransformador, el cual fue [&hellip;]<\/p>\n","protected":false},"author":3,"featured_media":0,"comment_status":"open","ping_status":"open","sticky":false,"template":"","format":"standard","meta":{"footnotes":""},"categories":[18],"tags":[],"class_list":["post-99216","post","type-post","status-publish","format-standard","hentry","category-economia"],"_links":{"self":[{"href":"https:\/\/diariodominicano.com\/index.php?rest_route=\/wp\/v2\/posts\/99216","targetHints":{"allow":["GET"]}}],"collection":[{"href":"https:\/\/diariodominicano.com\/index.php?rest_route=\/wp\/v2\/posts"}],"about":[{"href":"https:\/\/diariodominicano.com\/index.php?rest_route=\/wp\/v2\/types\/post"}],"author":[{"embeddable":true,"href":"https:\/\/diariodominicano.com\/index.php?rest_route=\/wp\/v2\/users\/3"}],"replies":[{"embeddable":true,"href":"https:\/\/diariodominicano.com\/index.php?rest_route=%2Fwp%2Fv2%2Fcomments&post=99216"}],"version-history":[{"count":0,"href":"https:\/\/diariodominicano.com\/index.php?rest_route=\/wp\/v2\/posts\/99216\/revisions"}],"wp:attachment":[{"href":"https:\/\/diariodominicano.com\/index.php?rest_route=%2Fwp%2Fv2%2Fmedia&parent=99216"}],"wp:term":[{"taxonomy":"category","embeddable":true,"href":"https:\/\/diariodominicano.com\/index.php?rest_route=%2Fwp%2Fv2%2Fcategories&post=99216"},{"taxonomy":"post_tag","embeddable":true,"href":"https:\/\/diariodominicano.com\/index.php?rest_route=%2Fwp%2Fv2%2Ftags&post=99216"}],"curies":[{"name":"wp","href":"https:\/\/api.w.org\/{rel}","templated":true}]}}