{"id":99214,"date":"2013-10-08T14:52:39","date_gmt":"2013-10-08T14:52:39","guid":{"rendered":"http:\/\/diariodominicano.ddns.net\/?p=99214"},"modified":"2013-10-08T14:52:39","modified_gmt":"2013-10-08T14:52:39","slug":"ministro-de-la-presidencia-dice-crisis-electrica-se-soluciona-con-energia-barata","status":"publish","type":"post","link":"https:\/\/diariodominicano.com\/?p=99214","title":{"rendered":"Ministro de la Presidencia dice crisis el\u00e9ctrica se soluciona con energ\u00eda barata"},"content":{"rendered":"<p><body><\/p>\n<p><img decoding=\"async\" src=\"img3\/presidencia 8.jpeg\" \/>  <\/p>\n<p>Santo Domingo RD 8 octubre.- El ministro administrativo de la Presidencia, Jos\u00e9 Ram\u00f3n Peralta, afirm\u00f3 que el desaf\u00edo principal que tiene el pa\u00eds para solucionar el problema el\u00e9ctrico es la entrada de generaci\u00f3n de energ\u00eda a bajos costos, por lo que destac\u00f3 la necesidad de ampliar y diversificar la matriz energ\u00e9tica.<\/p>\n<\/p>\n<p>El funcionario apunt\u00f3 que es tan grande la carga financiera del sector el\u00e9ctrico que en el presupuesto de 2014 costar\u00e1 RD$53,000 millones al Estado. \u00abEl pueblo dominicano ha pagado un alto costo de miles de millones de d\u00f3lares sin haber resuelto este problema\u00bb, sostuvo.<\/p>\n<\/p>\n<p>Peralta estim\u00f3 que quiz\u00e1s no habr\u00e1 una soluci\u00f3n definitiva del problema energ\u00e9tico dominicano en este gobierno, pero asegur\u00f3 que la administraci\u00f3n tendr\u00e1 la satisfacci\u00f3n de dejarlo bien avanzado, con lo cual no ser\u00e1 una carga de m\u00e1s de RD$50,000 millones a\u00f1o tras a\u00f1o para los gobiernos.<\/p>\n<\/p>\n<p>El ministro administrativo de la Presidencia destac\u00f3 que se ha ido avanzando en el pacto el\u00e9ctrico, pero se\u00f1al\u00f3 que primero habr\u00e1 que avanzar con el pacto por la educaci\u00f3n. Lament\u00f3 que Rep\u00fablica Dominicana no tenga resuelto ninguno de sus problemas fundamentales, aunque destac\u00f3 el avance en algunos segmentos. Estim\u00f3 que las plantas a carb\u00f3n entrar\u00e1n al sistema, posiblemente, a mediados o finales de 2016.<\/p>\n<\/p>\n<p>Expres\u00f3 su preocupaci\u00f3n por la crisis que afecta al sector el\u00e9ctrico y destac\u00f3 las medidas que se han tomado en busca de una soluci\u00f3n. Expres\u00f3 su satisfacci\u00f3n por la entrada de dos nuevas plantas al sistema el\u00e9ctrico, las dos a carb\u00f3n que se construir\u00e1n y las que el Estado har\u00e1 junto con Haina.<\/p>\n<\/p>\n<p>El funcionario se\u00f1al\u00f3 que el gobierno realiza importantes inversiones en distribuci\u00f3n y transmisi\u00f3n de electricidad con miras a mejorar las cobranzas, pues para nadie es un secreto que parte de las p\u00e9rdidas son t\u00e9cnicas. Asegur\u00f3 que alrededor de 2,000 megavatios entrar\u00e1n nuevos al sistema en este per\u00edodo, que es casi duplicar lo que tiene el parque actual.<\/p>\n<\/p>\n<p>Respecto a la preferencia del carb\u00f3n ante otras tecnolog\u00edas para generar electricidad, el funcionario apunt\u00f3 que es el combustible m\u00e1s econ\u00f3mico, aunque su instalaci\u00f3n es m\u00e1s costosa.<\/p>\n<\/p>\n<p>\u00abHay gente que habla del problema ambiental. Ya estas plantas se construyen con unos requisitos y est\u00e1ndares internacionales que no ponen en peligro el medio ambiente. Al contrario, muchas de las que tenemos a fuel oil son m\u00e1s invasivas\u00bb, apunt\u00f3.<\/p>\n<\/p>\n<p>A su entender, los consumidores dominicanos ni los sectores productivos pueden pagar una tarifa el\u00e9ctrica m\u00e1s alta de lo que est\u00e1, por lo que entiende que el reto del gobierno es hacer que las empresas el\u00e9ctricas sean eficientes.<\/p>\n<\/p>\n<p>El funcionario consider\u00f3 que hay muchos peque\u00f1os empresarios no se formalizan por el temor que le tienen a los altos costos, entre ellos a la tarifa el\u00e9ctrica. Apunt\u00f3 que algunos prefieren mantener sus negocios en la informalidad y pegarse de manera ilegal de un cable de electricidad para trabajar.<\/p>\n<p><strong> <\/strong><\/p>\n<p><strong>\u00bfQui\u00e9n debe hacerlas?<\/strong><\/p>\n<p>La afirmaci\u00f3n de Peralta sobre la necesidad de introducir energ\u00eda barata al sistema se produce en medio de la disyuntiva de qui\u00e9n deber\u00eda construir las plantas, puesto que el sector privado apuesta a que el gobierno s\u00f3lo sea el facilitador del sector y no participe como agente del mercado.<\/p>\n<\/p>\n<p>La diversificaci\u00f3n de la matriz energ\u00e9tica forma parte de los planes que ejecutan las autoridades del sector el\u00e9ctrico. millones de pesos<\/p>\n<\/p>\n<p>Para el pr\u00f3ximo a\u00f1o hay presupuestados RD$53,000 millones para cubrir el subsidio que cada a\u00f1o otorga el gobierno al sector privado a trav\u00e9s de las distribuidoras, las cuales cubren el faltante de la factura de energ\u00eda.<\/p>\n<\/p>\n<p>Jos\u00e9 Ram\u00f3n Peralta afirm\u00f3 que en el servicio de la deuda (amortizaci\u00f3n e intereses) se pagar\u00e1n RD$173,000 millones en 2014, lo cual es una realidad que debe enfrentar el gobierno por las limitaciones que crea para atender los sectores de la econom\u00eda. Record\u00f3 que el a\u00f1o pasado, por este mismo concepto, fueron destinados RD$146,000 millones. \u00abComo dice el Presidente: estamos haciendo magia para atender a las necesidades productivas y cumplir con los compromisos\u00bb, dijo.<\/p>\n<h6> 2013-10-08 14:52:39 <\/h6>\n<p><!--\n<link rel=\"stylesheet\" href=\"css\/bootstrap.min.css\">\n\n\n<ul class=\"pagination\">\n\t    \n\t\n\n<li >\n\t<a href='?page_no=14694'>Previous<\/a>\n\t<\/li>\n\n\n       \n    \n\n<li><a href='?page_no=1'>1<\/a><\/li>\n\n\n\n<li><a href='?page_no=2'>2<\/a><\/li>\n\n\n\n<li><a>...<\/a><\/li>\n\n\n\n<li><a href='?page_no=14693'>14693<\/a><\/li>\n\n\n\n<li><a href='?page_no=14694'>14694<\/a><\/li>\n\n\n\n<li class='active'><a>14695<\/a><\/li>\n\n\n\n<li><a href='?page_no=14696'>14696<\/a><\/li>\n\n\n\n<li><a href='?page_no=14697'>14697<\/a><\/li>\n\n\n\n<li><a>...<\/a><\/li>\n\n\n\n<li><a href='?page_no=30472'>30472<\/a><\/li>\n\n\n\n<li><a href='?page_no=30473'>30473<\/a><\/li>\n\n    \n\t\n\n<li >\n\t<a href='?page_no=14696'>Next<\/a>\n\t<\/li>\n\n\n    \n\n<li><a href='?page_no=30473'>Last &rsaquo;&rsaquo;<\/a><\/li>\n\n<\/ul>\n\n\n--><br \/>\n<\/body><\/p>\n","protected":false},"excerpt":{"rendered":"<p>Santo Domingo RD 8 octubre.- El ministro administrativo de la Presidencia, Jos\u00e9 Ram\u00f3n Peralta, afirm\u00f3 que el desaf\u00edo principal que tiene el pa\u00eds para solucionar el problema el\u00e9ctrico es la entrada de generaci\u00f3n de energ\u00eda a bajos costos, por lo que destac\u00f3 la necesidad de ampliar y diversificar la matriz energ\u00e9tica. El funcionario apunt\u00f3 que [&hellip;]<\/p>\n","protected":false},"author":3,"featured_media":0,"comment_status":"open","ping_status":"open","sticky":false,"template":"","format":"standard","meta":{"footnotes":""},"categories":[18],"tags":[],"class_list":["post-99214","post","type-post","status-publish","format-standard","hentry","category-economia"],"_links":{"self":[{"href":"https:\/\/diariodominicano.com\/index.php?rest_route=\/wp\/v2\/posts\/99214","targetHints":{"allow":["GET"]}}],"collection":[{"href":"https:\/\/diariodominicano.com\/index.php?rest_route=\/wp\/v2\/posts"}],"about":[{"href":"https:\/\/diariodominicano.com\/index.php?rest_route=\/wp\/v2\/types\/post"}],"author":[{"embeddable":true,"href":"https:\/\/diariodominicano.com\/index.php?rest_route=\/wp\/v2\/users\/3"}],"replies":[{"embeddable":true,"href":"https:\/\/diariodominicano.com\/index.php?rest_route=%2Fwp%2Fv2%2Fcomments&post=99214"}],"version-history":[{"count":0,"href":"https:\/\/diariodominicano.com\/index.php?rest_route=\/wp\/v2\/posts\/99214\/revisions"}],"wp:attachment":[{"href":"https:\/\/diariodominicano.com\/index.php?rest_route=%2Fwp%2Fv2%2Fmedia&parent=99214"}],"wp:term":[{"taxonomy":"category","embeddable":true,"href":"https:\/\/diariodominicano.com\/index.php?rest_route=%2Fwp%2Fv2%2Fcategories&post=99214"},{"taxonomy":"post_tag","embeddable":true,"href":"https:\/\/diariodominicano.com\/index.php?rest_route=%2Fwp%2Fv2%2Ftags&post=99214"}],"curies":[{"name":"wp","href":"https:\/\/api.w.org\/{rel}","templated":true}]}}