{"id":99213,"date":"2013-10-08T15:45:08","date_gmt":"2013-10-08T15:45:08","guid":{"rendered":"http:\/\/diariodominicano.ddns.net\/?p=99213"},"modified":"2013-10-08T15:45:08","modified_gmt":"2013-10-08T15:45:08","slug":"pequenos-fabricantes-de-butacas-dicen-colegios-muestran-mayor-nacionalismo-que-el-ministerio-de-educacion","status":"publish","type":"post","link":"https:\/\/diariodominicano.com\/?p=99213","title":{"rendered":"Peque\u00f1os fabricantes de butacas, dicen colegios muestran mayor nacionalismo que el Ministerio de Educaci\u00f3n"},"content":{"rendered":"<p><body><\/p>\n<p>Santo Domingo RD 8 octubre.- El presidente de la  Asociaci\u00f3n Dominicana de Micros y Peque\u00f1os Fabricantes de Muebles Escolares, Vicente Juli\u00e1n King, lament\u00f3 que los empresarios del sector privado en el \u00e1rea educativa muestren m\u00e1s nacionalismo que el gobierno, ya que compran las butacas que requieren en el mercado local.<\/p>\n<\/p>\n<p>\u00abResulta penoso admitirlo, pero los due\u00f1os de colegios son m\u00e1s nacionalista que el gobierno, ya sus compras de mobiliario las realizan entre los fabricantes del pa\u00eds\u00bb, subray\u00f3 el dirigente de los peque\u00f1os industriales del mueble.<\/p>\n<\/p>\n<p>Vicente Juli\u00e1n King advirti\u00f3 que las trabas impuestas por determinados funcionarios al proceso de licitaci\u00f3n que hab\u00eda implementado el propio Ministerio de Educaci\u00f3n para la compra de 217 mil butacas, modelos Intec II e Intec III, conllevar\u00e1 la importaci\u00f3n de esos equipos, y por consiguiente, el gasto de divisas.<\/p>\n<\/p>\n<p>Entrevistado en el programa radial Acci\u00f3n Matinal, por Supra 101.7, King censur\u00f3 que sectores del gobierno contradigan las directrices del presidente Danilo Medina de impulsar la producci\u00f3n nacional, en particular las microempresas, mediante los procesos de compras del Estado.<\/p>\n<\/p>\n<p>Revel\u00f3 que al participar en las licitaciones para suplir bienes al Estado deben solventar una garant\u00eda que en la mayor\u00eda de las ocasiones se vence antes de que puedan concretar la venta, por lo que tienen que volver a pagar.<\/p>\n<h6> 2013-10-08 15:45:08 <\/h6>\n<p><!--\n<link rel=\"stylesheet\" href=\"css\/bootstrap.min.css\">\n\n\n<ul class=\"pagination\">\n\t    \n\t\n\n<li >\n\t<a href='?page_no=14693'>Previous<\/a>\n\t<\/li>\n\n\n       \n    \n\n<li><a href='?page_no=1'>1<\/a><\/li>\n\n\n\n<li><a href='?page_no=2'>2<\/a><\/li>\n\n\n\n<li><a>...<\/a><\/li>\n\n\n\n<li><a href='?page_no=14692'>14692<\/a><\/li>\n\n\n\n<li><a href='?page_no=14693'>14693<\/a><\/li>\n\n\n\n<li class='active'><a>14694<\/a><\/li>\n\n\n\n<li><a href='?page_no=14695'>14695<\/a><\/li>\n\n\n\n<li><a href='?page_no=14696'>14696<\/a><\/li>\n\n\n\n<li><a>...<\/a><\/li>\n\n\n\n<li><a href='?page_no=30472'>30472<\/a><\/li>\n\n\n\n<li><a href='?page_no=30473'>30473<\/a><\/li>\n\n    \n\t\n\n<li >\n\t<a href='?page_no=14695'>Next<\/a>\n\t<\/li>\n\n\n    \n\n<li><a href='?page_no=30473'>Last &rsaquo;&rsaquo;<\/a><\/li>\n\n<\/ul>\n\n\n--><br \/>\n<\/body><\/p>\n","protected":false},"excerpt":{"rendered":"<p>Santo Domingo RD 8 octubre.- El presidente de la Asociaci\u00f3n Dominicana de Micros y Peque\u00f1os Fabricantes de Muebles Escolares, Vicente Juli\u00e1n King, lament\u00f3 que los empresarios del sector privado en el \u00e1rea educativa muestren m\u00e1s nacionalismo que el gobierno, ya que compran las butacas que requieren en el mercado local. \u00abResulta penoso admitirlo, pero los [&hellip;]<\/p>\n","protected":false},"author":3,"featured_media":0,"comment_status":"open","ping_status":"open","sticky":false,"template":"","format":"standard","meta":{"footnotes":""},"categories":[18],"tags":[],"class_list":["post-99213","post","type-post","status-publish","format-standard","hentry","category-economia"],"_links":{"self":[{"href":"https:\/\/diariodominicano.com\/index.php?rest_route=\/wp\/v2\/posts\/99213","targetHints":{"allow":["GET"]}}],"collection":[{"href":"https:\/\/diariodominicano.com\/index.php?rest_route=\/wp\/v2\/posts"}],"about":[{"href":"https:\/\/diariodominicano.com\/index.php?rest_route=\/wp\/v2\/types\/post"}],"author":[{"embeddable":true,"href":"https:\/\/diariodominicano.com\/index.php?rest_route=\/wp\/v2\/users\/3"}],"replies":[{"embeddable":true,"href":"https:\/\/diariodominicano.com\/index.php?rest_route=%2Fwp%2Fv2%2Fcomments&post=99213"}],"version-history":[{"count":0,"href":"https:\/\/diariodominicano.com\/index.php?rest_route=\/wp\/v2\/posts\/99213\/revisions"}],"wp:attachment":[{"href":"https:\/\/diariodominicano.com\/index.php?rest_route=%2Fwp%2Fv2%2Fmedia&parent=99213"}],"wp:term":[{"taxonomy":"category","embeddable":true,"href":"https:\/\/diariodominicano.com\/index.php?rest_route=%2Fwp%2Fv2%2Fcategories&post=99213"},{"taxonomy":"post_tag","embeddable":true,"href":"https:\/\/diariodominicano.com\/index.php?rest_route=%2Fwp%2Fv2%2Ftags&post=99213"}],"curies":[{"name":"wp","href":"https:\/\/api.w.org\/{rel}","templated":true}]}}