{"id":99212,"date":"2013-10-08T15:52:11","date_gmt":"2013-10-08T15:52:11","guid":{"rendered":"http:\/\/diariodominicano.ddns.net\/?p=99212"},"modified":"2013-10-08T15:52:11","modified_gmt":"2013-10-08T15:52:11","slug":"empresarios-haiti-y-rd-acuerdan-foro-para-abordar-temas-de-comercio-e-inversion","status":"publish","type":"post","link":"https:\/\/diariodominicano.com\/?p=99212","title":{"rendered":"Empresarios Hait\u00ed y RD acuerdan foro para abordar temas de comercio e inversi\u00f3n"},"content":{"rendered":"<p><body><\/p>\n<p><img decoding=\"async\" src=\"img3\/foro 8.php.html\" \/>  <\/p>\n<p>Santo Domingo RD 8 octubre.- Empresarios haitianos y dominicanos se reunieron en Puerto Principe y acordaron establecer una cumbre bilateral permanente para abordar temas de comercio e inversi\u00f3n.<\/p>\n<\/p>\n<p>Anunciaron que se volver\u00e1n a reunir en noviembre, en Rep\u00fablica Dominicana, con el fin de dar seguimiento a los acuerdos alcanzados en Miami y Port-au-Prince.<\/p>\n<\/p>\n<p>Tambi\u00e9n acordaron, en lo adelante, llamar a sus reuniones Cumbre Empresarial Permanente KisKeya \/Quisqueya.<\/p>\n<p>El encuentro sirvi\u00f3 tambi\u00e9n para poner en marcha un estudio de factibilidad de los flujos comerciales en la frontera y la identificaci\u00f3n y b\u00fasqueda de soluciones a los obst\u00e1culos que impiden la reciprocidad comercial.<\/p>\n<\/p>\n<p>La reuni\u00f3n fue auspiciada por el Grupo de Trabajo sobre Haiti, de la Universidad Internacional de la Florida (FIU), y cont\u00f3 con el apoyo de los gobiernos de Hait\u00ed y la Rep\u00fablica Dominicana.<\/p>\n<p>La primera reuni\u00f3n tuvo lugar el 27 de agosto de este a\u00f1o, en el campus de la FIU.<\/p>\n<\/p>\n<p><strong>Observadores<\/strong><\/p>\n<\/p>\n<p>La reuni\u00f3n fue observada por representantes de instituciones financieras internacionales como el Banco Interamericano de Desarrollo, la Corporaci\u00f3n Financiera Internacional del Banco Mundial, la Uni\u00f3n Europea y de otros donantes bilaterales.<\/p>\n<p>Durante el encuentro se dio seguimiento a los acuerdos alcanzados en la reuni\u00f3n inaugural de Miami que incluyeron entre otros, la puesta en marcha de un estudio de factibilidad de los flujos comerciales en la frontera dom\u00ednico-haitiana y la identificaci\u00f3n y b\u00fasqueda de soluciones a los obst\u00e1culos que impiden la reciprocidad comercial.<\/p>\n<\/p>\n<p>Los l\u00edderes empresariales de ambos pa\u00edses acordaron que el foro es un mecanismo ideal para la discusi\u00f3n abierta y franca de temas comerciales y no comerciales que afectan el ambiente de negocios entre ambos pa\u00edses.<\/p>\n<\/p>\n<h6> 2013-10-08 15:52:11 <\/h6>\n<p><!--\n<link rel=\"stylesheet\" href=\"css\/bootstrap.min.css\">\n\n\n<ul class=\"pagination\">\n\t    \n\t\n\n<li >\n\t<a href='?page_no=14692'>Previous<\/a>\n\t<\/li>\n\n\n       \n    \n\n<li><a href='?page_no=1'>1<\/a><\/li>\n\n\n\n<li><a href='?page_no=2'>2<\/a><\/li>\n\n\n\n<li><a>...<\/a><\/li>\n\n\n\n<li><a href='?page_no=14691'>14691<\/a><\/li>\n\n\n\n<li><a href='?page_no=14692'>14692<\/a><\/li>\n\n\n\n<li class='active'><a>14693<\/a><\/li>\n\n\n\n<li><a href='?page_no=14694'>14694<\/a><\/li>\n\n\n\n<li><a href='?page_no=14695'>14695<\/a><\/li>\n\n\n\n<li><a>...<\/a><\/li>\n\n\n\n<li><a href='?page_no=30472'>30472<\/a><\/li>\n\n\n\n<li><a href='?page_no=30473'>30473<\/a><\/li>\n\n    \n\t\n\n<li >\n\t<a href='?page_no=14694'>Next<\/a>\n\t<\/li>\n\n\n    \n\n<li><a href='?page_no=30473'>Last &rsaquo;&rsaquo;<\/a><\/li>\n\n<\/ul>\n\n\n--><br \/>\n<\/body><\/p>\n","protected":false},"excerpt":{"rendered":"<p>Santo Domingo RD 8 octubre.- Empresarios haitianos y dominicanos se reunieron en Puerto Principe y acordaron establecer una cumbre bilateral permanente para abordar temas de comercio e inversi\u00f3n. Anunciaron que se volver\u00e1n a reunir en noviembre, en Rep\u00fablica Dominicana, con el fin de dar seguimiento a los acuerdos alcanzados en Miami y Port-au-Prince. Tambi\u00e9n acordaron, [&hellip;]<\/p>\n","protected":false},"author":3,"featured_media":0,"comment_status":"open","ping_status":"open","sticky":false,"template":"","format":"standard","meta":{"footnotes":""},"categories":[18],"tags":[],"class_list":["post-99212","post","type-post","status-publish","format-standard","hentry","category-economia"],"_links":{"self":[{"href":"https:\/\/diariodominicano.com\/index.php?rest_route=\/wp\/v2\/posts\/99212","targetHints":{"allow":["GET"]}}],"collection":[{"href":"https:\/\/diariodominicano.com\/index.php?rest_route=\/wp\/v2\/posts"}],"about":[{"href":"https:\/\/diariodominicano.com\/index.php?rest_route=\/wp\/v2\/types\/post"}],"author":[{"embeddable":true,"href":"https:\/\/diariodominicano.com\/index.php?rest_route=\/wp\/v2\/users\/3"}],"replies":[{"embeddable":true,"href":"https:\/\/diariodominicano.com\/index.php?rest_route=%2Fwp%2Fv2%2Fcomments&post=99212"}],"version-history":[{"count":0,"href":"https:\/\/diariodominicano.com\/index.php?rest_route=\/wp\/v2\/posts\/99212\/revisions"}],"wp:attachment":[{"href":"https:\/\/diariodominicano.com\/index.php?rest_route=%2Fwp%2Fv2%2Fmedia&parent=99212"}],"wp:term":[{"taxonomy":"category","embeddable":true,"href":"https:\/\/diariodominicano.com\/index.php?rest_route=%2Fwp%2Fv2%2Fcategories&post=99212"},{"taxonomy":"post_tag","embeddable":true,"href":"https:\/\/diariodominicano.com\/index.php?rest_route=%2Fwp%2Fv2%2Ftags&post=99212"}],"curies":[{"name":"wp","href":"https:\/\/api.w.org\/{rel}","templated":true}]}}